{"id":7652,"date":"2024-12-18T00:10:24","date_gmt":"2024-12-17T23:10:24","guid":{"rendered":"https:\/\/agora.xtec.cat\/ceipalfonsi\/?p=7652"},"modified":"2024-12-18T00:12:52","modified_gmt":"2024-12-17T23:12:52","slug":"concerts-de-nadal-24-%f0%9f%8e%84","status":"publish","type":"post","link":"https:\/\/agora.xtec.cat\/ceipalfonsi\/general\/concerts-de-nadal-24-%f0%9f%8e%84\/","title":{"rendered":"Concerts de Nadal &#8217;24 \ud83c\udf84"},"content":{"rendered":"<p>Benvolgudes fam\u00edlies,<\/p>\n<p><img loading=\"lazy\" decoding=\"async\" class=\"alignleft\" src=\"https:\/\/encrypted-tbn0.gstatic.com\/images?q=tbn:ANd9GcQZjIyyQUA0pNci8LnyzatvxY4RgM0nInXnKw&amp;s\" alt=\"Ajuntament de Faura\" width=\"55\" height=\"69\" \/>Aqu\u00ed teniu el recull del festival de Nadal que s&#8217;han dut a terme aquests dies a l&#8217;escola.<\/p>\n<p>Els a<span style=\"font-family: inherit; font-size: 1em;\">lumnes d\u2019Educaci\u00f3 Infantil ens van recitar els seus poemes i can\u00e7ons i van acabar amb una can\u00e7\u00f3 conjunta. Els alumnes de prim\u00e0ria van obsequiar-nos amb unes can\u00e7ons tradicionals de Nadal amb diferents idiomes.<\/span><\/p>\n<p><strong>Recordeu que segons la normativa vigent l\u2019escola Alfons I declina qualsevol responsabilitat d\u2019un mal \u00fas de les imatges que us pugueu descarregar. S\u00f3n per \u00fas privat i de cap manera es poden publicar a les xarxes socials.<\/strong><\/p>\n<p>Per tal de veure els videos no dubteu en accedir a l\u2019enlla\u00e7 que trobareu clicant a sobre de la seg\u00fcent fotografia de cada curs, (recordeu que nom\u00e9s resulten accessibles per l\u2019alumnat concret de cada curs i cal fer-ho amb l\u2019usuari de centre que t\u00e9 cada alumne\/a <strong>nomiprimercognom@escolaalfonsi.cat<\/strong>).<\/p>\n<p>Esperem que us agradi i aprofitem per desitjar-vos <em><strong>BONES FESTES!!! \u00a0<a href=\"https:\/\/agora.xtec.cat\/ceipalfonsi\/wp-content\/uploads\/usu1033\/2024\/12\/Sin-titulo.jpg\"><img loading=\"lazy\" decoding=\"async\" class=\"wp-image-7656 alignnone\" src=\"https:\/\/agora.xtec.cat\/ceipalfonsi\/wp-content\/uploads\/usu1033\/2024\/12\/Sin-titulo.jpg\" alt=\"\" width=\"123\" height=\"34\" srcset=\"https:\/\/agora.xtec.cat\/ceipalfonsi\/wp-content\/uploads\/usu1033\/2024\/12\/Sin-titulo.jpg 624w, https:\/\/agora.xtec.cat\/ceipalfonsi\/wp-content\/uploads\/usu1033\/2024\/12\/Sin-titulo-300x83.jpg 300w\" sizes=\"auto, (max-width: 123px) 100vw, 123px\" \/><\/a><\/strong><\/em><\/p>\n<p>&nbsp;<\/p>\n<table style=\"border-collapse: collapse; width: 100%;\">\n<tbody>\n<tr>\n<td style=\"width: 33.3333%;\"><a href=\"https:\/\/drive.google.com\/drive\/folders\/1FxIPq2chB0fvjmA-l2RTSTH8qGEykIDZ?usp=sharing\"><img loading=\"lazy\" decoding=\"async\" class=\"alignnone size-large wp-image-7662\" src=\"https:\/\/agora.xtec.cat\/ceipalfonsi\/wp-content\/uploads\/usu1033\/2024\/12\/I3-NADAL-724x1024.jpg\" alt=\"\" width=\"724\" height=\"1024\" srcset=\"https:\/\/agora.xtec.cat\/ceipalfonsi\/wp-content\/uploads\/usu1033\/2024\/12\/I3-NADAL-724x1024.jpg 724w, https:\/\/agora.xtec.cat\/ceipalfonsi\/wp-content\/uploads\/usu1033\/2024\/12\/I3-NADAL-212x300.jpg 212w, https:\/\/agora.xtec.cat\/ceipalfonsi\/wp-content\/uploads\/usu1033\/2024\/12\/I3-NADAL-768x1086.jpg 768w, https:\/\/agora.xtec.cat\/ceipalfonsi\/wp-content\/uploads\/usu1033\/2024\/12\/I3-NADAL-1086x1536.jpg 1086w, https:\/\/agora.xtec.cat\/ceipalfonsi\/wp-content\/uploads\/usu1033\/2024\/12\/I3-NADAL.jpg 1414w\" sizes=\"auto, (max-width: 724px) 100vw, 724px\" \/><\/a><\/td>\n<td style=\"width: 33.3333%;\"><a href=\"https:\/\/drive.google.com\/drive\/folders\/1TXJen2kkk1c7Unq9X1rh-o-IqlUZCDmU?usp=sharing\"><img loading=\"lazy\" decoding=\"async\" class=\"alignnone size-large wp-image-7663\" src=\"https:\/\/agora.xtec.cat\/ceipalfonsi\/wp-content\/uploads\/usu1033\/2024\/12\/I3-NADAL-1-724x1024.jpg\" alt=\"\" width=\"724\" height=\"1024\" srcset=\"https:\/\/agora.xtec.cat\/ceipalfonsi\/wp-content\/uploads\/usu1033\/2024\/12\/I3-NADAL-1-724x1024.jpg 724w, https:\/\/agora.xtec.cat\/ceipalfonsi\/wp-content\/uploads\/usu1033\/2024\/12\/I3-NADAL-1-212x300.jpg 212w, https:\/\/agora.xtec.cat\/ceipalfonsi\/wp-content\/uploads\/usu1033\/2024\/12\/I3-NADAL-1-768x1086.jpg 768w, https:\/\/agora.xtec.cat\/ceipalfonsi\/wp-content\/uploads\/usu1033\/2024\/12\/I3-NADAL-1-1086x1536.jpg 1086w, https:\/\/agora.xtec.cat\/ceipalfonsi\/wp-content\/uploads\/usu1033\/2024\/12\/I3-NADAL-1.jpg 1414w\" sizes=\"auto, (max-width: 724px) 100vw, 724px\" \/><\/a><\/td>\n<td style=\"width: 33.3333%;\"><a href=\"https:\/\/drive.google.com\/drive\/folders\/1f1Q_-QTMFHTPHYmi_4LFWlrwuSYnTVLw?usp=sharing\"><img loading=\"lazy\" decoding=\"async\" class=\"alignnone size-large wp-image-7664\" src=\"https:\/\/agora.xtec.cat\/ceipalfonsi\/wp-content\/uploads\/usu1033\/2024\/12\/I3-NADAL-2-724x1024.jpg\" alt=\"\" width=\"724\" height=\"1024\" srcset=\"https:\/\/agora.xtec.cat\/ceipalfonsi\/wp-content\/uploads\/usu1033\/2024\/12\/I3-NADAL-2-724x1024.jpg 724w, https:\/\/agora.xtec.cat\/ceipalfonsi\/wp-content\/uploads\/usu1033\/2024\/12\/I3-NADAL-2-212x300.jpg 212w, https:\/\/agora.xtec.cat\/ceipalfonsi\/wp-content\/uploads\/usu1033\/2024\/12\/I3-NADAL-2-768x1086.jpg 768w, https:\/\/agora.xtec.cat\/ceipalfonsi\/wp-content\/uploads\/usu1033\/2024\/12\/I3-NADAL-2-1086x1536.jpg 1086w, https:\/\/agora.xtec.cat\/ceipalfonsi\/wp-content\/uploads\/usu1033\/2024\/12\/I3-NADAL-2.jpg 1414w\" sizes=\"auto, (max-width: 724px) 100vw, 724px\" \/><\/a><\/td>\n<\/tr>\n<tr>\n<td style=\"width: 33.3333%;\"><a href=\"https:\/\/drive.google.com\/drive\/folders\/1sdh7Xuyza6fpIVH6YQTrUr-NckQJfKQk?usp=sharing\"><img loading=\"lazy\" decoding=\"async\" class=\"alignnone size-large wp-image-7665\" src=\"https:\/\/agora.xtec.cat\/ceipalfonsi\/wp-content\/uploads\/usu1033\/2024\/12\/I3-NADAL-3-724x1024.jpg\" alt=\"\" width=\"724\" height=\"1024\" srcset=\"https:\/\/agora.xtec.cat\/ceipalfonsi\/wp-content\/uploads\/usu1033\/2024\/12\/I3-NADAL-3-724x1024.jpg 724w, https:\/\/agora.xtec.cat\/ceipalfonsi\/wp-content\/uploads\/usu1033\/2024\/12\/I3-NADAL-3-212x300.jpg 212w, https:\/\/agora.xtec.cat\/ceipalfonsi\/wp-content\/uploads\/usu1033\/2024\/12\/I3-NADAL-3-768x1086.jpg 768w, https:\/\/agora.xtec.cat\/ceipalfonsi\/wp-content\/uploads\/usu1033\/2024\/12\/I3-NADAL-3-1086x1536.jpg 1086w, https:\/\/agora.xtec.cat\/ceipalfonsi\/wp-content\/uploads\/usu1033\/2024\/12\/I3-NADAL-3.jpg 1414w\" sizes=\"auto, (max-width: 724px) 100vw, 724px\" \/><\/a><\/td>\n<td style=\"width: 33.3333%;\"><a href=\"https:\/\/drive.google.com\/drive\/folders\/1qKE1-EkGKAPt60Y80_1tiNfQJP_LfM2l?usp=sharing\"><img loading=\"lazy\" decoding=\"async\" class=\"alignnone size-large wp-image-7666\" src=\"https:\/\/agora.xtec.cat\/ceipalfonsi\/wp-content\/uploads\/usu1033\/2024\/12\/I3-NADAL-4-724x1024.jpg\" alt=\"\" width=\"724\" height=\"1024\" srcset=\"https:\/\/agora.xtec.cat\/ceipalfonsi\/wp-content\/uploads\/usu1033\/2024\/12\/I3-NADAL-4-724x1024.jpg 724w, https:\/\/agora.xtec.cat\/ceipalfonsi\/wp-content\/uploads\/usu1033\/2024\/12\/I3-NADAL-4-212x300.jpg 212w, https:\/\/agora.xtec.cat\/ceipalfonsi\/wp-content\/uploads\/usu1033\/2024\/12\/I3-NADAL-4-768x1086.jpg 768w, https:\/\/agora.xtec.cat\/ceipalfonsi\/wp-content\/uploads\/usu1033\/2024\/12\/I3-NADAL-4-1086x1536.jpg 1086w, https:\/\/agora.xtec.cat\/ceipalfonsi\/wp-content\/uploads\/usu1033\/2024\/12\/I3-NADAL-4.jpg 1414w\" sizes=\"auto, (max-width: 724px) 100vw, 724px\" \/><\/a><\/td>\n<td style=\"width: 33.3333%;\"><a href=\"https:\/\/drive.google.com\/drive\/folders\/1Op3QEkAKYk4E3swylTd52wSNFaK2to9w?usp=sharing\"><img loading=\"lazy\" decoding=\"async\" class=\"alignnone size-large wp-image-7668\" src=\"https:\/\/agora.xtec.cat\/ceipalfonsi\/wp-content\/uploads\/usu1033\/2024\/12\/I3-NADAL-5-724x1024.jpg\" alt=\"\" width=\"724\" height=\"1024\" srcset=\"https:\/\/agora.xtec.cat\/ceipalfonsi\/wp-content\/uploads\/usu1033\/2024\/12\/I3-NADAL-5-724x1024.jpg 724w, https:\/\/agora.xtec.cat\/ceipalfonsi\/wp-content\/uploads\/usu1033\/2024\/12\/I3-NADAL-5-212x300.jpg 212w, https:\/\/agora.xtec.cat\/ceipalfonsi\/wp-content\/uploads\/usu1033\/2024\/12\/I3-NADAL-5-768x1086.jpg 768w, https:\/\/agora.xtec.cat\/ceipalfonsi\/wp-content\/uploads\/usu1033\/2024\/12\/I3-NADAL-5-1086x1536.jpg 1086w, https:\/\/agora.xtec.cat\/ceipalfonsi\/wp-content\/uploads\/usu1033\/2024\/12\/I3-NADAL-5.jpg 1414w\" sizes=\"auto, (max-width: 724px) 100vw, 724px\" \/><\/a><\/td>\n<\/tr>\n<tr>\n<td style=\"width: 33.3333%;\"><a href=\"https:\/\/drive.google.com\/drive\/folders\/1uNa_xLNM-WFkI08UvtNqpJAqjAb8iPgd?usp=sharing\"><img loading=\"lazy\" decoding=\"async\" class=\"alignnone size-large wp-image-7673\" src=\"https:\/\/agora.xtec.cat\/ceipalfonsi\/wp-content\/uploads\/usu1033\/2024\/12\/I3-NADAL-9-724x1024.jpg\" alt=\"\" width=\"724\" height=\"1024\" srcset=\"https:\/\/agora.xtec.cat\/ceipalfonsi\/wp-content\/uploads\/usu1033\/2024\/12\/I3-NADAL-9-724x1024.jpg 724w, https:\/\/agora.xtec.cat\/ceipalfonsi\/wp-content\/uploads\/usu1033\/2024\/12\/I3-NADAL-9-212x300.jpg 212w, https:\/\/agora.xtec.cat\/ceipalfonsi\/wp-content\/uploads\/usu1033\/2024\/12\/I3-NADAL-9-768x1086.jpg 768w, https:\/\/agora.xtec.cat\/ceipalfonsi\/wp-content\/uploads\/usu1033\/2024\/12\/I3-NADAL-9-1086x1536.jpg 1086w, https:\/\/agora.xtec.cat\/ceipalfonsi\/wp-content\/uploads\/usu1033\/2024\/12\/I3-NADAL-9.jpg 1414w\" sizes=\"auto, (max-width: 724px) 100vw, 724px\" \/><\/a><\/td>\n<td style=\"width: 33.3333%;\"><a href=\"https:\/\/drive.google.com\/drive\/folders\/1isjhz-5xSmxkIjafndrljZSOkwTERDmt?usp=sharing\"><img loading=\"lazy\" decoding=\"async\" class=\"alignnone size-large wp-image-7670\" src=\"https:\/\/agora.xtec.cat\/ceipalfonsi\/wp-content\/uploads\/usu1033\/2024\/12\/I3-NADAL-7-724x1024.jpg\" alt=\"\" width=\"724\" height=\"1024\" srcset=\"https:\/\/agora.xtec.cat\/ceipalfonsi\/wp-content\/uploads\/usu1033\/2024\/12\/I3-NADAL-7-724x1024.jpg 724w, https:\/\/agora.xtec.cat\/ceipalfonsi\/wp-content\/uploads\/usu1033\/2024\/12\/I3-NADAL-7-212x300.jpg 212w, https:\/\/agora.xtec.cat\/ceipalfonsi\/wp-content\/uploads\/usu1033\/2024\/12\/I3-NADAL-7-768x1086.jpg 768w, https:\/\/agora.xtec.cat\/ceipalfonsi\/wp-content\/uploads\/usu1033\/2024\/12\/I3-NADAL-7-1086x1536.jpg 1086w, https:\/\/agora.xtec.cat\/ceipalfonsi\/wp-content\/uploads\/usu1033\/2024\/12\/I3-NADAL-7.jpg 1414w\" sizes=\"auto, (max-width: 724px) 100vw, 724px\" \/><\/a><\/td>\n<td style=\"width: 33.3333%;\"><a href=\"https:\/\/drive.google.com\/drive\/folders\/1bz8bQSrUAWsVPUsDGTqRwqQL6G7uVxE9?usp=sharing\"><img loading=\"lazy\" decoding=\"async\" class=\"alignnone size-large wp-image-7671\" src=\"https:\/\/agora.xtec.cat\/ceipalfonsi\/wp-content\/uploads\/usu1033\/2024\/12\/I3-NADAL-8-724x1024.jpg\" alt=\"\" width=\"724\" height=\"1024\" srcset=\"https:\/\/agora.xtec.cat\/ceipalfonsi\/wp-content\/uploads\/usu1033\/2024\/12\/I3-NADAL-8-724x1024.jpg 724w, https:\/\/agora.xtec.cat\/ceipalfonsi\/wp-content\/uploads\/usu1033\/2024\/12\/I3-NADAL-8-212x300.jpg 212w, https:\/\/agora.xtec.cat\/ceipalfonsi\/wp-content\/uploads\/usu1033\/2024\/12\/I3-NADAL-8-768x1086.jpg 768w, https:\/\/agora.xtec.cat\/ceipalfonsi\/wp-content\/uploads\/usu1033\/2024\/12\/I3-NADAL-8-1086x1536.jpg 1086w, https:\/\/agora.xtec.cat\/ceipalfonsi\/wp-content\/uploads\/usu1033\/2024\/12\/I3-NADAL-8.jpg 1414w\" sizes=\"auto, (max-width: 724px) 100vw, 724px\" \/><\/a><\/td>\n<\/tr>\n<\/tbody>\n<\/table>\n<p style=\"text-align: center;\"><em><strong>\u00a0<\/strong><\/em><\/p>\n","protected":false},"excerpt":{"rendered":"<p>Benvolgudes fam\u00edlies, Aqu\u00ed teniu el recull del festival de Nadal que s&#8217;han dut a terme aquests dies a l&#8217;escola. Els alumnes d\u2019Educaci\u00f3 Infantil ens van recitar els seus poemes i can\u00e7ons i van acabar amb una can\u00e7\u00f3 conjunta. Els alumnes de prim\u00e0ria van obsequiar-nos amb unes can\u00e7ons tradicionals de Nadal amb diferents idiomes. Recordeu que [&hellip;]<\/p>\n","protected":false},"author":68,"featured_media":7709,"comment_status":"open","ping_status":"closed","sticky":false,"template":"","format":"standard","meta":{"_bbp_topic_count":0,"_bbp_reply_count":0,"_bbp_total_topic_count":0,"_bbp_total_reply_count":0,"_bbp_voice_count":0,"_bbp_anonymous_reply_count":0,"_bbp_topic_count_hidden":0,"_bbp_reply_count_hidden":0,"_bbp_forum_subforum_count":0,"site-sidebar-layout":"default","site-content-layout":"","ast-site-content-layout":"","site-content-style":"default","site-sidebar-style":"default","ast-global-header-display":"","ast-banner-title-visibility":"","ast-main-header-display":"","ast-hfb-above-header-display":"","ast-hfb-below-header-display":"","ast-hfb-mobile-header-display":"","site-post-title":"","ast-breadcrumbs-content":"","ast-featured-img":"","footer-sml-layout":"","theme-transparent-header-meta":"","adv-header-id-meta":"","stick-header-meta":"","header-above-stick-meta":"","header-main-stick-meta":"","header-below-stick-meta":"","astra-migrate-meta-layouts":"default","ast-page-background-enabled":"default","ast-page-background-meta":{"desktop":{"background-color":"var(--ast-global-color-4)","background-image":"","background-repeat":"repeat","background-position":"center center","background-size":"auto","background-attachment":"scroll","background-type":"","background-media":"","overlay-type":"","overlay-color":"","overlay-opacity":"","overlay-gradient":""},"tablet":{"background-color":"","background-image":"","background-repeat":"repeat","background-position":"center center","background-size":"auto","background-attachment":"scroll","background-type":"","background-media":"","overlay-type":"","overlay-color":"","overlay-opacity":"","overlay-gradient":""},"mobile":{"background-color":"","background-image":"","background-repeat":"repeat","background-position":"center center","background-size":"auto","background-attachment":"scroll","background-type":"","background-media":"","overlay-type":"","overlay-color":"","overlay-opacity":"","overlay-gradient":""}},"ast-content-background-meta":{"desktop":{"background-color":"var(--ast-global-color-5)","background-image":"","background-repeat":"repeat","background-position":"center center","background-size":"auto","background-attachment":"scroll","background-type":"","background-media":"","overlay-type":"","overlay-color":"","overlay-opacity":"","overlay-gradient":""},"tablet":{"background-color":"var(--ast-global-color-5)","background-image":"","background-repeat":"repeat","background-position":"center center","background-size":"auto","background-attachment":"scroll","background-type":"","background-media":"","overlay-type":"","overlay-color":"","overlay-opacity":"","overlay-gradient":""},"mobile":{"background-color":"var(--ast-global-color-5)","background-image":"","background-repeat":"repeat","background-position":"center center","background-size":"auto","background-attachment":"scroll","background-type":"","background-media":"","overlay-type":"","overlay-color":"","overlay-opacity":"","overlay-gradient":""}},"footnotes":""},"categories":[1,2,4,5],"tags":[261,106,91],"class_list":["post-7652","post","type-post","status-publish","format-standard","has-post-thumbnail","hentry","category-general","category-infantil","category-portada","category-primaria","tag-2024-2025","tag-concert-de-nadal","tag-festes-escolars"],"post_mailing_queue_ids":[],"_links":{"self":[{"href":"https:\/\/agora.xtec.cat\/ceipalfonsi\/wp-json\/wp\/v2\/posts\/7652","targetHints":{"allow":["GET"]}}],"collection":[{"href":"https:\/\/agora.xtec.cat\/ceipalfonsi\/wp-json\/wp\/v2\/posts"}],"about":[{"href":"https:\/\/agora.xtec.cat\/ceipalfonsi\/wp-json\/wp\/v2\/types\/post"}],"author":[{"embeddable":true,"href":"https:\/\/agora.xtec.cat\/ceipalfonsi\/wp-json\/wp\/v2\/users\/68"}],"replies":[{"embeddable":true,"href":"https:\/\/agora.xtec.cat\/ceipalfonsi\/wp-json\/wp\/v2\/comments?post=7652"}],"version-history":[{"count":7,"href":"https:\/\/agora.xtec.cat\/ceipalfonsi\/wp-json\/wp\/v2\/posts\/7652\/revisions"}],"predecessor-version":[{"id":8040,"href":"https:\/\/agora.xtec.cat\/ceipalfonsi\/wp-json\/wp\/v2\/posts\/7652\/revisions\/8040"}],"wp:featuredmedia":[{"embeddable":true,"href":"https:\/\/agora.xtec.cat\/ceipalfonsi\/wp-json\/wp\/v2\/media\/7709"}],"wp:attachment":[{"href":"https:\/\/agora.xtec.cat\/ceipalfonsi\/wp-json\/wp\/v2\/media?parent=7652"}],"wp:term":[{"taxonomy":"category","embeddable":true,"href":"https:\/\/agora.xtec.cat\/ceipalfonsi\/wp-json\/wp\/v2\/categories?post=7652"},{"taxonomy":"post_tag","embeddable":true,"href":"https:\/\/agora.xtec.cat\/ceipalfonsi\/wp-json\/wp\/v2\/tags?post=7652"}],"curies":[{"name":"wp","href":"https:\/\/api.w.org\/{rel}","templated":true}]}}