{"id":7426,"date":"2024-05-09T09:31:05","date_gmt":"2024-05-09T07:31:05","guid":{"rendered":"https:\/\/agora.xtec.cat\/ceipalfonsi\/?p=7426"},"modified":"2024-05-09T09:31:05","modified_gmt":"2024-05-09T07:31:05","slug":"entrevista-a-la-radio-amb-limma-munt","status":"publish","type":"post","link":"https:\/\/agora.xtec.cat\/ceipalfonsi\/general\/entrevista-a-la-radio-amb-limma-munt\/","title":{"rendered":"Entrevista a la R\u00e0dio amb l&#8217;Imma Munt"},"content":{"rendered":"<p>Els alumnes de 5\u00e8 aquest mes d&#8217;Abril han entrevistat a l\u2019Imma Munt amb la col.laboraci\u00f3 de R\u00e0dio Puigcerd\u00e0.<\/p>\n<p>Mestra jubilada de la nostra escola, l\u2019Alfons I,ha treballat de mestra durant 35 anys en diferents escoles,<br \/>\n27 dels quals han estat a la nostra escola, amb la qual se sent molt arrelada.<br \/>\nAra que est\u00e0 jubilada, gaudeix de les seves aficions: la lectura, caminar, cuinar i passar llargues estones amb la seva fam\u00edlia.<br \/>\nTot seguit li preguntarem curiositats de la seva vida i d\u2019altres.<\/p>\n<p><a href=\"https:\/\/drive.google.com\/file\/d\/1ny52GRr3V6WLekN-RSC2N_8nRSf6UUMj\/view?usp=drive_link\" target=\"_blank\" rel=\"noopener\">Audio entrevista Imma Munt<\/a><\/p>\n<p><a href=\"https:\/\/agora.xtec.cat\/ceipalfonsi\/wp-content\/uploads\/usu1033\/2024\/05\/603f4035-6c32-4d50-969a-effd65de4409.jpg\"><img loading=\"lazy\" decoding=\"async\" class=\"wp-image-7429 aligncenter\" src=\"https:\/\/agora.xtec.cat\/ceipalfonsi\/wp-content\/uploads\/usu1033\/2024\/05\/603f4035-6c32-4d50-969a-effd65de4409-920x1024.jpg\" alt=\"\" width=\"559\" height=\"623\" srcset=\"https:\/\/agora.xtec.cat\/ceipalfonsi\/wp-content\/uploads\/usu1033\/2024\/05\/603f4035-6c32-4d50-969a-effd65de4409-920x1024.jpg 920w, https:\/\/agora.xtec.cat\/ceipalfonsi\/wp-content\/uploads\/usu1033\/2024\/05\/603f4035-6c32-4d50-969a-effd65de4409-270x300.jpg 270w, https:\/\/agora.xtec.cat\/ceipalfonsi\/wp-content\/uploads\/usu1033\/2024\/05\/603f4035-6c32-4d50-969a-effd65de4409-768x855.jpg 768w, https:\/\/agora.xtec.cat\/ceipalfonsi\/wp-content\/uploads\/usu1033\/2024\/05\/603f4035-6c32-4d50-969a-effd65de4409.jpg 1265w\" sizes=\"auto, (max-width: 559px) 100vw, 559px\" \/><\/a><\/p>\n","protected":false},"excerpt":{"rendered":"<p>Els alumnes de 5\u00e8 aquest mes d&#8217;Abril han entrevistat a l\u2019Imma Munt amb la col.laboraci\u00f3 de R\u00e0dio Puigcerd\u00e0. Mestra jubilada de la nostra escola, l\u2019Alfons I,ha treballat de mestra durant 35 anys en diferents escoles, 27 dels quals han estat a la nostra escola, amb la qual se sent molt arrelada. Ara que est\u00e0 jubilada, [&hellip;]<\/p>\n","protected":false},"author":93,"featured_media":7429,"comment_status":"open","ping_status":"closed","sticky":false,"template":"","format":"standard","meta":{"_bbp_topic_count":0,"_bbp_reply_count":0,"_bbp_total_topic_count":0,"_bbp_total_reply_count":0,"_bbp_voice_count":0,"_bbp_anonymous_reply_count":0,"_bbp_topic_count_hidden":0,"_bbp_reply_count_hidden":0,"_bbp_forum_subforum_count":0,"site-sidebar-layout":"default","site-content-layout":"","ast-site-content-layout":"","site-content-style":"default","site-sidebar-style":"default","ast-global-header-display":"","ast-banner-title-visibility":"","ast-main-header-display":"","ast-hfb-above-header-display":"","ast-hfb-below-header-display":"","ast-hfb-mobile-header-display":"","site-post-title":"","ast-breadcrumbs-content":"","ast-featured-img":"","footer-sml-layout":"","theme-transparent-header-meta":"","adv-header-id-meta":"","stick-header-meta":"","header-above-stick-meta":"","header-main-stick-meta":"","header-below-stick-meta":"","astra-migrate-meta-layouts":"default","ast-page-background-enabled":"default","ast-page-background-meta":{"desktop":{"background-color":"var(--ast-global-color-4)","background-image":"","background-repeat":"repeat","background-position":"center center","background-size":"auto","background-attachment":"scroll","background-type":"","background-media":"","overlay-type":"","overlay-color":"","overlay-opacity":"","overlay-gradient":""},"tablet":{"background-color":"","background-image":"","background-repeat":"repeat","background-position":"center center","background-size":"auto","background-attachment":"scroll","background-type":"","background-media":"","overlay-type":"","overlay-color":"","overlay-opacity":"","overlay-gradient":""},"mobile":{"background-color":"","background-image":"","background-repeat":"repeat","background-position":"center center","background-size":"auto","background-attachment":"scroll","background-type":"","background-media":"","overlay-type":"","overlay-color":"","overlay-opacity":"","overlay-gradient":""}},"ast-content-background-meta":{"desktop":{"background-color":"var(--ast-global-color-5)","background-image":"","background-repeat":"repeat","background-position":"center center","background-size":"auto","background-attachment":"scroll","background-type":"","background-media":"","overlay-type":"","overlay-color":"","overlay-opacity":"","overlay-gradient":""},"tablet":{"background-color":"var(--ast-global-color-5)","background-image":"","background-repeat":"repeat","background-position":"center center","background-size":"auto","background-attachment":"scroll","background-type":"","background-media":"","overlay-type":"","overlay-color":"","overlay-opacity":"","overlay-gradient":""},"mobile":{"background-color":"var(--ast-global-color-5)","background-image":"","background-repeat":"repeat","background-position":"center center","background-size":"auto","background-attachment":"scroll","background-type":"","background-media":"","overlay-type":"","overlay-color":"","overlay-opacity":"","overlay-gradient":""}},"footnotes":""},"categories":[14,1,4,5],"tags":[248,251],"class_list":["post-7426","post","type-post","status-publish","format-standard","has-post-thumbnail","hentry","category-5e","category-general","category-portada","category-primaria","tag-2023-2024","tag-radio"],"post_mailing_queue_ids":[],"_links":{"self":[{"href":"https:\/\/agora.xtec.cat\/ceipalfonsi\/wp-json\/wp\/v2\/posts\/7426","targetHints":{"allow":["GET"]}}],"collection":[{"href":"https:\/\/agora.xtec.cat\/ceipalfonsi\/wp-json\/wp\/v2\/posts"}],"about":[{"href":"https:\/\/agora.xtec.cat\/ceipalfonsi\/wp-json\/wp\/v2\/types\/post"}],"author":[{"embeddable":true,"href":"https:\/\/agora.xtec.cat\/ceipalfonsi\/wp-json\/wp\/v2\/users\/93"}],"replies":[{"embeddable":true,"href":"https:\/\/agora.xtec.cat\/ceipalfonsi\/wp-json\/wp\/v2\/comments?post=7426"}],"version-history":[{"count":1,"href":"https:\/\/agora.xtec.cat\/ceipalfonsi\/wp-json\/wp\/v2\/posts\/7426\/revisions"}],"predecessor-version":[{"id":7430,"href":"https:\/\/agora.xtec.cat\/ceipalfonsi\/wp-json\/wp\/v2\/posts\/7426\/revisions\/7430"}],"wp:featuredmedia":[{"embeddable":true,"href":"https:\/\/agora.xtec.cat\/ceipalfonsi\/wp-json\/wp\/v2\/media\/7429"}],"wp:attachment":[{"href":"https:\/\/agora.xtec.cat\/ceipalfonsi\/wp-json\/wp\/v2\/media?parent=7426"}],"wp:term":[{"taxonomy":"category","embeddable":true,"href":"https:\/\/agora.xtec.cat\/ceipalfonsi\/wp-json\/wp\/v2\/categories?post=7426"},{"taxonomy":"post_tag","embeddable":true,"href":"https:\/\/agora.xtec.cat\/ceipalfonsi\/wp-json\/wp\/v2\/tags?post=7426"}],"curies":[{"name":"wp","href":"https:\/\/api.w.org\/{rel}","templated":true}]}}