{"id":7162,"date":"2023-12-14T00:11:43","date_gmt":"2023-12-13T23:11:43","guid":{"rendered":"https:\/\/agora.xtec.cat\/ceipalfonsi\/?p=7162"},"modified":"2024-03-11T13:23:52","modified_gmt":"2024-03-11T12:23:52","slug":"reunio-de-seguiment-del-desplegament-del-programa-magnet-al-centre","status":"publish","type":"post","link":"https:\/\/agora.xtec.cat\/ceipalfonsi\/general\/reunio-de-seguiment-del-desplegament-del-programa-magnet-al-centre\/","title":{"rendered":"Reuni\u00f3 de seguiment del desplegament del programa Magnet al centre"},"content":{"rendered":"<p style=\"text-align: justify;\">Com sabeu des de l&#8217;escola Alfons I enguany hem iniciat el Programa Magnet de la Fundaci\u00f3 Jaume Bofill. En el seguiment d&#8217;aquest programa gaudirem de la col\u00b7laboraci\u00f3 inestimable de l&#8217;Hospital de Cerdanya, el nostre partner, el qual per si mateix ja porta a terme un projecte \u00fanic a Europa donant servei sociosanitari a usuaris i professionals de tot l&#8217;espai transfronterer a la Cerdanya i el Capcir.<\/p>\n<p style=\"text-align: justify;\">En aquest primer trimestre del curs 23-24 estem comen\u00e7ant a fer les primeres passes i un dels punts de partida va ser la reuni\u00f3 de seguiment del desplegament d&#8217;aquet programa que es va realitzar a les instal\u00b7lacions de l&#8217;escola Alfons I el passat dilluns 11 de desembre i on van participar representants de la Fundaci\u00f3 Jaume Bofill, de \u00a0l&#8217;Hospital de Cerdanya i del CRP del Servei Educatiu de la Cerdanya, la regidora d&#8217;educaci\u00f3 de l&#8217;Ajuntament de Puigcerd\u00e0, el formador Magnet de l&#8217;escola, l&#8217;equip de comunicaci\u00f3 del centre, membres del grup de treball de xarxes de l&#8217;escola i els membres de l&#8217;equip directiu. En aquesta reuni\u00f3 inicial, mitjan\u00e7ant una mirada calidosc\u00f2pica i amb la voluntat de compartir les intencions i els prop\u00f2sits pel curs, vam posar en com\u00fa els diferents punts de vista de tots els agents implicats amb la intenci\u00f3 de comen\u00e7ar a posar fil a l&#8217;agulla per determinar la l\u00ednia de treball amb que iniciarem aquest projecte amb l&#8217;alumnat del centre la qual, en aquest primer any, tractar\u00e0 de donar resposta a la pregunta<em><strong> Com millora el moviment la salut? <\/strong><\/em><\/p>\n<p style=\"text-align: justify;\">Finalment, us informem que per aquest curs hi ha prevista una reuni\u00f3 similar a final de curs per tal de valorar com ha anat l&#8217;any i aportar, des del camp espec\u00edfic de cada entitat, possibilitats de millora i noves propostes d&#8217;actuaci\u00f3 o idees que ens ajudin a mantenir el projecte viu i atractiu els propers cursos per continuar fomentant aprenentatges significatius en tot l&#8217;entorn educatiu.<\/p>\n<p><a href=\"https:\/\/agora.xtec.cat\/ceipalfonsi\/wp-content\/uploads\/usu1033\/2023\/12\/Magnet-scaled.jpg\"><img loading=\"lazy\" decoding=\"async\" class=\"aligncenter wp-image-7164 \" src=\"https:\/\/agora.xtec.cat\/ceipalfonsi\/wp-content\/uploads\/usu1033\/2023\/12\/Magnet-1024x576.jpg\" alt=\"\" width=\"548\" height=\"308\" srcset=\"https:\/\/agora.xtec.cat\/ceipalfonsi\/wp-content\/uploads\/usu1033\/2023\/12\/Magnet-1024x576.jpg 1024w, https:\/\/agora.xtec.cat\/ceipalfonsi\/wp-content\/uploads\/usu1033\/2023\/12\/Magnet-300x169.jpg 300w, https:\/\/agora.xtec.cat\/ceipalfonsi\/wp-content\/uploads\/usu1033\/2023\/12\/Magnet-768x432.jpg 768w, https:\/\/agora.xtec.cat\/ceipalfonsi\/wp-content\/uploads\/usu1033\/2023\/12\/Magnet-1536x864.jpg 1536w, https:\/\/agora.xtec.cat\/ceipalfonsi\/wp-content\/uploads\/usu1033\/2023\/12\/Magnet-2048x1152.jpg 2048w\" sizes=\"auto, (max-width: 548px) 100vw, 548px\" \/><\/a><\/p>\n<p style=\"text-align: center;\"><a href=\"https:\/\/www.regio7.cat\/cerdanya\/2023\/12\/13\/l-escola-alfons-crea-amb-95778079.html\" target=\"_blank\" rel=\"noopener\">Enlla\u00e7 a l&#8217;article del Regi\u00f3 7<\/a><\/p>\n","protected":false},"excerpt":{"rendered":"<p>Com sabeu des de l&#8217;escola Alfons I enguany hem iniciat el Programa Magnet de la Fundaci\u00f3 Jaume Bofill. En el seguiment d&#8217;aquest programa gaudirem de la col\u00b7laboraci\u00f3 inestimable de l&#8217;Hospital de Cerdanya, el nostre partner, el qual per si mateix ja porta a terme un projecte \u00fanic a Europa donant servei sociosanitari a usuaris i [&hellip;]<\/p>\n","protected":false},"author":1,"featured_media":7164,"comment_status":"open","ping_status":"closed","sticky":false,"template":"","format":"standard","meta":{"_bbp_topic_count":0,"_bbp_reply_count":0,"_bbp_total_topic_count":0,"_bbp_total_reply_count":0,"_bbp_voice_count":0,"_bbp_anonymous_reply_count":0,"_bbp_topic_count_hidden":0,"_bbp_reply_count_hidden":0,"_bbp_forum_subforum_count":0,"site-sidebar-layout":"default","site-content-layout":"","ast-site-content-layout":"","site-content-style":"default","site-sidebar-style":"default","ast-global-header-display":"","ast-banner-title-visibility":"","ast-main-header-display":"","ast-hfb-above-header-display":"","ast-hfb-below-header-display":"","ast-hfb-mobile-header-display":"","site-post-title":"","ast-breadcrumbs-content":"","ast-featured-img":"","footer-sml-layout":"","theme-transparent-header-meta":"","adv-header-id-meta":"","stick-header-meta":"","header-above-stick-meta":"","header-main-stick-meta":"","header-below-stick-meta":"","astra-migrate-meta-layouts":"default","ast-page-background-enabled":"default","ast-page-background-meta":{"desktop":{"background-color":"var(--ast-global-color-4)","background-image":"","background-repeat":"repeat","background-position":"center center","background-size":"auto","background-attachment":"scroll","background-type":"","background-media":"","overlay-type":"","overlay-color":"","overlay-opacity":"","overlay-gradient":""},"tablet":{"background-color":"","background-image":"","background-repeat":"repeat","background-position":"center center","background-size":"auto","background-attachment":"scroll","background-type":"","background-media":"","overlay-type":"","overlay-color":"","overlay-opacity":"","overlay-gradient":""},"mobile":{"background-color":"","background-image":"","background-repeat":"repeat","background-position":"center center","background-size":"auto","background-attachment":"scroll","background-type":"","background-media":"","overlay-type":"","overlay-color":"","overlay-opacity":"","overlay-gradient":""}},"ast-content-background-meta":{"desktop":{"background-color":"var(--ast-global-color-5)","background-image":"","background-repeat":"repeat","background-position":"center center","background-size":"auto","background-attachment":"scroll","background-type":"","background-media":"","overlay-type":"","overlay-color":"","overlay-opacity":"","overlay-gradient":""},"tablet":{"background-color":"var(--ast-global-color-5)","background-image":"","background-repeat":"repeat","background-position":"center center","background-size":"auto","background-attachment":"scroll","background-type":"","background-media":"","overlay-type":"","overlay-color":"","overlay-opacity":"","overlay-gradient":""},"mobile":{"background-color":"var(--ast-global-color-5)","background-image":"","background-repeat":"repeat","background-position":"center center","background-size":"auto","background-attachment":"scroll","background-type":"","background-media":"","overlay-type":"","overlay-color":"","overlay-opacity":"","overlay-gradient":""}},"footnotes":""},"categories":[1,255,4],"tags":[248,254,87],"class_list":["post-7162","post","type-post","status-publish","format-standard","has-post-thumbnail","hentry","category-general","category-magnet","category-portada","tag-2023-2024","tag-magnet","tag-treball-per-projectes"],"post_mailing_queue_ids":[],"_links":{"self":[{"href":"https:\/\/agora.xtec.cat\/ceipalfonsi\/wp-json\/wp\/v2\/posts\/7162","targetHints":{"allow":["GET"]}}],"collection":[{"href":"https:\/\/agora.xtec.cat\/ceipalfonsi\/wp-json\/wp\/v2\/posts"}],"about":[{"href":"https:\/\/agora.xtec.cat\/ceipalfonsi\/wp-json\/wp\/v2\/types\/post"}],"author":[{"embeddable":true,"href":"https:\/\/agora.xtec.cat\/ceipalfonsi\/wp-json\/wp\/v2\/users\/1"}],"replies":[{"embeddable":true,"href":"https:\/\/agora.xtec.cat\/ceipalfonsi\/wp-json\/wp\/v2\/comments?post=7162"}],"version-history":[{"count":2,"href":"https:\/\/agora.xtec.cat\/ceipalfonsi\/wp-json\/wp\/v2\/posts\/7162\/revisions"}],"predecessor-version":[{"id":7253,"href":"https:\/\/agora.xtec.cat\/ceipalfonsi\/wp-json\/wp\/v2\/posts\/7162\/revisions\/7253"}],"wp:featuredmedia":[{"embeddable":true,"href":"https:\/\/agora.xtec.cat\/ceipalfonsi\/wp-json\/wp\/v2\/media\/7164"}],"wp:attachment":[{"href":"https:\/\/agora.xtec.cat\/ceipalfonsi\/wp-json\/wp\/v2\/media?parent=7162"}],"wp:term":[{"taxonomy":"category","embeddable":true,"href":"https:\/\/agora.xtec.cat\/ceipalfonsi\/wp-json\/wp\/v2\/categories?post=7162"},{"taxonomy":"post_tag","embeddable":true,"href":"https:\/\/agora.xtec.cat\/ceipalfonsi\/wp-json\/wp\/v2\/tags?post=7162"}],"curies":[{"name":"wp","href":"https:\/\/api.w.org\/{rel}","templated":true}]}}