{"id":867,"date":"2016-01-28T11:57:46","date_gmt":"2016-01-28T10:57:46","guid":{"rendered":"http:\/\/agora.xtec.cat\/ceipalfes\/?p=867"},"modified":"2016-01-28T11:58:45","modified_gmt":"2016-01-28T10:58:45","slug":"carta-telematica-als-reis-premiada","status":"publish","type":"post","link":"https:\/\/agora.xtec.cat\/ceipalfes\/general\/carta-telematica-als-reis-premiada\/","title":{"rendered":"CARTA  TELEM\u00c0TICA ALS REIS PREMIADA."},"content":{"rendered":"<p><strong><span style=\"font-size: 18pt;\">CARTA \u00a0TELEM\u00c0TICA ALS REIS PREMIADA<\/span><\/strong>.<\/p>\n<p>Ens ha arribat aquest comunicat de l&#8217;ajuntament de Lleida:<img loading=\"lazy\" decoding=\"async\" class=\" alignright\" src=\"https:\/\/www.lleida.org\/cartanadal\/img\/cartes-properament.jpg\" alt=\"\" width=\"251\" height=\"205\" \/><\/p>\n<p>Us escrivim en relaci\u00f3 al <strong>Concurs de Cartes Telem\u00e0tiques als Reis d\u2019Orient<\/strong> d\u2019enguany, organitzat per l\u2019Ajuntament de Lleida, per comunicar-vos que la carta de l\u2019alumna <strong>IN\u00c9S\u00a0BERJADI <\/strong>ha estat guardonada amb un dels <strong>Acc\u00e8ssits,<\/strong> consistent en un val de 60\u20ac en material inform\u00e0tic lliurat per SEMIC.L\u2019<strong>acte p\u00fablic de lliurament de premis<\/strong> se celebrar\u00e0 el dia <strong>3 de febrer de 2015<\/strong>, a les <strong>19.00h, <\/strong>al <strong>Sal\u00f3 de Plens, al Palau de la Paeria<\/strong>, presidit per l\u2019Alcalde de Lleida.<\/p>\n<p>Aqeulls que hi vulgueu assitir \u00a0ens ho haurien de comunicar a l&#8217;escola.<\/p>\n<p>La carta premiada:<br \/>\n<a href=\"http:\/\/agora.xtec.cat\/ceipalfes\/wp-content\/uploads\/usu315\/2015\/11\/ines-c.jpg\"><img loading=\"lazy\" decoding=\"async\" class=\" size-full wp-image-524 alignleft\" src=\"http:\/\/agora.xtec.cat\/ceipalfes\/wp-content\/uploads\/usu315\/2015\/11\/ines-c.jpg\" alt=\"ines c\" width=\"145\" height=\"160\" \/><\/a><span style=\"font-size: 14pt; color: #0000ff;\">Estimats companys d\u2019orient,<\/span><br \/>\n<span style=\"font-size: 14pt; color: #0000ff;\">aquest Nadal \u00e9s diferent, molt diferent. Especialment per que durant aquests mesos hi han hagut atacs terroristes i moltes desgr\u00e0cies al m\u00f3n.<\/span><br \/>\n<span style=\"font-size: 14pt; color: #0000ff;\">M\u2019agradaria que no es jutg\u00e9s les persones\u00a0per la seva religi\u00f3, pel lloc d\u2019on venen o pels \u00a0costums que tenen.\u00a0 El meu padr\u00ed em deia que els amics es poden comptar amb els dits de les mans. El meu pare, el meu \u00eddol, persona que em va donar la vida i persona que admiro amb tota la meva for\u00e7a, em diu que no s\u2019ha de posar a totes les persones al mateix sac.\u00a0 El meu pare est\u00e0 malalt, i per aix\u00f2 el cuido m\u00e9s que a mi mateixa i l\u2019estimo amb tot el meu cor.<\/span><br \/>\n<span style=\"font-size: 14pt; color: #0000ff;\">Aquest any els meus regals doneu-los \u00a0als nens refugiats de S\u00edria o als \u00a0que no en poden tenir.<\/span><br \/>\n<span style=\"font-size: 14pt; color: #0000ff;\">A les persones mentideres porteu-los una mica de honestedat.<\/span><br \/>\n<span style=\"font-size: 14pt; color: #0000ff;\">A les desorientades doneu-los una br\u00faixola, per que no perdin el nord, i trobin la felicitat..<\/span><br \/>\n<span style=\"font-size: 14pt; color: #0000ff;\">Al lloc d\u2019on s\u00f3n els meus pares, el Marroc, compartir \u00e9s un costum i acollir les persones amb respecte \u00e9s molt important. La majoria s\u00f3n bones persones<\/span><br \/>\n<span style=\"font-size: 14pt; color: #0000ff;\">Aquests \u00a0dies podr\u00edeu fer de periodistes i donar bones not\u00edcies dels pa\u00efsos d\u2019on veniu i de la bona gent que viu all\u00e0. \u00a0\u00a0Que\u00a0 mostreu al m\u00f3n les coses bones \u00a0que tenim.\u00a0 Aix\u00ed sentir\u00edem una versi\u00f3 diferent de les males not\u00edcies que \u00a0es donen sempre.<\/span><br \/>\n<span style=\"font-size: 14pt; color: #0000ff;\">Mireu, quan aneu passant\u00a0 pels llocs agafeu \u00a0les \u00a0males persones i fiqueu-les als vostres sacs,\u00a0 on hi guardeu el carb\u00f3.<\/span><br \/>\n<span style=\"font-size: 14pt; color: #0000ff;\">Aquest Nadal sigueu m\u00e9s comprensius i bones persones que l\u2019anterior, i si cada any ho fem aix\u00ed, tothom ser\u00e0 feli\u00e7! Amics del meu cor, us he de deixar, per que teniu molta feina. Hi ha tantes coses\u00a0 per demanar-vos que mai pararia d\u2019escriure.<\/span><br \/>\n<span style=\"font-size: 14pt; color: #0000ff;\">Un pet\u00f3 i una gran abra\u00e7ada!<\/span><br \/>\n<span style=\"font-size: 14pt; color: #0000ff;\">PD: Si no podeu amb tanta feina, truqueu-me i amb molt de gust us ajudar\u00e9 \u00a0 \u00a0In\u00e9s<\/span><\/p>\n<p>&nbsp;<\/p>\n<p>&nbsp;<\/p>\n","protected":false},"excerpt":{"rendered":"<p>CARTA \u00a0TELEM\u00c0TICA ALS REIS PREMIADA. Ens ha arribat aquest comunicat de l&#8217;ajuntament de Lleida: Us escrivim en relaci\u00f3 al Concurs de Cartes Telem\u00e0tiques als Reis d\u2019Orient d\u2019enguany, organitzat per l\u2019Ajuntament de Lleida, per comunicar-vos que la carta de l\u2019alumna IN\u00c9S\u00a0BERJADI ha estat guardonada amb un dels Acc\u00e8ssits, consistent en un val de 60\u20ac en material [&hellip;]<\/p>\n","protected":false},"author":1,"featured_media":0,"comment_status":"open","ping_status":"open","sticky":false,"template":"","format":"standard","meta":{"_bbp_topic_count":0,"_bbp_reply_count":0,"_bbp_total_topic_count":0,"_bbp_total_reply_count":0,"_bbp_voice_count":0,"_bbp_anonymous_reply_count":0,"_bbp_topic_count_hidden":0,"_bbp_reply_count_hidden":0,"_bbp_forum_subforum_count":0,"site-sidebar-layout":"default","site-content-layout":"","ast-site-content-layout":"","site-content-style":"default","site-sidebar-style":"default","ast-global-header-display":"","ast-banner-title-visibility":"","ast-main-header-display":"","ast-hfb-above-header-display":"","ast-hfb-below-header-display":"","ast-hfb-mobile-header-display":"","site-post-title":"","ast-breadcrumbs-content":"","ast-featured-img":"","footer-sml-layout":"","theme-transparent-header-meta":"","adv-header-id-meta":"","stick-header-meta":"","header-above-stick-meta":"","header-main-stick-meta":"","header-below-stick-meta":"","astra-migrate-meta-layouts":"default","ast-page-background-enabled":"default","ast-page-background-meta":{"desktop":{"background-color":"var(--ast-global-color-4)","background-image":"","background-repeat":"repeat","background-position":"center center","background-size":"auto","background-attachment":"scroll","background-type":"","background-media":"","overlay-type":"","overlay-color":"","overlay-opacity":"","overlay-gradient":""},"tablet":{"background-color":"","background-image":"","background-repeat":"repeat","background-position":"center center","background-size":"auto","background-attachment":"scroll","background-type":"","background-media":"","overlay-type":"","overlay-color":"","overlay-opacity":"","overlay-gradient":""},"mobile":{"background-color":"","background-image":"","background-repeat":"repeat","background-position":"center center","background-size":"auto","background-attachment":"scroll","background-type":"","background-media":"","overlay-type":"","overlay-color":"","overlay-opacity":"","overlay-gradient":""}},"ast-content-background-meta":{"desktop":{"background-color":"var(--ast-global-color-5)","background-image":"","background-repeat":"repeat","background-position":"center center","background-size":"auto","background-attachment":"scroll","background-type":"","background-media":"","overlay-type":"","overlay-color":"","overlay-opacity":"","overlay-gradient":""},"tablet":{"background-color":"var(--ast-global-color-5)","background-image":"","background-repeat":"repeat","background-position":"center center","background-size":"auto","background-attachment":"scroll","background-type":"","background-media":"","overlay-type":"","overlay-color":"","overlay-opacity":"","overlay-gradient":""},"mobile":{"background-color":"var(--ast-global-color-5)","background-image":"","background-repeat":"repeat","background-position":"center center","background-size":"auto","background-attachment":"scroll","background-type":"","background-media":"","overlay-type":"","overlay-color":"","overlay-opacity":"","overlay-gradient":""}},"footnotes":""},"categories":[1,4,5],"tags":[],"class_list":["post-867","post","type-post","status-publish","format-standard","hentry","category-general","category-portada","category-primaria"],"post_mailing_queue_ids":[],"_links":{"self":[{"href":"https:\/\/agora.xtec.cat\/ceipalfes\/wp-json\/wp\/v2\/posts\/867","targetHints":{"allow":["GET"]}}],"collection":[{"href":"https:\/\/agora.xtec.cat\/ceipalfes\/wp-json\/wp\/v2\/posts"}],"about":[{"href":"https:\/\/agora.xtec.cat\/ceipalfes\/wp-json\/wp\/v2\/types\/post"}],"author":[{"embeddable":true,"href":"https:\/\/agora.xtec.cat\/ceipalfes\/wp-json\/wp\/v2\/users\/1"}],"replies":[{"embeddable":true,"href":"https:\/\/agora.xtec.cat\/ceipalfes\/wp-json\/wp\/v2\/comments?post=867"}],"version-history":[{"count":2,"href":"https:\/\/agora.xtec.cat\/ceipalfes\/wp-json\/wp\/v2\/posts\/867\/revisions"}],"predecessor-version":[{"id":869,"href":"https:\/\/agora.xtec.cat\/ceipalfes\/wp-json\/wp\/v2\/posts\/867\/revisions\/869"}],"wp:attachment":[{"href":"https:\/\/agora.xtec.cat\/ceipalfes\/wp-json\/wp\/v2\/media?parent=867"}],"wp:term":[{"taxonomy":"category","embeddable":true,"href":"https:\/\/agora.xtec.cat\/ceipalfes\/wp-json\/wp\/v2\/categories?post=867"},{"taxonomy":"post_tag","embeddable":true,"href":"https:\/\/agora.xtec.cat\/ceipalfes\/wp-json\/wp\/v2\/tags?post=867"}],"curies":[{"name":"wp","href":"https:\/\/api.w.org\/{rel}","templated":true}]}}