{"id":6723,"date":"2022-05-02T13:52:26","date_gmt":"2022-05-02T11:52:26","guid":{"rendered":"https:\/\/agora.xtec.cat\/ceipalfes\/?p=6723"},"modified":"2022-05-07T21:22:08","modified_gmt":"2022-05-07T19:22:08","slug":"sant-jordi-i-santa-jordina-a-lescola","status":"publish","type":"post","link":"https:\/\/agora.xtec.cat\/ceipalfes\/general\/sant-jordi-i-santa-jordina-a-lescola\/","title":{"rendered":"Sant Jordi i Santa Jordina a l&#8217;escola"},"content":{"rendered":"<p>El passat 22 d&#8217;Abril vam celebrar el dia del llibre i de la rosa a l&#8217;escola. Durant aquella setmana l&#8217;alumnat va estar realitzant diferents tipus d&#8217;activitats per tal de celebrar la Diada. Per una banda manualitats, punts de llibre amb roses i dracs, i per altra banda l&#8217;alumnat de la classe dels grans va estar treballant la lectura en veu alta a partir de poesies d&#8217;aliments saludables, lligat amb el Projecte Vida Saludable de la ZER. A m\u00e9s, vam con\u00e8ixer el g\u00e8nere literari dels Haik\u00fas i la seva composici\u00f3, i vam elaborar el nostre propi Haik\u00fa de dracs, roses, princeses, pr\u00ednceps,&#8230;!!<\/p>\n<p>Per la tarda, amb la col\u00b7laboraci\u00f3 i participaci\u00f3 de fam\u00edlies de l&#8217;escola i aprenents de la Universitat de Lleida, vam organitzar diferents espais de contacontes. La classe dels grans va recitar les poesies i la classe dels petits el poema de la primavera. I, finalment, vam poder gaudir d&#8217;un teatre titulat &#8220;La llegenda de Santa Jordina&#8221;, el qual van preparar algunes de les nostres aprenents i ens va fer pixar de riure &#8230; !!! Si cliques a la foto podr\u00e0s veure-ho al complet.<\/p>\n<p>Tamb\u00e9 us compartim els \u00e0udios amb les poesies recitades d&#8217;aliments saludables.<\/p>\n<p>Ens ho vam passar d&#8217;all\u00f2 m\u00e9s b\u00e9 !!!<\/p>\n<p><a href=\"https:\/\/photos.app.goo.gl\/qnzTA5dyZhYvBBGv8\"><img loading=\"lazy\" decoding=\"async\" class=\"alignnone size-large wp-image-6728\" src=\"https:\/\/agora.xtec.cat\/ceipalfes\/wp-content\/uploads\/usu315\/2022\/05\/foto-sant-jordi-1024x768.jpg\" alt=\"\" width=\"1024\" height=\"768\" srcset=\"https:\/\/agora.xtec.cat\/ceipalfes\/wp-content\/uploads\/usu315\/2022\/05\/foto-sant-jordi-1024x768.jpg 1024w, https:\/\/agora.xtec.cat\/ceipalfes\/wp-content\/uploads\/usu315\/2022\/05\/foto-sant-jordi-300x225.jpg 300w, https:\/\/agora.xtec.cat\/ceipalfes\/wp-content\/uploads\/usu315\/2022\/05\/foto-sant-jordi-768x576.jpg 768w, https:\/\/agora.xtec.cat\/ceipalfes\/wp-content\/uploads\/usu315\/2022\/05\/foto-sant-jordi-1536x1152.jpg 1536w, https:\/\/agora.xtec.cat\/ceipalfes\/wp-content\/uploads\/usu315\/2022\/05\/foto-sant-jordi-2048x1536.jpg 2048w, https:\/\/agora.xtec.cat\/ceipalfes\/wp-content\/uploads\/usu315\/2022\/05\/foto-sant-jordi-200x150.jpg 200w\" sizes=\"auto, (max-width: 1024px) 100vw, 1024px\" \/><\/a><\/p>\n<p>&#8220;ELS OUS FERRATS&#8221;<\/p>\n<!--[if lt IE 9]><script>document.createElement('audio');<\/script><![endif]-->\n<audio class=\"wp-audio-shortcode\" id=\"audio-6723-1\" preload=\"none\" style=\"width: 100%;\" controls=\"controls\"><source type=\"audio\/mpeg\" src=\"https:\/\/agora.xtec.cat\/ceipalfes\/wp-content\/uploads\/usu315\/2022\/05\/20220422_100101-1.mp3?_=1\" \/><a href=\"https:\/\/agora.xtec.cat\/ceipalfes\/wp-content\/uploads\/usu315\/2022\/05\/20220422_100101-1.mp3\">https:\/\/agora.xtec.cat\/ceipalfes\/wp-content\/uploads\/usu315\/2022\/05\/20220422_100101-1.mp3<\/a><\/audio>\n<p>&#8220;L&#8217;ENTREP\u00c0&#8221;<\/p>\n<audio class=\"wp-audio-shortcode\" id=\"audio-6723-2\" preload=\"none\" style=\"width: 100%;\" controls=\"controls\"><source type=\"audio\/mpeg\" src=\"https:\/\/agora.xtec.cat\/ceipalfes\/wp-content\/uploads\/usu315\/2022\/05\/20220422_095847.mp3?_=2\" \/><a href=\"https:\/\/agora.xtec.cat\/ceipalfes\/wp-content\/uploads\/usu315\/2022\/05\/20220422_095847.mp3\">https:\/\/agora.xtec.cat\/ceipalfes\/wp-content\/uploads\/usu315\/2022\/05\/20220422_095847.mp3<\/a><\/audio>\n<p>&#8220;ELS OUS FERRATS&#8221;<\/p>\n<audio class=\"wp-audio-shortcode\" id=\"audio-6723-3\" preload=\"none\" style=\"width: 100%;\" controls=\"controls\"><source type=\"audio\/mpeg\" src=\"https:\/\/agora.xtec.cat\/ceipalfes\/wp-content\/uploads\/usu315\/2022\/05\/20220404_124425.mp3?_=3\" \/><a href=\"https:\/\/agora.xtec.cat\/ceipalfes\/wp-content\/uploads\/usu315\/2022\/05\/20220404_124425.mp3\">https:\/\/agora.xtec.cat\/ceipalfes\/wp-content\/uploads\/usu315\/2022\/05\/20220404_124425.mp3<\/a><\/audio>\n<p>&#8220;LA MONA&#8221;<\/p>\n<audio class=\"wp-audio-shortcode\" id=\"audio-6723-4\" preload=\"none\" style=\"width: 100%;\" controls=\"controls\"><source type=\"audio\/mpeg\" src=\"https:\/\/agora.xtec.cat\/ceipalfes\/wp-content\/uploads\/usu315\/2022\/05\/20220404_125206.mp3?_=4\" \/><a href=\"https:\/\/agora.xtec.cat\/ceipalfes\/wp-content\/uploads\/usu315\/2022\/05\/20220404_125206.mp3\">https:\/\/agora.xtec.cat\/ceipalfes\/wp-content\/uploads\/usu315\/2022\/05\/20220404_125206.mp3<\/a><\/audio>\n<p>&#8220;LA MONA&#8221;<\/p>\n<audio class=\"wp-audio-shortcode\" id=\"audio-6723-5\" preload=\"none\" style=\"width: 100%;\" controls=\"controls\"><source type=\"audio\/mpeg\" src=\"https:\/\/agora.xtec.cat\/ceipalfes\/wp-content\/uploads\/usu315\/2022\/05\/20220422_094617.mp3?_=5\" \/><a href=\"https:\/\/agora.xtec.cat\/ceipalfes\/wp-content\/uploads\/usu315\/2022\/05\/20220422_094617.mp3\">https:\/\/agora.xtec.cat\/ceipalfes\/wp-content\/uploads\/usu315\/2022\/05\/20220422_094617.mp3<\/a><\/audio>\n<p>&#8220;MENJAR SALUDABLE&#8221;<\/p>\n<audio class=\"wp-audio-shortcode\" id=\"audio-6723-6\" preload=\"none\" style=\"width: 100%;\" controls=\"controls\"><source type=\"audio\/mpeg\" src=\"https:\/\/agora.xtec.cat\/ceipalfes\/wp-content\/uploads\/usu315\/2022\/05\/20220422_094721.mp3?_=6\" \/><a href=\"https:\/\/agora.xtec.cat\/ceipalfes\/wp-content\/uploads\/usu315\/2022\/05\/20220422_094721.mp3\">https:\/\/agora.xtec.cat\/ceipalfes\/wp-content\/uploads\/usu315\/2022\/05\/20220422_094721.mp3<\/a><\/audio>\n<p>&#8220;ALLIOLI&#8221;<\/p>\n<audio class=\"wp-audio-shortcode\" id=\"audio-6723-7\" preload=\"none\" style=\"width: 100%;\" controls=\"controls\"><source type=\"audio\/mpeg\" src=\"https:\/\/agora.xtec.cat\/ceipalfes\/wp-content\/uploads\/usu315\/2022\/05\/20220422_095306.mp3?_=7\" \/><a href=\"https:\/\/agora.xtec.cat\/ceipalfes\/wp-content\/uploads\/usu315\/2022\/05\/20220422_095306.mp3\">https:\/\/agora.xtec.cat\/ceipalfes\/wp-content\/uploads\/usu315\/2022\/05\/20220422_095306.mp3<\/a><\/audio>\n<p>&#8220;LA MONA&#8221;<\/p>\n<audio class=\"wp-audio-shortcode\" id=\"audio-6723-8\" preload=\"none\" style=\"width: 100%;\" controls=\"controls\"><source type=\"audio\/mpeg\" src=\"https:\/\/agora.xtec.cat\/ceipalfes\/wp-content\/uploads\/usu315\/2022\/05\/20220422_095538-online-audio-converter.com_.mp3?_=8\" \/><a href=\"https:\/\/agora.xtec.cat\/ceipalfes\/wp-content\/uploads\/usu315\/2022\/05\/20220422_095538-online-audio-converter.com_.mp3\">https:\/\/agora.xtec.cat\/ceipalfes\/wp-content\/uploads\/usu315\/2022\/05\/20220422_095538-online-audio-converter.com_.mp3<\/a><\/audio>\n<p>&#8220;FIDEUS A LA CASSOLA&#8221;<\/p>\n<audio class=\"wp-audio-shortcode\" id=\"audio-6723-9\" preload=\"none\" style=\"width: 100%;\" controls=\"controls\"><source type=\"audio\/mpeg\" src=\"https:\/\/agora.xtec.cat\/ceipalfes\/wp-content\/uploads\/usu315\/2022\/05\/20220422_095105.mp3?_=9\" \/><a href=\"https:\/\/agora.xtec.cat\/ceipalfes\/wp-content\/uploads\/usu315\/2022\/05\/20220422_095105.mp3\">https:\/\/agora.xtec.cat\/ceipalfes\/wp-content\/uploads\/usu315\/2022\/05\/20220422_095105.mp3<\/a><\/audio>\n<p>&#8220;LES CIRERES&#8221;<\/p>\n<audio class=\"wp-audio-shortcode\" id=\"audio-6723-10\" preload=\"none\" style=\"width: 100%;\" controls=\"controls\"><source type=\"audio\/mpeg\" src=\"https:\/\/agora.xtec.cat\/ceipalfes\/wp-content\/uploads\/usu315\/2022\/05\/20220422_094945.mp3?_=10\" \/><a href=\"https:\/\/agora.xtec.cat\/ceipalfes\/wp-content\/uploads\/usu315\/2022\/05\/20220422_094945.mp3\">https:\/\/agora.xtec.cat\/ceipalfes\/wp-content\/uploads\/usu315\/2022\/05\/20220422_094945.mp3<\/a><\/audio>\n","protected":false},"excerpt":{"rendered":"<p>El passat 22 d&#8217;Abril vam celebrar el dia del llibre i de la rosa a l&#8217;escola. Durant aquella setmana l&#8217;alumnat va estar realitzant diferents tipus d&#8217;activitats per tal de celebrar la Diada. Per una banda manualitats, punts de llibre amb roses i dracs, i per altra banda l&#8217;alumnat de la classe dels grans va estar [&hellip;]<\/p>\n","protected":false},"author":52,"featured_media":6728,"comment_status":"open","ping_status":"closed","sticky":false,"template":"","format":"standard","meta":{"_bbp_topic_count":0,"_bbp_reply_count":0,"_bbp_total_topic_count":0,"_bbp_total_reply_count":0,"_bbp_voice_count":0,"_bbp_anonymous_reply_count":0,"_bbp_topic_count_hidden":0,"_bbp_reply_count_hidden":0,"_bbp_forum_subforum_count":0,"site-sidebar-layout":"default","site-content-layout":"","ast-site-content-layout":"","site-content-style":"default","site-sidebar-style":"default","ast-global-header-display":"","ast-banner-title-visibility":"","ast-main-header-display":"","ast-hfb-above-header-display":"","ast-hfb-below-header-display":"","ast-hfb-mobile-header-display":"","site-post-title":"","ast-breadcrumbs-content":"","ast-featured-img":"","footer-sml-layout":"","theme-transparent-header-meta":"","adv-header-id-meta":"","stick-header-meta":"","header-above-stick-meta":"","header-main-stick-meta":"","header-below-stick-meta":"","astra-migrate-meta-layouts":"default","ast-page-background-enabled":"default","ast-page-background-meta":{"desktop":{"background-color":"var(--ast-global-color-4)","background-image":"","background-repeat":"repeat","background-position":"center center","background-size":"auto","background-attachment":"scroll","background-type":"","background-media":"","overlay-type":"","overlay-color":"","overlay-opacity":"","overlay-gradient":""},"tablet":{"background-color":"","background-image":"","background-repeat":"repeat","background-position":"center center","background-size":"auto","background-attachment":"scroll","background-type":"","background-media":"","overlay-type":"","overlay-color":"","overlay-opacity":"","overlay-gradient":""},"mobile":{"background-color":"","background-image":"","background-repeat":"repeat","background-position":"center center","background-size":"auto","background-attachment":"scroll","background-type":"","background-media":"","overlay-type":"","overlay-color":"","overlay-opacity":"","overlay-gradient":""}},"ast-content-background-meta":{"desktop":{"background-color":"var(--ast-global-color-5)","background-image":"","background-repeat":"repeat","background-position":"center center","background-size":"auto","background-attachment":"scroll","background-type":"","background-media":"","overlay-type":"","overlay-color":"","overlay-opacity":"","overlay-gradient":""},"tablet":{"background-color":"var(--ast-global-color-5)","background-image":"","background-repeat":"repeat","background-position":"center center","background-size":"auto","background-attachment":"scroll","background-type":"","background-media":"","overlay-type":"","overlay-color":"","overlay-opacity":"","overlay-gradient":""},"mobile":{"background-color":"var(--ast-global-color-5)","background-image":"","background-repeat":"repeat","background-position":"center center","background-size":"auto","background-attachment":"scroll","background-type":"","background-media":"","overlay-type":"","overlay-color":"","overlay-opacity":"","overlay-gradient":""}},"footnotes":""},"categories":[32,65,39,21,44,1,40],"tags":[104,105],"class_list":["post-6723","post","type-post","status-publish","format-standard","has-post-thumbnail","hentry","category-activitats","category-animacio-lectora","category-grans","category-petits","category-festes","category-general","category-literari","tag-diada","tag-sant-jordi-i-santa-jordina"],"post_mailing_queue_ids":[],"_links":{"self":[{"href":"https:\/\/agora.xtec.cat\/ceipalfes\/wp-json\/wp\/v2\/posts\/6723","targetHints":{"allow":["GET"]}}],"collection":[{"href":"https:\/\/agora.xtec.cat\/ceipalfes\/wp-json\/wp\/v2\/posts"}],"about":[{"href":"https:\/\/agora.xtec.cat\/ceipalfes\/wp-json\/wp\/v2\/types\/post"}],"author":[{"embeddable":true,"href":"https:\/\/agora.xtec.cat\/ceipalfes\/wp-json\/wp\/v2\/users\/52"}],"replies":[{"embeddable":true,"href":"https:\/\/agora.xtec.cat\/ceipalfes\/wp-json\/wp\/v2\/comments?post=6723"}],"version-history":[{"count":4,"href":"https:\/\/agora.xtec.cat\/ceipalfes\/wp-json\/wp\/v2\/posts\/6723\/revisions"}],"predecessor-version":[{"id":6744,"href":"https:\/\/agora.xtec.cat\/ceipalfes\/wp-json\/wp\/v2\/posts\/6723\/revisions\/6744"}],"wp:featuredmedia":[{"embeddable":true,"href":"https:\/\/agora.xtec.cat\/ceipalfes\/wp-json\/wp\/v2\/media\/6728"}],"wp:attachment":[{"href":"https:\/\/agora.xtec.cat\/ceipalfes\/wp-json\/wp\/v2\/media?parent=6723"}],"wp:term":[{"taxonomy":"category","embeddable":true,"href":"https:\/\/agora.xtec.cat\/ceipalfes\/wp-json\/wp\/v2\/categories?post=6723"},{"taxonomy":"post_tag","embeddable":true,"href":"https:\/\/agora.xtec.cat\/ceipalfes\/wp-json\/wp\/v2\/tags?post=6723"}],"curies":[{"name":"wp","href":"https:\/\/api.w.org\/{rel}","templated":true}]}}