{"id":6675,"date":"2022-03-13T12:46:51","date_gmt":"2022-03-13T11:46:51","guid":{"rendered":"https:\/\/agora.xtec.cat\/ceipalfes\/?p=6675"},"modified":"2022-03-14T22:20:45","modified_gmt":"2022-03-14T21:20:45","slug":"ens-posem-les-ulleres-violeta","status":"publish","type":"post","link":"https:\/\/agora.xtec.cat\/ceipalfes\/general\/ens-posem-les-ulleres-violeta\/","title":{"rendered":"ENS POSEM LES ULLERES VIOLETA !"},"content":{"rendered":"<p>AQUEST PASSAT 9 DE MAR\u00c7 VAM PODER GAUDIR DEL <strong>TALLER MIRADES VIOLETA<\/strong> GR\u00c0CIES A UN PREMI GUANYAT PER UNA DE LES NOSTRES FAM\u00cdLIES EN UN SORTEIG.<\/p>\n<p>DURANT EL TALLER VAM PODER REFLEXIONAR ENTORN ESTEREOTIPS SEXISTES ANALITZANT LES NOSTRES PERTINENCES (MOTXILLES, OBJECTES PERSONALS, ETC) I TAMB\u00c9 ELS PREJUDICIS DE G\u00c8NERE QUE HI HA ENTORN ELS OFICIS\/PROFESSIONS.<\/p>\n<p>VAM DESCOBRIR QUE LA NOSTRA ESCOLA ERA FEMINISTA JA QUE DEFENSEM EL DRET D&#8217;OPORTUNITATS I D&#8217;IGUALTAT ENTRE ELS NENS I LES NENES DE L&#8217;ESCOLA.<\/p>\n<p>A M\u00c9S, PODREM GAUDIR DURANT UNS DIES D&#8217;UNA MALETA AMB JOCS I CONTES COEDUCATIUS QUE JA HEM COMEN\u00c7AT A LLEGIR DURANT LES ESTONES D&#8217;APADRINAMENT LECTOR. MIRA-HO CLICANT A LA FOTO !<\/p>\n<p>AQUESTA TEM\u00c0TICA ENS AGRADA MOLT ! ! !<\/p>\n<p><a href=\"https:\/\/photos.app.goo.gl\/dPy8Rpduq3VgGa4c7\"><img loading=\"lazy\" decoding=\"async\" class=\"alignnone size-full wp-image-6676\" src=\"https:\/\/agora.xtec.cat\/ceipalfes\/wp-content\/uploads\/usu315\/2022\/03\/FOTO.png\" alt=\"\" width=\"411\" height=\"548\" srcset=\"https:\/\/agora.xtec.cat\/ceipalfes\/wp-content\/uploads\/usu315\/2022\/03\/FOTO.png 411w, https:\/\/agora.xtec.cat\/ceipalfes\/wp-content\/uploads\/usu315\/2022\/03\/FOTO-225x300.png 225w\" sizes=\"auto, (max-width: 411px) 100vw, 411px\" \/><\/a><\/p>\n<p>&nbsp;<\/p>\n","protected":false},"excerpt":{"rendered":"<p>AQUEST PASSAT 9 DE MAR\u00c7 VAM PODER GAUDIR DEL TALLER MIRADES VIOLETA GR\u00c0CIES A UN PREMI GUANYAT PER UNA DE LES NOSTRES FAM\u00cdLIES EN UN SORTEIG. DURANT EL TALLER VAM PODER REFLEXIONAR ENTORN ESTEREOTIPS SEXISTES ANALITZANT LES NOSTRES PERTINENCES (MOTXILLES, OBJECTES PERSONALS, ETC) I TAMB\u00c9 ELS PREJUDICIS DE G\u00c8NERE QUE HI HA ENTORN ELS OFICIS\/PROFESSIONS. [&hellip;]<\/p>\n","protected":false},"author":52,"featured_media":6676,"comment_status":"open","ping_status":"closed","sticky":false,"template":"","format":"standard","meta":{"_bbp_topic_count":0,"_bbp_reply_count":0,"_bbp_total_topic_count":0,"_bbp_total_reply_count":0,"_bbp_voice_count":0,"_bbp_anonymous_reply_count":0,"_bbp_topic_count_hidden":0,"_bbp_reply_count_hidden":0,"_bbp_forum_subforum_count":0,"site-sidebar-layout":"default","site-content-layout":"","ast-site-content-layout":"","site-content-style":"default","site-sidebar-style":"default","ast-global-header-display":"","ast-banner-title-visibility":"","ast-main-header-display":"","ast-hfb-above-header-display":"","ast-hfb-below-header-display":"","ast-hfb-mobile-header-display":"","site-post-title":"","ast-breadcrumbs-content":"","ast-featured-img":"","footer-sml-layout":"","theme-transparent-header-meta":"","adv-header-id-meta":"","stick-header-meta":"","header-above-stick-meta":"","header-main-stick-meta":"","header-below-stick-meta":"","astra-migrate-meta-layouts":"default","ast-page-background-enabled":"default","ast-page-background-meta":{"desktop":{"background-color":"var(--ast-global-color-4)","background-image":"","background-repeat":"repeat","background-position":"center center","background-size":"auto","background-attachment":"scroll","background-type":"","background-media":"","overlay-type":"","overlay-color":"","overlay-opacity":"","overlay-gradient":""},"tablet":{"background-color":"","background-image":"","background-repeat":"repeat","background-position":"center center","background-size":"auto","background-attachment":"scroll","background-type":"","background-media":"","overlay-type":"","overlay-color":"","overlay-opacity":"","overlay-gradient":""},"mobile":{"background-color":"","background-image":"","background-repeat":"repeat","background-position":"center center","background-size":"auto","background-attachment":"scroll","background-type":"","background-media":"","overlay-type":"","overlay-color":"","overlay-opacity":"","overlay-gradient":""}},"ast-content-background-meta":{"desktop":{"background-color":"var(--ast-global-color-5)","background-image":"","background-repeat":"repeat","background-position":"center center","background-size":"auto","background-attachment":"scroll","background-type":"","background-media":"","overlay-type":"","overlay-color":"","overlay-opacity":"","overlay-gradient":""},"tablet":{"background-color":"var(--ast-global-color-5)","background-image":"","background-repeat":"repeat","background-position":"center center","background-size":"auto","background-attachment":"scroll","background-type":"","background-media":"","overlay-type":"","overlay-color":"","overlay-opacity":"","overlay-gradient":""},"mobile":{"background-color":"var(--ast-global-color-5)","background-image":"","background-repeat":"repeat","background-position":"center center","background-size":"auto","background-attachment":"scroll","background-type":"","background-media":"","overlay-type":"","overlay-color":"","overlay-opacity":"","overlay-gradient":""}},"footnotes":""},"categories":[32,65,39,21,1],"tags":[101,100],"class_list":["post-6675","post","type-post","status-publish","format-standard","has-post-thumbnail","hentry","category-activitats","category-animacio-lectora","category-grans","category-petits","category-general","tag-contes-coeducatius","tag-estereotips-sexistes"],"post_mailing_queue_ids":[],"_links":{"self":[{"href":"https:\/\/agora.xtec.cat\/ceipalfes\/wp-json\/wp\/v2\/posts\/6675","targetHints":{"allow":["GET"]}}],"collection":[{"href":"https:\/\/agora.xtec.cat\/ceipalfes\/wp-json\/wp\/v2\/posts"}],"about":[{"href":"https:\/\/agora.xtec.cat\/ceipalfes\/wp-json\/wp\/v2\/types\/post"}],"author":[{"embeddable":true,"href":"https:\/\/agora.xtec.cat\/ceipalfes\/wp-json\/wp\/v2\/users\/52"}],"replies":[{"embeddable":true,"href":"https:\/\/agora.xtec.cat\/ceipalfes\/wp-json\/wp\/v2\/comments?post=6675"}],"version-history":[{"count":2,"href":"https:\/\/agora.xtec.cat\/ceipalfes\/wp-json\/wp\/v2\/posts\/6675\/revisions"}],"predecessor-version":[{"id":6678,"href":"https:\/\/agora.xtec.cat\/ceipalfes\/wp-json\/wp\/v2\/posts\/6675\/revisions\/6678"}],"wp:featuredmedia":[{"embeddable":true,"href":"https:\/\/agora.xtec.cat\/ceipalfes\/wp-json\/wp\/v2\/media\/6676"}],"wp:attachment":[{"href":"https:\/\/agora.xtec.cat\/ceipalfes\/wp-json\/wp\/v2\/media?parent=6675"}],"wp:term":[{"taxonomy":"category","embeddable":true,"href":"https:\/\/agora.xtec.cat\/ceipalfes\/wp-json\/wp\/v2\/categories?post=6675"},{"taxonomy":"post_tag","embeddable":true,"href":"https:\/\/agora.xtec.cat\/ceipalfes\/wp-json\/wp\/v2\/tags?post=6675"}],"curies":[{"name":"wp","href":"https:\/\/api.w.org\/{rel}","templated":true}]}}