{"id":664,"date":"2015-12-17T16:57:22","date_gmt":"2015-12-17T15:57:22","guid":{"rendered":"http:\/\/agora.xtec.cat\/ceipalfes\/?p=664"},"modified":"2021-09-29T16:15:47","modified_gmt":"2021-09-29T14:15:47","slug":"cartes-als-reis-dorient-2015","status":"publish","type":"post","link":"https:\/\/agora.xtec.cat\/ceipalfes\/activitats\/redeaccions\/cartes-als-reis-dorient-2015\/","title":{"rendered":"Cartes als Reis d&#8217;Orient .  2015"},"content":{"rendered":"<p>Benvolguts reis mags.<br \/>\nS\u00f3c en<img loading=\"lazy\" decoding=\"async\" class=\" size-full wp-image-528 alignleft\" src=\"http:\/\/agora.xtec.cat\/ceipalfes\/wp-content\/uploads\/usu315\/2015\/11\/Pol-c.jpg\" alt=\"Pol c\" width=\"114\" height=\"137\" \/> Pol\u00a0 Nadal, de l\u2019Escola d\u2019Alf\u00e9s. \u00a0Voldria demanar-vos que sigueu\u00a0 bons reis i porteu a tothom tot el que us demanin&#8230;\u00a0\u00a0\u00a0 si podeu, es clar.<br \/>\nA la mare li porteu un bolso nou i un paraig\u00fces. A la tieta unes estisores per treballar al campi uns pantalons.<br \/>\nA la iaia un paraig\u00fces, tamb\u00e9..<br \/>\nAl meu germ\u00e0 la play stion4 i un ordenador.<br \/>\nAl pare unes sabates per treballar al camp i unes estisores petites.<br \/>\nAl tiet una c\u00e0mera de fotos i un motos serra.<br \/>\nI jo un cotxe amb comandament i un ordenador.<br \/>\nI per qui es tr\u00f2bi \u00a0malament li regaleu el que necessiti. Molt\u00edssimes gracies.<br \/>\nUn peto super gran !!!!!! \u00a0 \u00a0\u00a0Pol<\/p>\n<p><a href=\"http:\/\/agora.xtec.cat\/ceipalfes\/wp-content\/uploads\/usu315\/2015\/11\/ferard-c.jpg\"><img loading=\"lazy\" decoding=\"async\" class=\" size-full wp-image-520 alignleft\" src=\"http:\/\/agora.xtec.cat\/ceipalfes\/wp-content\/uploads\/usu315\/2015\/11\/ferard-c.jpg\" alt=\"ferard c\" width=\"120\" height=\"148\" \/><\/a>Estimats reis mags el meu nom \u00e9s Gerard i s\u00f3c de l&#8217; Escola d\u2019Alf\u00e9s.<br \/>\nSi voleu con\u00e8ixer m\u00e9s la nostra escola \u00a0podeu entrar a la nostra WEB.\u00a0 Aneu al Google i\u00a0 cerqueu \u201cEscola d\u2019Alf\u00e9s\u201d .\u00a0 Entreu-hi. All\u00ed trobareu molta informaci\u00f3 de la nostra escola i tamb\u00e9 hi ha pel\u00b7l\u00edcules i \u00a0jocs de nadal, \u00a0de socials&#8230;\u00a0 All\u00ed veureu que fem moltes coses i encara en voldr\u00edem fer m\u00e9s.<br \/>\nEns podr\u00edeu deixar algunes joguines a l&#8217;escola quan passeu a la vora.<br \/>\nUs he de dir que no em porto massa b\u00e9.\u00a0 Jo s\u00ed que em voldria portar b\u00e9\u00a0 per\u00f2 em despisto\u00a0 i no hi penso\u00a0\u00a0 i llavors m\u2019han d\u2019avisar i de vegades castigar.<br \/>\nUs voldria demanar alegria pels meus amics.\u00a0 Molta estimaci\u00f3 pels meus pares i padrins.<br \/>\nMentre veniu vigileu\u00a0 molt per que\u00a0 diuen a la tele que hi ha guerra a l\u2019orient.<br \/>\nQuan arribeu al meu balc\u00f3 trobareu una espardenya amb el meu nom \u2013Gerard- All\u00ed podeu deixar la joguina que vosaltres ja sabeu que vull.<br \/>\nMengeu torrons i vi dol\u00e7\u00a0 que la mare us deixa a la tauleta del balc\u00f3.<br \/>\nUn pet\u00f3 i gr\u00e0cies per venir tots els anys. \u00a0 \u00a0\u00a0Gerard.<\/p>\n<p><a href=\"http:\/\/agora.xtec.cat\/ceipalfes\/wp-content\/uploads\/usu315\/2015\/11\/mohamed-c.jpg\"><img loading=\"lazy\" decoding=\"async\" class=\" size-full wp-image-526 alignleft\" src=\"http:\/\/agora.xtec.cat\/ceipalfes\/wp-content\/uploads\/usu315\/2015\/11\/mohamed-c.jpg\" alt=\"mohamed c\" width=\"123\" height=\"147\" \/><\/a>Estimats reis de l\u2019Orient,<br \/>\naquest any voldria \u00a0que als meus pares els porteu feina i a la mare descans. Per els meus\u00a0 amics pau i tot lo que necessiten per \u00a0viure: aigua, casa, escola i estimaci\u00f3.<br \/>\nPer les meves germanes un \u00a0m\u00f2bil i un ordinador .<br \/>\nPer als meus amics Pau i Marc el GTA5 i una BMX.<br \/>\nEspero que arribeu molt aviat. Bona Sort pel cam\u00ed fins ALF\u00c9S.<br \/>\nMohamed<\/p>\n<p><a href=\"http:\/\/agora.xtec.cat\/ceipalfes\/wp-content\/uploads\/usu315\/2015\/11\/ines-c.jpg\"><img loading=\"lazy\" decoding=\"async\" class=\" size-full wp-image-524 alignleft\" src=\"http:\/\/agora.xtec.cat\/ceipalfes\/wp-content\/uploads\/usu315\/2015\/11\/ines-c.jpg\" alt=\"ines c\" width=\"145\" height=\"160\" \/><\/a>Estimats companys d\u2019orient,<br \/>\naquest Nadal \u00e9s diferent, molt diferent. Especialment per que durant aquests mesos hi han hagut atacs terroristes i moltes desgr\u00e0cies al m\u00f3n.<br \/>\nM\u2019agradaria que no es jutg\u00e9s les persones\u00a0per la seva religi\u00f3, pel lloc d\u2019on venen o pels \u00a0costums que tenen.\u00a0 El meu padr\u00ed em deia que els amics es poden comptar amb els dits de les mans. El meu pare, el meu \u00eddol, persona que em va donar la vida i persona que admiro amb tota la meva for\u00e7a, em diu que no s\u2019ha de posar a totes les persones al mateix sac.\u00a0 El meu pare est\u00e0 malalt, i per aix\u00f2 el cuido m\u00e9s que a mi mateixa i l\u2019estimo amb tot el meu cor.<br \/>\nAquest any els meus regals doneu-los \u00a0als nens refugiats de S\u00edria o als \u00a0que no en poden tenir.<br \/>\nA les persones mentideres porteu-los una mica de honestedat.<br \/>\nA les desorientades doneu-los una br\u00faixola, per que no perdin el nord, i trobin la felicitat..<br \/>\nAl lloc d\u2019on s\u00f3n els meus pares, el Marroc, compartir \u00e9s un costum i acollir les persones amb respecte \u00e9s molt important. La majoria s\u00f3n bones persones<br \/>\nAquests \u00a0dies podr\u00edeu fer de periodistes i donar bones not\u00edcies dels pa\u00efsos d\u2019on veniu i de la bona gent que viu all\u00e0. \u00a0\u00a0Que\u00a0 mostreu al m\u00f3n les coses bones \u00a0que tenim.\u00a0 Aix\u00ed sentir\u00edem una versi\u00f3 diferent de les males not\u00edcies que \u00a0es donen sempre.<br \/>\nMireu, quan aneu passant\u00a0 pels llocs agafeu \u00a0les \u00a0males persones i fiqueu-les als vostres sacs,\u00a0 on hi guardeu el carb\u00f3.<br \/>\nAquest Nadal sigueu m\u00e9s comprensius i bones persones que l\u2019anterior, i si cada any ho fem aix\u00ed, tothom ser\u00e0 feli\u00e7! Amics del meu cor, us he de deixar, per que teniu molta feina. Hi ha tantes coses\u00a0 per demanar-vos que mai pararia d\u2019escriure.<br \/>\nUn pet\u00f3 i una gran abra\u00e7ada!<br \/>\nPD: Si no podeu amb tanta feina, truqueu-me i amb molt de gust us ajudar\u00e9 \u00a0 \u00a0In\u00e9s<\/p>\n<p><a href=\"http:\/\/agora.xtec.cat\/ceipalfes\/wp-content\/uploads\/usu315\/2015\/11\/pau-c.jpg\"><img loading=\"lazy\" decoding=\"async\" class=\" size-full wp-image-527 alignleft\" src=\"http:\/\/agora.xtec.cat\/ceipalfes\/wp-content\/uploads\/usu315\/2015\/11\/pau-c.jpg\" alt=\"pau c\" width=\"130\" height=\"160\" \/><\/a>Estimats reis mags:<\/p>\n<p>M\u2019agradaria tant que per uns dies gir\u00e9ssiu el m\u00f3n del\u00a0reves i que les not\u00edcies de TV3 f\u00f3ssin totes bones . Que\u00a0la mare no es cans\u00e9s al treballar . Que el pare tingu\u00e9s\u00a0trenta bra\u00e7os per arreglar d\u2019un sol cop totes les\u00a0tuberies del poble.\u00a0Que tota la gent pobra fos rica per alguns dies .\u00a0I que vosaltres, enlloc de venir un sol dia, vingu\u00e9ssiu \u00a0cada dia.\u00a0Llavors el m\u00f3n seria millor .<br \/>\nFins l\u2019any vinent: \u00a0El vostre amic Pau.<\/p>\n<p><a href=\"http:\/\/agora.xtec.cat\/ceipalfes\/wp-content\/uploads\/usu315\/2015\/11\/marc.jpg\"><img loading=\"lazy\" decoding=\"async\" class=\" size-full wp-image-525 alignleft\" src=\"http:\/\/agora.xtec.cat\/ceipalfes\/wp-content\/uploads\/usu315\/2015\/11\/marc.jpg\" alt=\"marc\" width=\"114\" height=\"141\" \/><\/a>Benvinguts reis mags .<\/p>\n<p>Unes paraules per demanar-vos grans coses. \u00a0Aquest any, com cada any voldria que hi hagu\u00e9s\u00a0pau, felicitat i benestar .Voldria demanar-vos per casa meva un robot que\u00a0netegi la casa per que la meva mare es cansa molt.\u00a0I per el meu pare una m\u00e0quina que porti els ous a\u00a0la carreta del cami\u00f3 que recull els ous per que \u00e9s\u00a0molt llarg i pesat.<br \/>\nM\u2019agradaria que port\u00e9ssiu a tothom tot el que\u00a0necessiten per sentir-se feli\u00e7os.<br \/>\nM\u2019agradaria tamb\u00e9 que port\u00e9ssiu noticies m\u00e9s\u00a0bones que les que sentim cada dia a la tele.<br \/>\nM\u2019agradaria que repart\u00edssiu els diners dels rics\u00a0entre tots i tothom tinguem prou diners per viure\u00a0prou b\u00e9 i poder comprar joguines als seus nens.\u00a0Com m\u2019encantaria que f\u00e9ssiu tot aix\u00f2 !!!<br \/>\nGr\u00e0cies i fins l\u2019any vinent. El vostre admirador \u00a0 \u00a0\u00a0Marc Masot.<\/p>\n<p><a href=\"http:\/\/agora.xtec.cat\/ceipalfes\/wp-content\/uploads\/usu315\/2015\/11\/elda-c.jpg\"><img loading=\"lazy\" decoding=\"async\" class=\" size-full wp-image-519 alignleft\" src=\"http:\/\/agora.xtec.cat\/ceipalfes\/wp-content\/uploads\/usu315\/2015\/11\/elda-c.jpg\" alt=\"elda c\" width=\"129\" height=\"151\" \/><\/a>Estimats Reis Mags, aquest any m\u2019he portat for\u00e7a b\u00e9, no puc dir molt b\u00e9 perqu\u00e8 us estaria enganyant. Al m\u00f3n hi ha hagut coses bastants desagradables, a mi m\u2019agradaria poder ajudar a les persones de S\u00edria\u00a0 i que els Terroristes no fossin dolents. Per\u00f2 ara el que vull es oblidar-ho i que la gent estigui feli\u00e7 i que al m\u00f3n no hi hagin\u00a0 guerres. Seguir un nou cam\u00ed en pau i deixar enrera tot el dolent. Parar de fer mal a les persones inocents. Si us plau demano molta alegria i salut per a la meva fam\u00edlia. Felicitat i benestar per als amics i amigues que em fan riure. I als mestres que m\u2019ajuden a aprendre, que visquin molts anys m\u00e9s. A la meva germaneta, li podr\u00edeu portar alguna coseta, encara que a vegades em fa enfadar. Al meu pare un ajudant que l\u2019ajudi a les granges. A ma mare una m\u00e0quina que netegi tota la casa.<br \/>\nAd\u00e9u! Estimats Reis Mags. Fins l\u2019any que ve!<br \/>\nI&#8230; molt\u00edssimes gr\u00e0cies. Un pet\u00f3! \u00a0\u00a0Elda<\/p>\n<p><a href=\"http:\/\/agora.xtec.cat\/ceipalfes\/wp-content\/uploads\/usu315\/2015\/11\/roger-c.jpg\"><img loading=\"lazy\" decoding=\"async\" class=\" size-full wp-image-529 alignleft\" src=\"http:\/\/agora.xtec.cat\/ceipalfes\/wp-content\/uploads\/usu315\/2015\/11\/roger-c.jpg\" alt=\"roger c\" width=\"138\" height=\"171\" \/><\/a>Hola un altre cop Reis Mags aquest any no vull regals\u00a0per que s\u00e9 que hi ha coses m\u00e9s importants a demanar.<br \/>\nPrimer de tot vull demanar que arribeu sans i estalvis. Que\u00a0per la gent del m\u00f3n porteu molta Pau i molta salut. Per\u00f2 jo\u00a0voldria m\u00e9s Pau i salut per la gent de l\u2019\u00c0frica. Tamb\u00e9\u00a0desitjaria amb tot el meu cor que tots el de l\u2019\u00c0frica tinguin\u00a0tot el que tenim nosaltres. Jo tamb\u00e9 vull que no hi hagi\u00a0tants rics al m\u00f3n, o sigui que tota la gent tinguem el mateix<br \/>\naix\u00ed no hi hauria gent necessitada. Aix\u00ed no hi hauria\u00a0pobresa i aix\u00ed la gent podria pagar la aigua, el menjar, la llum\u00a0etc.<br \/>\nTamb\u00e9 que parin els terroristes i tots els pa\u00efsos fossin\u00a0amics. Ja s\u00e9 que us estic avorrint molt per\u00f2 acabar\u00e9 aviat.<br \/>\nUna de les \u00faltimes coses que us vull demanar \u00e9s que\u00a0s\u2019acabi la contaminaci\u00f3. Per\u00f2 la cosa que voldr\u00e0 que f\u00e9ssiu\u00a0m\u00e9s \u00e9s que s\u2019acabin les malalties que ara no es poden\u00a0curar i que es trobi la cura. I pels del meu voltant: pel pare<br \/>\nmolta sort al tros, per la mare que no es cansi quan treballi\u00a0per les nits i pel meu germ\u00e0 que es porti millor.<br \/>\nRoger Nadal Lavernia<\/p>\n<p><span style=\"font-size: 12pt;\"><a href=\"http:\/\/agora.xtec.cat\/ceipalfes\/wp-content\/uploads\/usu315\/2015\/11\/hamza-c.jpg\"><img loading=\"lazy\" decoding=\"async\" class=\" size-full wp-image-521 alignleft\" src=\"http:\/\/agora.xtec.cat\/ceipalfes\/wp-content\/uploads\/usu315\/2015\/11\/hamza-c.jpg\" alt=\"hamza c\" width=\"125\" height=\"157\" \/><\/a>Hola reis .Us vull dir una cosa: us vull veure alguna vegada. M\u2019han dit que veniu de fora de Catalunya , des del costat d\u2019Egipte .Vull demanar \u00a0per la meva mare i el meu pare que visquin \u00a0molts anys. Pels meus padrins m\u00e9s salut. Per a mi pau i benestar. Tamb\u00e9 una altra cosa pel meu pare: Que no se cans\u00e9s molt a la feina . Per als nens de tot el m\u00f3n que tinguin regals. La cosa que \u00a0m\u00e9s vull \u00e9s que no \u00a0hi hagi crisis. Ja \u00e9s hora d&#8217; acomiadar-nos . Reis mags fins l\u2019any que ve.<br \/>\n<\/span><span style=\"font-size: 12pt;\">Ad\u00e9u!!!!!!!!!!! \u00a0\u00a0<\/span>Hamza<\/p>\n<p><a href=\"http:\/\/agora.xtec.cat\/ceipalfes\/wp-content\/uploads\/usu315\/2015\/11\/claudia-c.jpg\"><img loading=\"lazy\" decoding=\"async\" class=\" size-full wp-image-523 alignleft\" src=\"http:\/\/agora.xtec.cat\/ceipalfes\/wp-content\/uploads\/usu315\/2015\/11\/claudia-c.jpg\" alt=\"claudia c\" width=\"123\" height=\"165\" \/><\/a>Estimats Reis mags, aquest any m\u2019he portat for\u00e7a b\u00e9. Per\u00f2 mai\u00a0es podria dir s\u00faper b\u00e9 perqu\u00e8 ning\u00fa \u00e9s perfecte. Jo no vull \u00a0demanar res en especial, \u00a0nom\u00e9s m\u2019agradaria que al m\u00f3n no hi \u00a0hagu\u00e9s gent violenta i \u00a0que tots els meus amics visquin feli\u00e7os\u00a0sense records dolents. I per aix\u00f2 m\u2019 agradaria que ho f\u00e9ssiu\u00a0realitat. Una pregunta: si Nadal fos a l&#8217;estiu, \u00a0us tallar\u00edeu les\u00a0barbes com diu el poema? \u00a0\u00a0Espero no haver-vos fet perdre el temps. S\u00e9 que teniu moltes\u00a0cartes per llegir. \u00a0Mengeu for\u00e7a torrons i no perdeu\u00a0 la\u00a0salut. Fins l\u2019any que ve.<br \/>\nCl\u00e0udia<\/p>\n<p>&nbsp;<\/p>\n","protected":false},"excerpt":{"rendered":"<p>Benvolguts reis mags. S\u00f3c en Pol\u00a0 Nadal, de l\u2019Escola d\u2019Alf\u00e9s. \u00a0Voldria demanar-vos que sigueu\u00a0 bons reis i porteu a tothom tot el que us demanin&#8230;\u00a0\u00a0\u00a0 si podeu, es clar. A la mare li porteu un bolso nou i un paraig\u00fces. A la tieta unes estisores per treballar al campi uns pantalons. A la iaia un [&hellip;]<\/p>\n","protected":false},"author":1,"featured_media":0,"comment_status":"open","ping_status":"closed","sticky":false,"template":"","format":"standard","meta":{"_bbp_topic_count":0,"_bbp_reply_count":0,"_bbp_total_topic_count":0,"_bbp_total_reply_count":0,"_bbp_voice_count":0,"_bbp_anonymous_reply_count":0,"_bbp_topic_count_hidden":0,"_bbp_reply_count_hidden":0,"_bbp_forum_subforum_count":0,"site-sidebar-layout":"default","site-content-layout":"","ast-site-content-layout":"","site-content-style":"default","site-sidebar-style":"default","ast-global-header-display":"","ast-banner-title-visibility":"","ast-main-header-display":"","ast-hfb-above-header-display":"","ast-hfb-below-header-display":"","ast-hfb-mobile-header-display":"","site-post-title":"","ast-breadcrumbs-content":"","ast-featured-img":"","footer-sml-layout":"","theme-transparent-header-meta":"","adv-header-id-meta":"","stick-header-meta":"","header-above-stick-meta":"","header-main-stick-meta":"","header-below-stick-meta":"","astra-migrate-meta-layouts":"default","ast-page-background-enabled":"default","ast-page-background-meta":{"desktop":{"background-color":"var(--ast-global-color-4)","background-image":"","background-repeat":"repeat","background-position":"center center","background-size":"auto","background-attachment":"scroll","background-type":"","background-media":"","overlay-type":"","overlay-color":"","overlay-opacity":"","overlay-gradient":""},"tablet":{"background-color":"","background-image":"","background-repeat":"repeat","background-position":"center center","background-size":"auto","background-attachment":"scroll","background-type":"","background-media":"","overlay-type":"","overlay-color":"","overlay-opacity":"","overlay-gradient":""},"mobile":{"background-color":"","background-image":"","background-repeat":"repeat","background-position":"center center","background-size":"auto","background-attachment":"scroll","background-type":"","background-media":"","overlay-type":"","overlay-color":"","overlay-opacity":"","overlay-gradient":""}},"ast-content-background-meta":{"desktop":{"background-color":"var(--ast-global-color-5)","background-image":"","background-repeat":"repeat","background-position":"center center","background-size":"auto","background-attachment":"scroll","background-type":"","background-media":"","overlay-type":"","overlay-color":"","overlay-opacity":"","overlay-gradient":""},"tablet":{"background-color":"var(--ast-global-color-5)","background-image":"","background-repeat":"repeat","background-position":"center center","background-size":"auto","background-attachment":"scroll","background-type":"","background-media":"","overlay-type":"","overlay-color":"","overlay-opacity":"","overlay-gradient":""},"mobile":{"background-color":"var(--ast-global-color-5)","background-image":"","background-repeat":"repeat","background-position":"center center","background-size":"auto","background-attachment":"scroll","background-type":"","background-media":"","overlay-type":"","overlay-color":"","overlay-opacity":"","overlay-gradient":""}},"footnotes":""},"categories":[33],"tags":[],"class_list":["post-664","post","type-post","status-publish","format-standard","hentry","category-redeaccions"],"post_mailing_queue_ids":[],"_links":{"self":[{"href":"https:\/\/agora.xtec.cat\/ceipalfes\/wp-json\/wp\/v2\/posts\/664","targetHints":{"allow":["GET"]}}],"collection":[{"href":"https:\/\/agora.xtec.cat\/ceipalfes\/wp-json\/wp\/v2\/posts"}],"about":[{"href":"https:\/\/agora.xtec.cat\/ceipalfes\/wp-json\/wp\/v2\/types\/post"}],"author":[{"embeddable":true,"href":"https:\/\/agora.xtec.cat\/ceipalfes\/wp-json\/wp\/v2\/users\/1"}],"replies":[{"embeddable":true,"href":"https:\/\/agora.xtec.cat\/ceipalfes\/wp-json\/wp\/v2\/comments?post=664"}],"version-history":[{"count":3,"href":"https:\/\/agora.xtec.cat\/ceipalfes\/wp-json\/wp\/v2\/posts\/664\/revisions"}],"predecessor-version":[{"id":741,"href":"https:\/\/agora.xtec.cat\/ceipalfes\/wp-json\/wp\/v2\/posts\/664\/revisions\/741"}],"wp:attachment":[{"href":"https:\/\/agora.xtec.cat\/ceipalfes\/wp-json\/wp\/v2\/media?parent=664"}],"wp:term":[{"taxonomy":"category","embeddable":true,"href":"https:\/\/agora.xtec.cat\/ceipalfes\/wp-json\/wp\/v2\/categories?post=664"},{"taxonomy":"post_tag","embeddable":true,"href":"https:\/\/agora.xtec.cat\/ceipalfes\/wp-json\/wp\/v2\/tags?post=664"}],"curies":[{"name":"wp","href":"https:\/\/api.w.org\/{rel}","templated":true}]}}