{"id":6388,"date":"2021-02-15T10:40:21","date_gmt":"2021-02-15T09:40:21","guid":{"rendered":"http:\/\/agora.xtec.cat\/ceipalfes\/?p=6388"},"modified":"2021-09-29T15:15:13","modified_gmt":"2021-09-29T13:15:13","slug":"la-revolucio-de-les-aules","status":"publish","type":"post","link":"https:\/\/agora.xtec.cat\/ceipalfes\/general\/la-revolucio-de-les-aules\/","title":{"rendered":"La revoluci\u00f3 de les aules"},"content":{"rendered":"<p style=\"text-align: left;\">L&#8217;aula de petits \u00e9s un ambient gran, amb molta llum natural i t\u00e9 molt potencial nom\u00e9s calia redistribuir el mobiliari per tal que els infants poguessin moure&#8217;s lliurement per l&#8217;espai sense xocar amb cap obstacle. Aix\u00f2 \u00e9s el que he fet, he creat petits ambients per treballar cada un dels continguts curriculars, per\u00f2 ara s\u00f3n els infants els qui accedeixen al material quan ho necessiten i quan estan llestos per treballar-ho.Tot ho tenen al seu abast, per\u00f2 saben que han de tractar b\u00e9 tots els materials i que nom\u00e9s poden treballar amb all\u00f2 que, previament, se&#8217;ls ha ensenyat, ja que cada material t\u00e9 un objectiu i un desenvolupament concret.<\/p>\n<p style=\"text-align: left;\">\u00a0 <a href=\"https:\/\/agora.xtec.cat\/ceipalfes\/wp-content\/uploads\/usu315\/2021\/02\/IMG_20210210_140913-e1613381532324.jpg\"><img loading=\"lazy\" decoding=\"async\" class=\"alignnone wp-image-6390 size-medium\" src=\"https:\/\/agora.xtec.cat\/ceipalfes\/wp-content\/uploads\/usu315\/2021\/02\/IMG_20210210_140913-300x138.jpg\" alt=\"\" width=\"300\" height=\"138\" \/><\/a><\/p>\n<p>Ambient de llenguatge, on estreballa la tectoescriptura.<\/p>\n<p><a href=\"https:\/\/agora.xtec.cat\/ceipalfes\/wp-content\/uploads\/usu315\/2021\/02\/IMG_20210205_085113-e1613381564877.jpg\"><img loading=\"lazy\" decoding=\"async\" class=\"alignnone wp-image-6391 size-thumbnail\" src=\"https:\/\/agora.xtec.cat\/ceipalfes\/wp-content\/uploads\/usu315\/2021\/02\/IMG_20210205_085113-150x150.jpg\" alt=\"\" width=\"150\" height=\"150\" \/>\u00a0\u00a0\u00a0\u00a0<\/a><a href=\"https:\/\/agora.xtec.cat\/ceipalfes\/wp-content\/uploads\/usu315\/2021\/02\/IMG_20210205_085121.jpg\"><img loading=\"lazy\" decoding=\"async\" class=\"alignnone wp-image-6392 size-thumbnail\" src=\"https:\/\/agora.xtec.cat\/ceipalfes\/wp-content\/uploads\/usu315\/2021\/02\/IMG_20210205_085121-150x150.jpg\" alt=\"\" width=\"150\" height=\"150\" \/><\/a><\/p>\n<p>Ambient de matem\u00e0tiques, \u00e9s el lloc on treballem tot el que t\u00e9 a veure amb el raonament matem\u00e0tic, l&#8217;aprenentatge dels n\u00fameros, les seves quantitats i a fer petites operacions simples.<\/p>\n<p><a href=\"https:\/\/agora.xtec.cat\/ceipalfes\/wp-content\/uploads\/usu315\/2021\/02\/IMG_20210205_085139.jpg\"><img loading=\"lazy\" decoding=\"async\" class=\"alignnone wp-image-6394 size-thumbnail\" src=\"https:\/\/agora.xtec.cat\/ceipalfes\/wp-content\/uploads\/usu315\/2021\/02\/IMG_20210205_085139-150x150.jpg\" alt=\"\" width=\"150\" height=\"150\" \/><\/a><\/p>\n<p>Ambient d&#8217;art, motricitat i vida pr\u00e0ctica, com b\u00e9 diu el nom \u00e9s el lloc on els infants poden expressar lliurement la seva creativitat a trav\u00e9s de diferents activitats que reforcen el treball de la motricitat fina, amb encaixos, gomets, imatge i cola, etc.<\/p>\n<p><a href=\"https:\/\/agora.xtec.cat\/ceipalfes\/wp-content\/uploads\/usu315\/2021\/02\/IMG_20210205_085148.jpg\"><img loading=\"lazy\" decoding=\"async\" class=\"alignnone wp-image-6395 size-thumbnail\" src=\"https:\/\/agora.xtec.cat\/ceipalfes\/wp-content\/uploads\/usu315\/2021\/02\/IMG_20210205_085148-150x150.jpg\" alt=\"\" width=\"150\" height=\"150\" \/><\/a> <a href=\"https:\/\/agora.xtec.cat\/ceipalfes\/wp-content\/uploads\/usu315\/2021\/02\/IMG_20210205_085129.jpg\"><img loading=\"lazy\" decoding=\"async\" class=\"alignnone wp-image-6393 size-thumbnail\" src=\"https:\/\/agora.xtec.cat\/ceipalfes\/wp-content\/uploads\/usu315\/2021\/02\/IMG_20210205_085129-150x150.jpg\" alt=\"\" width=\"150\" height=\"150\" \/>\u00a0<\/a><\/p>\n","protected":false},"excerpt":{"rendered":"<p>L&#8217;aula de petits \u00e9s un ambient gran, amb molta llum natural i t\u00e9 molt potencial nom\u00e9s calia redistribuir el mobiliari per tal que els infants poguessin moure&#8217;s lliurement per l&#8217;espai sense xocar amb cap obstacle. Aix\u00f2 \u00e9s el que he fet, he creat petits ambients per treballar cada un dels continguts curriculars, per\u00f2 ara s\u00f3n [&hellip;]<\/p>\n","protected":false},"author":1,"featured_media":0,"comment_status":"open","ping_status":"closed","sticky":false,"template":"","format":"standard","meta":{"_bbp_topic_count":0,"_bbp_reply_count":0,"_bbp_total_topic_count":0,"_bbp_total_reply_count":0,"_bbp_voice_count":0,"_bbp_anonymous_reply_count":0,"_bbp_topic_count_hidden":0,"_bbp_reply_count_hidden":0,"_bbp_forum_subforum_count":0,"site-sidebar-layout":"default","site-content-layout":"","ast-site-content-layout":"","site-content-style":"default","site-sidebar-style":"default","ast-global-header-display":"","ast-banner-title-visibility":"","ast-main-header-display":"","ast-hfb-above-header-display":"","ast-hfb-below-header-display":"","ast-hfb-mobile-header-display":"","site-post-title":"","ast-breadcrumbs-content":"","ast-featured-img":"","footer-sml-layout":"","theme-transparent-header-meta":"","adv-header-id-meta":"","stick-header-meta":"","header-above-stick-meta":"","header-main-stick-meta":"","header-below-stick-meta":"","astra-migrate-meta-layouts":"default","ast-page-background-enabled":"default","ast-page-background-meta":{"desktop":{"background-color":"var(--ast-global-color-4)","background-image":"","background-repeat":"repeat","background-position":"center center","background-size":"auto","background-attachment":"scroll","background-type":"","background-media":"","overlay-type":"","overlay-color":"","overlay-opacity":"","overlay-gradient":""},"tablet":{"background-color":"","background-image":"","background-repeat":"repeat","background-position":"center center","background-size":"auto","background-attachment":"scroll","background-type":"","background-media":"","overlay-type":"","overlay-color":"","overlay-opacity":"","overlay-gradient":""},"mobile":{"background-color":"","background-image":"","background-repeat":"repeat","background-position":"center center","background-size":"auto","background-attachment":"scroll","background-type":"","background-media":"","overlay-type":"","overlay-color":"","overlay-opacity":"","overlay-gradient":""}},"ast-content-background-meta":{"desktop":{"background-color":"var(--ast-global-color-5)","background-image":"","background-repeat":"repeat","background-position":"center center","background-size":"auto","background-attachment":"scroll","background-type":"","background-media":"","overlay-type":"","overlay-color":"","overlay-opacity":"","overlay-gradient":""},"tablet":{"background-color":"var(--ast-global-color-5)","background-image":"","background-repeat":"repeat","background-position":"center center","background-size":"auto","background-attachment":"scroll","background-type":"","background-media":"","overlay-type":"","overlay-color":"","overlay-opacity":"","overlay-gradient":""},"mobile":{"background-color":"var(--ast-global-color-5)","background-image":"","background-repeat":"repeat","background-position":"center center","background-size":"auto","background-attachment":"scroll","background-type":"","background-media":"","overlay-type":"","overlay-color":"","overlay-opacity":"","overlay-gradient":""}},"footnotes":""},"categories":[21,1],"tags":[],"class_list":["post-6388","post","type-post","status-publish","format-standard","hentry","category-petits","category-general"],"post_mailing_queue_ids":[],"_links":{"self":[{"href":"https:\/\/agora.xtec.cat\/ceipalfes\/wp-json\/wp\/v2\/posts\/6388","targetHints":{"allow":["GET"]}}],"collection":[{"href":"https:\/\/agora.xtec.cat\/ceipalfes\/wp-json\/wp\/v2\/posts"}],"about":[{"href":"https:\/\/agora.xtec.cat\/ceipalfes\/wp-json\/wp\/v2\/types\/post"}],"author":[{"embeddable":true,"href":"https:\/\/agora.xtec.cat\/ceipalfes\/wp-json\/wp\/v2\/users\/1"}],"replies":[{"embeddable":true,"href":"https:\/\/agora.xtec.cat\/ceipalfes\/wp-json\/wp\/v2\/comments?post=6388"}],"version-history":[{"count":1,"href":"https:\/\/agora.xtec.cat\/ceipalfes\/wp-json\/wp\/v2\/posts\/6388\/revisions"}],"predecessor-version":[{"id":6396,"href":"https:\/\/agora.xtec.cat\/ceipalfes\/wp-json\/wp\/v2\/posts\/6388\/revisions\/6396"}],"wp:attachment":[{"href":"https:\/\/agora.xtec.cat\/ceipalfes\/wp-json\/wp\/v2\/media?parent=6388"}],"wp:term":[{"taxonomy":"category","embeddable":true,"href":"https:\/\/agora.xtec.cat\/ceipalfes\/wp-json\/wp\/v2\/categories?post=6388"},{"taxonomy":"post_tag","embeddable":true,"href":"https:\/\/agora.xtec.cat\/ceipalfes\/wp-json\/wp\/v2\/tags?post=6388"}],"curies":[{"name":"wp","href":"https:\/\/api.w.org\/{rel}","templated":true}]}}