{"id":6037,"date":"2020-03-08T18:54:11","date_gmt":"2020-03-08T17:54:11","guid":{"rendered":"http:\/\/agora.xtec.cat\/ceipalfes\/?p=6037"},"modified":"2021-09-29T15:27:31","modified_gmt":"2021-09-29T13:27:31","slug":"les-flors-de-marc-a-alfes","status":"publish","type":"post","link":"https:\/\/agora.xtec.cat\/ceipalfes\/activitats\/entorn\/les-flors-de-marc-a-alfes\/","title":{"rendered":"LES FLORS DE MAR\u00c7 A ALF\u00c9S"},"content":{"rendered":"<p><a href=\"https:\/\/agora.xtec.cat\/ceipalfes\/wp-content\/uploads\/usu315\/2020\/03\/IMG_20200306_120831.jpg\"><img loading=\"lazy\" decoding=\"async\" class=\"aligncenter size-full wp-image-6039\" src=\"https:\/\/agora.xtec.cat\/ceipalfes\/wp-content\/uploads\/usu315\/2020\/03\/IMG_20200306_120831.jpg\" alt=\"\" width=\"3120\" height=\"4160\" srcset=\"https:\/\/agora.xtec.cat\/ceipalfes\/wp-content\/uploads\/usu315\/2020\/03\/IMG_20200306_120831.jpg 3120w, https:\/\/agora.xtec.cat\/ceipalfes\/wp-content\/uploads\/usu315\/2020\/03\/IMG_20200306_120831-225x300.jpg 225w, https:\/\/agora.xtec.cat\/ceipalfes\/wp-content\/uploads\/usu315\/2020\/03\/IMG_20200306_120831-768x1024.jpg 768w\" sizes=\"auto, (max-width: 3120px) 100vw, 3120px\" \/><\/a><a href=\"https:\/\/photos.app.goo.gl\/hU9gmAP9oTWFjFRMA\">https:\/\/photos.app.goo.gl\/hU9gmAP9oTWFjFRMA\u00a0\u00a0<\/a><\/p>\n<p><span style=\"font-size: 14pt;\">La nostra escola est\u00e0 envoltada de natura. Ara que ja comen\u00e7a a fer bon temps surten les primeres flors. Hem sortit a veure quines trabavem i a aprendre el seu nom. Tamb\u00e9 ens hem fixat en quins animals pod\u00edem veure. Tots els nens i nenes hem agafat floretes i hem fet un ram per portar a casa. Ens ha agradat molt fer aquesta sortida !<\/span><\/p>\n<p>&nbsp;<\/p>\n<p>&nbsp;<\/p>\n<p>&nbsp;<\/p>\n<p>&nbsp;<\/p>\n<p>&nbsp;<\/p>\n<p>&nbsp;<\/p>\n<p>&nbsp;<\/p>\n<p>&nbsp;<\/p>\n<p>&nbsp;<\/p>\n<p>&nbsp;<\/p>\n<p>&nbsp;<\/p>\n<p>&nbsp;<\/p>\n","protected":false},"excerpt":{"rendered":"<p>https:\/\/photos.app.goo.gl\/hU9gmAP9oTWFjFRMA\u00a0\u00a0 La nostra escola est\u00e0 envoltada de natura. Ara que ja comen\u00e7a a fer bon temps surten les primeres flors. Hem sortit a veure quines trabavem i a aprendre el seu nom. Tamb\u00e9 ens hem fixat en quins animals pod\u00edem veure. Tots els nens i nenes hem agafat floretes i hem fet un ram per [&hellip;]<\/p>\n","protected":false},"author":1,"featured_media":0,"comment_status":"open","ping_status":"closed","sticky":false,"template":"","format":"standard","meta":{"_bbp_topic_count":0,"_bbp_reply_count":0,"_bbp_total_topic_count":0,"_bbp_total_reply_count":0,"_bbp_voice_count":0,"_bbp_anonymous_reply_count":0,"_bbp_topic_count_hidden":0,"_bbp_reply_count_hidden":0,"_bbp_forum_subforum_count":0,"site-sidebar-layout":"default","site-content-layout":"","ast-site-content-layout":"","site-content-style":"default","site-sidebar-style":"default","ast-global-header-display":"","ast-banner-title-visibility":"","ast-main-header-display":"","ast-hfb-above-header-display":"","ast-hfb-below-header-display":"","ast-hfb-mobile-header-display":"","site-post-title":"","ast-breadcrumbs-content":"","ast-featured-img":"","footer-sml-layout":"","theme-transparent-header-meta":"","adv-header-id-meta":"","stick-header-meta":"","header-above-stick-meta":"","header-main-stick-meta":"","header-below-stick-meta":"","astra-migrate-meta-layouts":"default","ast-page-background-enabled":"default","ast-page-background-meta":{"desktop":{"background-color":"var(--ast-global-color-4)","background-image":"","background-repeat":"repeat","background-position":"center center","background-size":"auto","background-attachment":"scroll","background-type":"","background-media":"","overlay-type":"","overlay-color":"","overlay-opacity":"","overlay-gradient":""},"tablet":{"background-color":"","background-image":"","background-repeat":"repeat","background-position":"center center","background-size":"auto","background-attachment":"scroll","background-type":"","background-media":"","overlay-type":"","overlay-color":"","overlay-opacity":"","overlay-gradient":""},"mobile":{"background-color":"","background-image":"","background-repeat":"repeat","background-position":"center center","background-size":"auto","background-attachment":"scroll","background-type":"","background-media":"","overlay-type":"","overlay-color":"","overlay-opacity":"","overlay-gradient":""}},"ast-content-background-meta":{"desktop":{"background-color":"var(--ast-global-color-5)","background-image":"","background-repeat":"repeat","background-position":"center center","background-size":"auto","background-attachment":"scroll","background-type":"","background-media":"","overlay-type":"","overlay-color":"","overlay-opacity":"","overlay-gradient":""},"tablet":{"background-color":"var(--ast-global-color-5)","background-image":"","background-repeat":"repeat","background-position":"center center","background-size":"auto","background-attachment":"scroll","background-type":"","background-media":"","overlay-type":"","overlay-color":"","overlay-opacity":"","overlay-gradient":""},"mobile":{"background-color":"var(--ast-global-color-5)","background-image":"","background-repeat":"repeat","background-position":"center center","background-size":"auto","background-attachment":"scroll","background-type":"","background-media":"","overlay-type":"","overlay-color":"","overlay-opacity":"","overlay-gradient":""}},"footnotes":""},"categories":[46],"tags":[],"class_list":["post-6037","post","type-post","status-publish","format-standard","hentry","category-entorn"],"post_mailing_queue_ids":[],"_links":{"self":[{"href":"https:\/\/agora.xtec.cat\/ceipalfes\/wp-json\/wp\/v2\/posts\/6037","targetHints":{"allow":["GET"]}}],"collection":[{"href":"https:\/\/agora.xtec.cat\/ceipalfes\/wp-json\/wp\/v2\/posts"}],"about":[{"href":"https:\/\/agora.xtec.cat\/ceipalfes\/wp-json\/wp\/v2\/types\/post"}],"author":[{"embeddable":true,"href":"https:\/\/agora.xtec.cat\/ceipalfes\/wp-json\/wp\/v2\/users\/1"}],"replies":[{"embeddable":true,"href":"https:\/\/agora.xtec.cat\/ceipalfes\/wp-json\/wp\/v2\/comments?post=6037"}],"version-history":[{"count":3,"href":"https:\/\/agora.xtec.cat\/ceipalfes\/wp-json\/wp\/v2\/posts\/6037\/revisions"}],"predecessor-version":[{"id":6060,"href":"https:\/\/agora.xtec.cat\/ceipalfes\/wp-json\/wp\/v2\/posts\/6037\/revisions\/6060"}],"wp:attachment":[{"href":"https:\/\/agora.xtec.cat\/ceipalfes\/wp-json\/wp\/v2\/media?parent=6037"}],"wp:term":[{"taxonomy":"category","embeddable":true,"href":"https:\/\/agora.xtec.cat\/ceipalfes\/wp-json\/wp\/v2\/categories?post=6037"},{"taxonomy":"post_tag","embeddable":true,"href":"https:\/\/agora.xtec.cat\/ceipalfes\/wp-json\/wp\/v2\/tags?post=6037"}],"curies":[{"name":"wp","href":"https:\/\/api.w.org\/{rel}","templated":true}]}}