{"id":547,"date":"2015-11-27T13:10:40","date_gmt":"2015-11-27T12:10:40","guid":{"rendered":"http:\/\/agora.xtec.cat\/ceipalfes\/?p=547"},"modified":"2021-09-29T15:52:56","modified_gmt":"2021-09-29T13:52:56","slug":"redaccions-25-novembre-2015","status":"publish","type":"post","link":"https:\/\/agora.xtec.cat\/ceipalfes\/activitats\/redeaccions\/redaccions-25-novembre-2015\/","title":{"rendered":"Redaccions  25-Novembre 2015"},"content":{"rendered":"<h2><strong>LA VERITABLE HIST\u00d2RIA \u00a0<\/strong><strong>DEL DIMONI ESCUAT<\/strong><\/h2>\n<p>&nbsp;<\/p>\n<p>Hi havia una vegada\u00a0 en una vigili\u00e0 de Nadal en un petit pessebre on hi havia nascut un infant i des de l\u2019 infern no es podia dormir. Hi<img loading=\"lazy\" decoding=\"async\" class=\" size-full wp-image-523 alignright\" src=\"http:\/\/agora.xtec.cat\/ceipalfes\/wp-content\/uploads\/usu315\/2015\/11\/claudia-c.jpg\" alt=\"claudia c\" width=\"123\" height=\"165\" \/> havia massa bondat i un dia el cap dels dimonis va dir<br \/>\n&#8211; Aqu\u00ed no hi ha qui dormi. Ens hem de desfer de la criatura.<br \/>\n&#8211; Per\u00f3.., Com ho farem, aix\u00f2 ?<br \/>\n&#8211; Hi enviarem un dimoni. Qui s\u2019ofereix ?<br \/>\nNing\u00fa no va dir res<br \/>\n-Vinga va, qu\u00ed \u00a0hi vol anar !!!<br \/>\nMolt lluny hi havia\u00a0 un dimoni adormit.L\u2019hi van fer aixecar la ma.<br \/>\nD\u2019 acord,<br \/>\n-.. Qu\u00e8 ?, &#8230;qu\u00e8 he de fer ?.<br \/>\n-Pujar\u00e0s a la superf\u00edcie, anir\u00e0s al pessebre i t\u2019 emportar\u00e0s el nen Jes\u00fas i el tirarem a les calderes.<br \/>\n-Si senyor!!<br \/>\nI \u00a0aix\u00ed el dimoni va pujar a la superf\u00edcie i es va acostar al pessebre. Un cop all\u00e0 estava ple de gent i el dimoni no sabia que fer.<br \/>\n&#8211; Ja ho tinc: esperar\u00e9 que s\u2019 adormin tots.<br \/>\n&#8211; Al cap d\u2019 una estona es van adormir\u00a0 el dimoni es va acostar al nen\u00a0 i el va agafar i se\u2019l va\u00a0 emportar per\u00f2\u00a0 va xafar una branca hi va despertar a tothom que \u00a0al veure\u2019l el van persseguir i\u00a0 un cop atrapat li van tallar la cua. I quan el dimoni escuat va tornar a l\u2019 infern el rei dels dimonis es va enfadar molt perqu\u00e8 no tenia cua i el va castigar i ning\u00fa no n\u2019 ha tornat a sentir parlar mes.<br \/>\nClaudia 26 \u2013 11 \u2013 2015<\/p>\n<h2>L\u2019obra<\/h2>\n<p>E<img loading=\"lazy\" decoding=\"async\" class=\" size-full wp-image-526 alignright\" style=\"margin-right: 3px; margin-left: 3px;\" src=\"http:\/\/agora.xtec.cat\/ceipalfes\/wp-content\/uploads\/usu315\/2015\/11\/mohamed-c.jpg\" alt=\"mohamed c\" width=\"123\" height=\"147\" \/>l dia 22-11-2015 farem una obra que es\u00a0titular\u00e0 el dimoni Escuat. 4 faran d\u2019 ajudants\u00a0del terrible Lucifer i 2 faran d\u2019\u00e0ngels i hi haur\u00e0\u00a0pastorets. Un far\u00e0 de Josep i un de Maria.\u00a0Josep anir\u00e0 amb un pal florit a veure Jes\u00fas.<br \/>\nJes\u00fas va n\u00e9ixer en un graner on hi havia una\u00a0mula i una vaca i ocellets. Tamb\u00e9 hi havia un\u00a0tronc a qui Josep va tocar amb el seu pal florit i\u00a0va cobrar vida.<\/p>\n<p>Mohamed 26-11-201 5<\/p>\n<h2>Not\u00edcies<\/h2>\n<p><span lang=\"CA\">Cada dia passa alguna cosa pel m\u00f3n com a Fran\u00e7a. Cada dia expliquen coses de Fran\u00e7a: \u00a02 o 3 atemptats.\u00a0 Aix\u00f2 h<img loading=\"lazy\" decoding=\"async\" class=\" size-full wp-image-528 alignright\" src=\"http:\/\/agora.xtec.cat\/ceipalfes\/wp-content\/uploads\/usu315\/2015\/11\/Pol-c.jpg\" alt=\"Pol c\" width=\"114\" height=\"137\" \/>o\u00a0sento cada dia.\u00a0\u00a0\u00a0 A la sala Bata \u2018 clan van disparar trets i al camp de futbol van fer explotar una bomba i ara Paris esta en guerra. Els dos terroristes\u00a0 s\u00f3n Sala \u00a0i l\u2019 altre es el seu germ\u00e0. Van atacar els dos junts.\u00a0 Atacar i m\u00e9s atacar &#8230; Ara el Sala \u00e9s\u00a0 al Marroc\u00a0 i el seu germ\u00e0 esta a la pres\u00f3. Els altres\u00a0 terroristes \u00a0han desaparegut i la policia no el troba. Van tancar la torre Effiel i \u00a0el restaurants i bars. Ara suposo que \u00a0a Brussel\u00b7les, \u00a0la\u00a0capital de B\u00e8lgica, hauran fet igual que a Paris: \u00a0tancar bars i restaurants<\/span><span lang=\"CA\">.<br \/>\nPol<\/span><\/p>\n<h2>TEATRE DE NADAL<\/h2>\n<p>Un Nadal tan tranquil mentre que menjaven els torrons una fam\u00edlia de tres persones. el pare es deia Josep Tomata i la mare<a href=\"http:\/\/agora.xtec.cat\/ceipalfes\/wp-content\/uploads\/usu315\/2015\/11\/hamza-c.jpg\"><img loading=\"lazy\" decoding=\"async\" class=\" size-full wp-image-521 alignright\" src=\"http:\/\/agora.xtec.cat\/ceipalfes\/wp-content\/uploads\/usu315\/2015\/11\/hamza-c.jpg\" alt=\"hamza c\" width=\"125\" height=\"157\" \/><\/a> Maria Bult\u00f3 i el nen Joan. \u00a0El nen li pregunta \u00a0al seu pare!!<br \/>\n-Pare,Pare!!<br \/>\n-Que vols fill \u00a0?<br \/>\n-Qu\u00ed \u00e9s el dimoni escuat ?<br \/>\n-Es un home que viu a l&#8217;infern !! I per qu\u00e8 ho \u00a0preguntes fill \u00a0?<br \/>\n-Vaig escoltar que en parlaven els nens a l\u2019escola !!<\/p>\n<p>I \u00a0de cop i volta \u00a0apareix el dimoni escuat.<br \/>\n-Qui ets tu ? \u00a0 -Pregunta el pare-.<br \/>\n&#8211; Yo soy Migel, \u00a0el dimonio m\u00e1s rabiosio de todo el infirno !!<br \/>\n-Yo no te conejo!! \u00a0 \u00a0 &#8211; li diuI el pare &#8211;<br \/>\n&#8211; I jo tompoc \u00a0-diu en Joan-.<br \/>\n-Habla bien burro!! \u00a0So tonto!!<br \/>\nEls agafa dels \u00a0bra\u00e7os i \u00a0se&#8217;ls amporta rapidament \u00a0cap a l&#8217;infern.<br \/>\n-Ahora os llevar\u00e9 conmigo al infierno.<br \/>\nI al final se&#8217;ls va emportar a l&#8217;infern i els van posar a les calderes on es \u00a0van transformar en\u00a0\u00a0dimonis.<br \/>\nHamza.<\/p>\n<h2>Somni d&#8217;un Nadal tranquil<\/h2>\n<p>En un Nadal tranquil un nen dormia. Al nen no li\u00a0agradava el Nadal. El seu somni era el seg\u00fcent: Ell era un\u00a0dimoni que <a href=\"http:\/\/agora.xtec.cat\/ceipalfes\/wp-content\/uploads\/usu315\/2015\/11\/marc.jpg\"><img loading=\"lazy\" decoding=\"async\" class=\" size-full wp-image-525 alignright\" src=\"http:\/\/agora.xtec.cat\/ceipalfes\/wp-content\/uploads\/usu315\/2015\/11\/marc.jpg\" alt=\"marc\" width=\"114\" height=\"141\" \/><\/a>treballava pel rei dimoni . El rei dimoni estava\u00a0pensant com portar la tristesa a la Terra . La nit que va\u00a0sortir n&#8217;hi havia un pastor amb altres pastors ajudant-lo. \u00a0Aquests quan el van veure es pensaven que era un arbre ja que estava quiet, plantat i embolicat amb una capa negra. \u00a0\u00a0Despr\u00e9s el dimoni es va ficar al costat del pastor i li va\u00a0donar cops amb un bast\u00f3 i des d\u2019aquell dia el dimoni no \u00a0va tornar a pujar a la Terra.<br \/>\nMarc<\/p>\n<p>&nbsp;<\/p>\n<h2>La veritable historia del\u00a0dimoni escuat<\/h2>\n<p>Aquesta historia que us explicar\u00e9 ara pot ser verdadera o\u00a0falsa. Fa molt de temps, era el dia 25 de Desembre i al\u2019infern el <a href=\"http:\/\/agora.xtec.cat\/ceipalfes\/wp-content\/uploads\/usu315\/2015\/11\/elda-c.jpg\"><img loading=\"lazy\" decoding=\"async\" class=\" size-full wp-image-519 alignright\" src=\"http:\/\/agora.xtec.cat\/ceipalfes\/wp-content\/uploads\/usu315\/2015\/11\/elda-c.jpg\" alt=\"elda c\" width=\"129\" height=\"151\" \/><\/a>Rei dimoni i els seus esclaus estaven rabiosos\u00a0perqu\u00e8 els hi havia arribat un missatge que deia: &#8220;Ha\u00a0nascut el fill de Deu! Jes\u00fas, ha nascut al portal de Betlem,veniu-lo a adorar&#8221;.<br \/>\n\u2013 : No pot ser. Ha nascut una persona \u00a0que va en contra\u00a0del mal!. \u00a0-va dir el\u00a0Rei dimoni<br \/>\nEl Rei dimoni va enviar a un esclau seu, a fer d\u2019espia. \u00a0\u00a0Quan el dimoni va arribar a Betlem, dos \u00a0pastors el van\u00a0aturar.<br \/>\n\u2013 \u00a0Alto! Qui ets? \u00a0-va dir \u00a0un dels pastors-. \u00a0 \u00a0 \u00a0Mare meva &#8230;.ets un dimoni! \u00a0&#8230;No\u00a0pots passar.<br \/>\n\u2013 I qui ho diu aix\u00f2? -respon el dimoni-.\u00f1 \u00a0 Tu nom\u00e9s ets un tonto gordo\u00a0que nom\u00e9s fas que menjar llonganisses.<br \/>\n\u2013 A si? -respon el pastor- Doncs tu ets un borrego roig amb dos\u00a0punxes clavades al cap.<br \/>\n\u2013 Prou de discutir!. \u00a0 -Va dir l&#8217;altre pastor-, \u00a0Li tallarem la cua i punt.<br \/>\nEls dos pastors van agafar al dimoni un per cada bra\u00e7 i el porten amb els altres pastors.<br \/>\nEntre tots el posen sobre un tronc i i li van tallar la cua.<br \/>\nDespr\u00e9s li van dir a un \u00e0ngel que portes al dimoni a \u00a0\u00a0l\u2019infern.<br \/>\nEn arribar-hi , el Rei dimoni li va fer uns quants crits:<br \/>\n\u2013 \u00a0Que??? \u00a0T&#8217;han tallat la cua? \u00a0 \u00a0 Ruc mes que ruc! \u00a0\u00a0Fora del meu regne!!!.<br \/>\nEl dimoni escuat no tenia cap mes\u00a0opci\u00f3 que entrar al regne de Deu. Es va disfressar de\u00a0pastor i els pastors el van deixar passar. I aix\u00ed va ser com li \u00a0va tocar viure al dimoni escuat.<br \/>\nElda.<\/p>\n<h1>Les not\u00edcies<img loading=\"lazy\" decoding=\"async\" class=\" size-full wp-image-527 alignright\" src=\"http:\/\/agora.xtec.cat\/ceipalfes\/wp-content\/uploads\/usu315\/2015\/11\/pau-c.jpg\" alt=\"pau c\" width=\"130\" height=\"160\" \/><\/h1>\n<p>Un dia vaig veure una not\u00edcia d&#8217;una nena de 12 anys que\u00a0de tan b\u00e9 que cantava va fer\u00a0un disc on<br \/>\ncantava amb el seu pare.<br \/>\nEl seu pare te una acad\u00e8mia de m\u00fasica i ella hi va quasi be\u00a0cada dia.<br \/>\nJo em podia creure que cantava tan b\u00e9 per que nom\u00e9s \u00a0tenia 12 anys.<br \/>\nPau<\/p>\n<h2><strong>Les not\u00edcies<a href=\"http:\/\/agora.xtec.cat\/ceipalfes\/wp-content\/uploads\/usu315\/2015\/11\/roger-c.jpg\"><img loading=\"lazy\" decoding=\"async\" class=\" size-full wp-image-529 alignright\" src=\"http:\/\/agora.xtec.cat\/ceipalfes\/wp-content\/uploads\/usu315\/2015\/11\/roger-c.jpg\" alt=\"roger c\" width=\"138\" height=\"171\" \/><\/a><\/strong><\/h2>\n<p>Cada dia el meu pare quan arriba de treballar \u00a0es posa a la televisi\u00f3 a TV3 a veure les not\u00edcies. Les not\u00edcies sempre parlen de la pol\u00edtica: si es far\u00e0 o no es far\u00e0 la independ\u00e8ncia de Catalunya. Tamb\u00e9 parlen d\u2019uns temes molt tristos que passen a Paris que es el terrorisme de S\u00edria.\u00a0 De vegades penso que com poden estar tant bogos de posar-se bombes amb cinturons i matar gent. I per fi venen els temes que m\u00e9s m\u2019agraden que son els esports que sempre diuen que el Bar\u00e7a guanya tots els partits.<br \/>\nRoger Nadal Lavernia 26-11-2015<\/p>\n<h2>El dimoni escuat.<a href=\"http:\/\/agora.xtec.cat\/ceipalfes\/wp-content\/uploads\/usu315\/2015\/11\/ines-c.jpg\"><img loading=\"lazy\" decoding=\"async\" class=\" size-full wp-image-524 alignright\" src=\"http:\/\/agora.xtec.cat\/ceipalfes\/wp-content\/uploads\/usu315\/2015\/11\/ines-c.jpg\" alt=\"ines c\" width=\"145\" height=\"160\" \/><\/a><\/h2>\n<p>Sabeu la hist\u00f2ria del dimoni escuat? Segur que s\u00ed&#8230; per\u00f2 jo us explicar\u00e9 la veritable.<br \/>\nFa molt i molt de temps en un petit poble va n\u00e9ixer el nen Jes\u00fas. A baix a l\u2019infern, el senyor Diable \u00e9s va adonar de qu\u00e8 havia de n\u00e9ixer un nen perfecte per poder posar-lo presoner a l\u2019infern. El senyor Diable va enviar a dos diables perqu\u00e8 \u00a0l\u2019anessin a buscar. Per\u00f2 no tornaven, els pastorets els havien enxampat.<br \/>\nDespr\u00e9s de molts dies de buscar, el senyor Diable va decidir anar ell mateix a veure si l\u2019havien trobat. Va pujar de l\u2019infern i els va trobar tots presoners. Crida i insulta que insultar\u00e0s, van venir els pastors i li van tallar la cua. En aquell moment els dimonis i el Diable es van transformar en pastors. I van ballar sardanes.<br \/>\nConte contat, ja s\u2019ha acabat.<br \/>\nIn\u00e9s.<\/p>\n<p>&nbsp;<\/p>\n","protected":false},"excerpt":{"rendered":"<p>LA VERITABLE HIST\u00d2RIA \u00a0DEL DIMONI ESCUAT &nbsp; Hi havia una vegada\u00a0 en una vigili\u00e0 de Nadal en un petit pessebre on hi havia nascut un infant i des de l\u2019 infern no es podia dormir. Hi havia massa bondat i un dia el cap dels dimonis va dir &#8211; Aqu\u00ed no hi ha qui dormi. [&hellip;]<\/p>\n","protected":false},"author":1,"featured_media":0,"comment_status":"open","ping_status":"open","sticky":false,"template":"","format":"standard","meta":{"_bbp_topic_count":0,"_bbp_reply_count":0,"_bbp_total_topic_count":0,"_bbp_total_reply_count":0,"_bbp_voice_count":0,"_bbp_anonymous_reply_count":0,"_bbp_topic_count_hidden":0,"_bbp_reply_count_hidden":0,"_bbp_forum_subforum_count":0,"site-sidebar-layout":"default","site-content-layout":"","ast-site-content-layout":"","site-content-style":"default","site-sidebar-style":"default","ast-global-header-display":"","ast-banner-title-visibility":"","ast-main-header-display":"","ast-hfb-above-header-display":"","ast-hfb-below-header-display":"","ast-hfb-mobile-header-display":"","site-post-title":"","ast-breadcrumbs-content":"","ast-featured-img":"","footer-sml-layout":"","theme-transparent-header-meta":"","adv-header-id-meta":"","stick-header-meta":"","header-above-stick-meta":"","header-main-stick-meta":"","header-below-stick-meta":"","astra-migrate-meta-layouts":"default","ast-page-background-enabled":"default","ast-page-background-meta":{"desktop":{"background-color":"var(--ast-global-color-4)","background-image":"","background-repeat":"repeat","background-position":"center center","background-size":"auto","background-attachment":"scroll","background-type":"","background-media":"","overlay-type":"","overlay-color":"","overlay-opacity":"","overlay-gradient":""},"tablet":{"background-color":"","background-image":"","background-repeat":"repeat","background-position":"center center","background-size":"auto","background-attachment":"scroll","background-type":"","background-media":"","overlay-type":"","overlay-color":"","overlay-opacity":"","overlay-gradient":""},"mobile":{"background-color":"","background-image":"","background-repeat":"repeat","background-position":"center center","background-size":"auto","background-attachment":"scroll","background-type":"","background-media":"","overlay-type":"","overlay-color":"","overlay-opacity":"","overlay-gradient":""}},"ast-content-background-meta":{"desktop":{"background-color":"var(--ast-global-color-5)","background-image":"","background-repeat":"repeat","background-position":"center center","background-size":"auto","background-attachment":"scroll","background-type":"","background-media":"","overlay-type":"","overlay-color":"","overlay-opacity":"","overlay-gradient":""},"tablet":{"background-color":"var(--ast-global-color-5)","background-image":"","background-repeat":"repeat","background-position":"center center","background-size":"auto","background-attachment":"scroll","background-type":"","background-media":"","overlay-type":"","overlay-color":"","overlay-opacity":"","overlay-gradient":""},"mobile":{"background-color":"var(--ast-global-color-5)","background-image":"","background-repeat":"repeat","background-position":"center center","background-size":"auto","background-attachment":"scroll","background-type":"","background-media":"","overlay-type":"","overlay-color":"","overlay-opacity":"","overlay-gradient":""}},"footnotes":""},"categories":[33],"tags":[],"class_list":["post-547","post","type-post","status-publish","format-standard","hentry","category-redeaccions"],"post_mailing_queue_ids":[],"_links":{"self":[{"href":"https:\/\/agora.xtec.cat\/ceipalfes\/wp-json\/wp\/v2\/posts\/547","targetHints":{"allow":["GET"]}}],"collection":[{"href":"https:\/\/agora.xtec.cat\/ceipalfes\/wp-json\/wp\/v2\/posts"}],"about":[{"href":"https:\/\/agora.xtec.cat\/ceipalfes\/wp-json\/wp\/v2\/types\/post"}],"author":[{"embeddable":true,"href":"https:\/\/agora.xtec.cat\/ceipalfes\/wp-json\/wp\/v2\/users\/1"}],"replies":[{"embeddable":true,"href":"https:\/\/agora.xtec.cat\/ceipalfes\/wp-json\/wp\/v2\/comments?post=547"}],"version-history":[{"count":3,"href":"https:\/\/agora.xtec.cat\/ceipalfes\/wp-json\/wp\/v2\/posts\/547\/revisions"}],"predecessor-version":[{"id":626,"href":"https:\/\/agora.xtec.cat\/ceipalfes\/wp-json\/wp\/v2\/posts\/547\/revisions\/626"}],"wp:attachment":[{"href":"https:\/\/agora.xtec.cat\/ceipalfes\/wp-json\/wp\/v2\/media?parent=547"}],"wp:term":[{"taxonomy":"category","embeddable":true,"href":"https:\/\/agora.xtec.cat\/ceipalfes\/wp-json\/wp\/v2\/categories?post=547"},{"taxonomy":"post_tag","embeddable":true,"href":"https:\/\/agora.xtec.cat\/ceipalfes\/wp-json\/wp\/v2\/tags?post=547"}],"curies":[{"name":"wp","href":"https:\/\/api.w.org\/{rel}","templated":true}]}}