{"id":4804,"date":"2019-02-06T16:53:12","date_gmt":"2019-02-06T15:53:12","guid":{"rendered":"http:\/\/agora.xtec.cat\/ceipalfes\/?p=4804"},"modified":"2019-02-06T16:53:17","modified_gmt":"2019-02-06T15:53:17","slug":"que-vull-ser-de-gran","status":"publish","type":"post","link":"https:\/\/agora.xtec.cat\/ceipalfes\/portada\/que-vull-ser-de-gran\/","title":{"rendered":"Qu\u00e8 vull ser de gran ?"},"content":{"rendered":"<p>A mi de gran m\u2019agradaria ser mec\u00e0nic, perqu\u00e8 se\u2019m dona molt b\u00e9 arreglar coses i m\u2019agrada molt la mec\u00e0nica. Si no puc arribar a ser mec\u00e0nic ser\u00e9 camioner internacional dels que van pel m\u00f3n amb el seu cami\u00f3. A mi la marca de cami\u00f3 que mes m\u2019agrada es la de \u201cSCANEA\u201d. He vist la vida del mec\u00e0nic\u00a0 i es molt xula. Tamb\u00e9 he vist la vida de camioner i es fant\u00e0stica perqu\u00e8 veus molts paisatges i descobreixes m\u00f3n. Si no puc ser mec\u00e0nic ni camioner ser\u00e9 pilot de carreres i tindria un \u201cFORD MUSTANG COBRA GT500\u201d. Tamb\u00e9 vull tindre un \u201chobbie\u201d anar amb moto.<\/p>\n<p>Mohamed \u00a0\u00a0\u00a0\u00a0\u00a0\u00a0\u00a0\u00a0\u00a0\u00a0\u00a0\u00a0\u00a0\u00a0\u00a0\u00a0\u00a0\u00a0\u00a0\u00a0\u00a0\u00a0\u00a0\u00a0\u00a0\u00a0\u00a0\u00a0\u00a0\u00a0\u00a0\u00a0\u00a0\u00a0\u00a0\u00a0\u00a0\u00a0\u00a0\u00a0\u00a0\u00a0\u00a0\u00a0\u00a0\u00a0\u00a0\u00a0\u00a006\/02\/2019<img loading=\"lazy\" decoding=\"async\" class=\"alignleft\" src=\"https:\/\/images0.autocasion.com\/unsafe\/fit-in\/640x480\/filters:fill(white)\/ad\/18\/1196\/b54a5d94f2e726de2be2e8849cf236ee6e92d65c.jpeg\" width=\"172\" height=\"129\" \/><\/p>\n","protected":false},"excerpt":{"rendered":"<p>A mi de gran m\u2019agradaria ser mec\u00e0nic, perqu\u00e8 se\u2019m dona molt b\u00e9 arreglar coses i m\u2019agrada molt la mec\u00e0nica. Si no puc arribar a ser mec\u00e0nic ser\u00e9 camioner internacional dels que van pel m\u00f3n amb el seu cami\u00f3. A mi la marca de cami\u00f3 que mes m\u2019agrada es la de \u201cSCANEA\u201d. He vist la vida [&hellip;]<\/p>\n","protected":false},"author":1,"featured_media":4805,"comment_status":"open","ping_status":"closed","sticky":false,"template":"","format":"standard","meta":{"_bbp_topic_count":0,"_bbp_reply_count":0,"_bbp_total_topic_count":0,"_bbp_total_reply_count":0,"_bbp_voice_count":0,"_bbp_anonymous_reply_count":0,"_bbp_topic_count_hidden":0,"_bbp_reply_count_hidden":0,"_bbp_forum_subforum_count":0,"site-sidebar-layout":"default","site-content-layout":"","ast-site-content-layout":"","site-content-style":"default","site-sidebar-style":"default","ast-global-header-display":"","ast-banner-title-visibility":"","ast-main-header-display":"","ast-hfb-above-header-display":"","ast-hfb-below-header-display":"","ast-hfb-mobile-header-display":"","site-post-title":"","ast-breadcrumbs-content":"","ast-featured-img":"","footer-sml-layout":"","theme-transparent-header-meta":"","adv-header-id-meta":"","stick-header-meta":"","header-above-stick-meta":"","header-main-stick-meta":"","header-below-stick-meta":"","astra-migrate-meta-layouts":"default","ast-page-background-enabled":"default","ast-page-background-meta":{"desktop":{"background-color":"var(--ast-global-color-4)","background-image":"","background-repeat":"repeat","background-position":"center center","background-size":"auto","background-attachment":"scroll","background-type":"","background-media":"","overlay-type":"","overlay-color":"","overlay-opacity":"","overlay-gradient":""},"tablet":{"background-color":"","background-image":"","background-repeat":"repeat","background-position":"center center","background-size":"auto","background-attachment":"scroll","background-type":"","background-media":"","overlay-type":"","overlay-color":"","overlay-opacity":"","overlay-gradient":""},"mobile":{"background-color":"","background-image":"","background-repeat":"repeat","background-position":"center center","background-size":"auto","background-attachment":"scroll","background-type":"","background-media":"","overlay-type":"","overlay-color":"","overlay-opacity":"","overlay-gradient":""}},"ast-content-background-meta":{"desktop":{"background-color":"var(--ast-global-color-5)","background-image":"","background-repeat":"repeat","background-position":"center center","background-size":"auto","background-attachment":"scroll","background-type":"","background-media":"","overlay-type":"","overlay-color":"","overlay-opacity":"","overlay-gradient":""},"tablet":{"background-color":"var(--ast-global-color-5)","background-image":"","background-repeat":"repeat","background-position":"center center","background-size":"auto","background-attachment":"scroll","background-type":"","background-media":"","overlay-type":"","overlay-color":"","overlay-opacity":"","overlay-gradient":""},"mobile":{"background-color":"var(--ast-global-color-5)","background-image":"","background-repeat":"repeat","background-position":"center center","background-size":"auto","background-attachment":"scroll","background-type":"","background-media":"","overlay-type":"","overlay-color":"","overlay-opacity":"","overlay-gradient":""}},"footnotes":""},"categories":[39,4,33,63],"tags":[],"class_list":["post-4804","post","type-post","status-publish","format-standard","has-post-thumbnail","hentry","category-grans","category-portada","category-redeaccions","category-revista"],"post_mailing_queue_ids":[],"_links":{"self":[{"href":"https:\/\/agora.xtec.cat\/ceipalfes\/wp-json\/wp\/v2\/posts\/4804","targetHints":{"allow":["GET"]}}],"collection":[{"href":"https:\/\/agora.xtec.cat\/ceipalfes\/wp-json\/wp\/v2\/posts"}],"about":[{"href":"https:\/\/agora.xtec.cat\/ceipalfes\/wp-json\/wp\/v2\/types\/post"}],"author":[{"embeddable":true,"href":"https:\/\/agora.xtec.cat\/ceipalfes\/wp-json\/wp\/v2\/users\/1"}],"replies":[{"embeddable":true,"href":"https:\/\/agora.xtec.cat\/ceipalfes\/wp-json\/wp\/v2\/comments?post=4804"}],"version-history":[{"count":1,"href":"https:\/\/agora.xtec.cat\/ceipalfes\/wp-json\/wp\/v2\/posts\/4804\/revisions"}],"predecessor-version":[{"id":4806,"href":"https:\/\/agora.xtec.cat\/ceipalfes\/wp-json\/wp\/v2\/posts\/4804\/revisions\/4806"}],"wp:featuredmedia":[{"embeddable":true,"href":"https:\/\/agora.xtec.cat\/ceipalfes\/wp-json\/wp\/v2\/media\/4805"}],"wp:attachment":[{"href":"https:\/\/agora.xtec.cat\/ceipalfes\/wp-json\/wp\/v2\/media?parent=4804"}],"wp:term":[{"taxonomy":"category","embeddable":true,"href":"https:\/\/agora.xtec.cat\/ceipalfes\/wp-json\/wp\/v2\/categories?post=4804"},{"taxonomy":"post_tag","embeddable":true,"href":"https:\/\/agora.xtec.cat\/ceipalfes\/wp-json\/wp\/v2\/tags?post=4804"}],"curies":[{"name":"wp","href":"https:\/\/api.w.org\/{rel}","templated":true}]}}