{"id":4801,"date":"2019-02-06T12:12:46","date_gmt":"2019-02-06T11:12:46","guid":{"rendered":"http:\/\/agora.xtec.cat\/ceipalfes\/?p=4801"},"modified":"2019-02-09T16:55:42","modified_gmt":"2019-02-09T15:55:42","slug":"els-nostres-practicants-de-dual","status":"publish","type":"post","link":"https:\/\/agora.xtec.cat\/ceipalfes\/general\/els-nostres-practicants-de-dual\/","title":{"rendered":"Els nostres practicants de dual."},"content":{"rendered":"<p><span style=\"font-size: 14pt;\">La setmana passada, els dies 28 i 29 de gener es va celebrar el\u00a0 &#8220;<strong><em>II Simposi Interuniversitari sobre Formaci\u00f3 dual en la Formaci\u00f3 Docent.&#8221; a la Universitat de Lleida.\u00a0 Facultat d&#8217;Educaci\u00f3.\u00a0 \u00a0La UDL -Universitat de Lleida- presentava el m\u00e8tode de pr\u00e0ctiques de dual del qual provenen les nostres practicants.<br \/>\n<\/em><\/strong>La nostra escola d&#8217;Alf\u00e9s va representar a les escoles rurals que acullen practicants\u00a0 per mostrar les activitats que fan a les nostres escoles rurals.\u00a0 El dimarts a la tarda &#8211; dia 29 de Gener &#8211;\u00a0 van venir una vintena de professors universitaris de Mondrag\u00f3n, Andorra i Lleida a veure i fer el darrer acte del Simposi a la nostra escola.\u00a0 Els vam preparar\u00a0 una presentaci\u00f3\u00a0 \u00a0que ben segur tamb\u00e9 us resultar\u00e0 for\u00e7a explicativa.<br \/>\nPep Borr\u00e0s<\/span><\/p>\n<p><iframe loading=\"lazy\" src=\"https:\/\/www.youtube.com\/embed\/tRnZPhgHB7I\" width=\"800\" height=\"450\" frameborder=\"0\" allowfullscreen=\"allowfullscreen\"><span data-mce-type=\"bookmark\" style=\"display: inline-block; width: 0px; overflow: hidden; line-height: 0;\" class=\"mce_SELRES_start\">\ufeff<\/span><\/iframe><\/p>\n","protected":false},"excerpt":{"rendered":"<p>La setmana passada, els dies 28 i 29 de gener es va celebrar el\u00a0 &#8220;II Simposi Interuniversitari sobre Formaci\u00f3 dual en la Formaci\u00f3 Docent.&#8221; a la Universitat de Lleida.\u00a0 Facultat d&#8217;Educaci\u00f3.\u00a0 \u00a0La UDL -Universitat de Lleida- presentava el m\u00e8tode de pr\u00e0ctiques de dual del qual provenen les nostres practicants. La nostra escola d&#8217;Alf\u00e9s va representar [&hellip;]<\/p>\n","protected":false},"author":1,"featured_media":4802,"comment_status":"open","ping_status":"closed","sticky":false,"template":"","format":"standard","meta":{"_bbp_topic_count":0,"_bbp_reply_count":0,"_bbp_total_topic_count":0,"_bbp_total_reply_count":0,"_bbp_voice_count":0,"_bbp_anonymous_reply_count":0,"_bbp_topic_count_hidden":0,"_bbp_reply_count_hidden":0,"_bbp_forum_subforum_count":0,"site-sidebar-layout":"default","site-content-layout":"","ast-site-content-layout":"","site-content-style":"default","site-sidebar-style":"default","ast-global-header-display":"","ast-banner-title-visibility":"","ast-main-header-display":"","ast-hfb-above-header-display":"","ast-hfb-below-header-display":"","ast-hfb-mobile-header-display":"","site-post-title":"","ast-breadcrumbs-content":"","ast-featured-img":"","footer-sml-layout":"","theme-transparent-header-meta":"","adv-header-id-meta":"","stick-header-meta":"","header-above-stick-meta":"","header-main-stick-meta":"","header-below-stick-meta":"","astra-migrate-meta-layouts":"default","ast-page-background-enabled":"default","ast-page-background-meta":{"desktop":{"background-color":"var(--ast-global-color-4)","background-image":"","background-repeat":"repeat","background-position":"center center","background-size":"auto","background-attachment":"scroll","background-type":"","background-media":"","overlay-type":"","overlay-color":"","overlay-opacity":"","overlay-gradient":""},"tablet":{"background-color":"","background-image":"","background-repeat":"repeat","background-position":"center center","background-size":"auto","background-attachment":"scroll","background-type":"","background-media":"","overlay-type":"","overlay-color":"","overlay-opacity":"","overlay-gradient":""},"mobile":{"background-color":"","background-image":"","background-repeat":"repeat","background-position":"center center","background-size":"auto","background-attachment":"scroll","background-type":"","background-media":"","overlay-type":"","overlay-color":"","overlay-opacity":"","overlay-gradient":""}},"ast-content-background-meta":{"desktop":{"background-color":"var(--ast-global-color-5)","background-image":"","background-repeat":"repeat","background-position":"center center","background-size":"auto","background-attachment":"scroll","background-type":"","background-media":"","overlay-type":"","overlay-color":"","overlay-opacity":"","overlay-gradient":""},"tablet":{"background-color":"var(--ast-global-color-5)","background-image":"","background-repeat":"repeat","background-position":"center center","background-size":"auto","background-attachment":"scroll","background-type":"","background-media":"","overlay-type":"","overlay-color":"","overlay-opacity":"","overlay-gradient":""},"mobile":{"background-color":"var(--ast-global-color-5)","background-image":"","background-repeat":"repeat","background-position":"center center","background-size":"auto","background-attachment":"scroll","background-type":"","background-media":"","overlay-type":"","overlay-color":"","overlay-opacity":"","overlay-gradient":""}},"footnotes":""},"categories":[1,4,66],"tags":[],"class_list":["post-4801","post","type-post","status-publish","format-standard","has-post-thumbnail","hentry","category-general","category-portada","category-practiques-altenrnanca-1"],"post_mailing_queue_ids":[],"_links":{"self":[{"href":"https:\/\/agora.xtec.cat\/ceipalfes\/wp-json\/wp\/v2\/posts\/4801","targetHints":{"allow":["GET"]}}],"collection":[{"href":"https:\/\/agora.xtec.cat\/ceipalfes\/wp-json\/wp\/v2\/posts"}],"about":[{"href":"https:\/\/agora.xtec.cat\/ceipalfes\/wp-json\/wp\/v2\/types\/post"}],"author":[{"embeddable":true,"href":"https:\/\/agora.xtec.cat\/ceipalfes\/wp-json\/wp\/v2\/users\/1"}],"replies":[{"embeddable":true,"href":"https:\/\/agora.xtec.cat\/ceipalfes\/wp-json\/wp\/v2\/comments?post=4801"}],"version-history":[{"count":2,"href":"https:\/\/agora.xtec.cat\/ceipalfes\/wp-json\/wp\/v2\/posts\/4801\/revisions"}],"predecessor-version":[{"id":4815,"href":"https:\/\/agora.xtec.cat\/ceipalfes\/wp-json\/wp\/v2\/posts\/4801\/revisions\/4815"}],"wp:featuredmedia":[{"embeddable":true,"href":"https:\/\/agora.xtec.cat\/ceipalfes\/wp-json\/wp\/v2\/media\/4802"}],"wp:attachment":[{"href":"https:\/\/agora.xtec.cat\/ceipalfes\/wp-json\/wp\/v2\/media?parent=4801"}],"wp:term":[{"taxonomy":"category","embeddable":true,"href":"https:\/\/agora.xtec.cat\/ceipalfes\/wp-json\/wp\/v2\/categories?post=4801"},{"taxonomy":"post_tag","embeddable":true,"href":"https:\/\/agora.xtec.cat\/ceipalfes\/wp-json\/wp\/v2\/tags?post=4801"}],"curies":[{"name":"wp","href":"https:\/\/api.w.org\/{rel}","templated":true}]}}