{"id":4671,"date":"2019-01-17T09:47:09","date_gmt":"2019-01-17T08:47:09","guid":{"rendered":"http:\/\/agora.xtec.cat\/ceipalfes\/?p=4671"},"modified":"2019-01-17T09:47:09","modified_gmt":"2019-01-17T08:47:09","slug":"campament-espacial","status":"publish","type":"post","link":"https:\/\/agora.xtec.cat\/ceipalfes\/portada\/campament-espacial\/","title":{"rendered":"campament espacial"},"content":{"rendered":"<p>Els meus amics i jo ens vam apuntar a uns campaments lunars. El dia que marx\u00e0vem vam anar a una base espacial que es deia lunining. La sortida del coet va ser tot un \u00e8xit tots els nens contents i cridant: visca!! Visca!!<\/p>\n<p>Al arribar vam tenir temps lliure vam jugar al pilla pilla i jocs aix\u00ed mentre els monitors baixaven el material. Nosaltres est\u00e0vem lligats amb un pal bastant al i amb una corda molt llarga perqu\u00e8 aix\u00ed si salt\u00e0vem pod\u00edem baixar i no quedant flotant en el cel.<\/p>\n<p>Quan ja ten\u00edem tot el material era l\u2019hora de dinar i vam menjar menjar espacial que no estava gaire bo. Per la tarda vam tenir temps lliure fins a l\u2019hora de sopar. Despr\u00e9s de sopa ens en vam anar a dormir. L\u2019endem\u00e0 vam fer una excursi\u00f3 i quan vam tornar vam dinar i vam tornar a la terra<a href=\"https:\/\/agora.xtec.cat\/ceipalfes\/wp-content\/uploads\/usu315\/2019\/01\/LLUNA-AMB-GERARD.jpg\"><img loading=\"lazy\" decoding=\"async\" class=\" wp-image-4672 alignleft\" src=\"https:\/\/agora.xtec.cat\/ceipalfes\/wp-content\/uploads\/usu315\/2019\/01\/LLUNA-AMB-GERARD.jpg\" alt=\"\" width=\"421\" height=\"237\" srcset=\"https:\/\/agora.xtec.cat\/ceipalfes\/wp-content\/uploads\/usu315\/2019\/01\/LLUNA-AMB-GERARD.jpg 1000w, https:\/\/agora.xtec.cat\/ceipalfes\/wp-content\/uploads\/usu315\/2019\/01\/LLUNA-AMB-GERARD-300x169.jpg 300w, https:\/\/agora.xtec.cat\/ceipalfes\/wp-content\/uploads\/usu315\/2019\/01\/LLUNA-AMB-GERARD-768x432.jpg 768w\" sizes=\"auto, (max-width: 421px) 100vw, 421px\" \/><\/a><\/p>\n","protected":false},"excerpt":{"rendered":"<p>Els meus amics i jo ens vam apuntar a uns campaments lunars. El dia que marx\u00e0vem vam anar a una base espacial que es deia lunining. La sortida del coet va ser tot un \u00e8xit tots els nens contents i cridant: visca!! Visca!! Al arribar vam tenir temps lliure vam jugar al pilla pilla i [&hellip;]<\/p>\n","protected":false},"author":1,"featured_media":0,"comment_status":"open","ping_status":"closed","sticky":false,"template":"","format":"standard","meta":{"_bbp_topic_count":0,"_bbp_reply_count":0,"_bbp_total_topic_count":0,"_bbp_total_reply_count":0,"_bbp_voice_count":0,"_bbp_anonymous_reply_count":0,"_bbp_topic_count_hidden":0,"_bbp_reply_count_hidden":0,"_bbp_forum_subforum_count":0,"site-sidebar-layout":"default","site-content-layout":"","ast-site-content-layout":"","site-content-style":"default","site-sidebar-style":"default","ast-global-header-display":"","ast-banner-title-visibility":"","ast-main-header-display":"","ast-hfb-above-header-display":"","ast-hfb-below-header-display":"","ast-hfb-mobile-header-display":"","site-post-title":"","ast-breadcrumbs-content":"","ast-featured-img":"","footer-sml-layout":"","theme-transparent-header-meta":"","adv-header-id-meta":"","stick-header-meta":"","header-above-stick-meta":"","header-main-stick-meta":"","header-below-stick-meta":"","astra-migrate-meta-layouts":"default","ast-page-background-enabled":"default","ast-page-background-meta":{"desktop":{"background-color":"var(--ast-global-color-4)","background-image":"","background-repeat":"repeat","background-position":"center center","background-size":"auto","background-attachment":"scroll","background-type":"","background-media":"","overlay-type":"","overlay-color":"","overlay-opacity":"","overlay-gradient":""},"tablet":{"background-color":"","background-image":"","background-repeat":"repeat","background-position":"center center","background-size":"auto","background-attachment":"scroll","background-type":"","background-media":"","overlay-type":"","overlay-color":"","overlay-opacity":"","overlay-gradient":""},"mobile":{"background-color":"","background-image":"","background-repeat":"repeat","background-position":"center center","background-size":"auto","background-attachment":"scroll","background-type":"","background-media":"","overlay-type":"","overlay-color":"","overlay-opacity":"","overlay-gradient":""}},"ast-content-background-meta":{"desktop":{"background-color":"var(--ast-global-color-5)","background-image":"","background-repeat":"repeat","background-position":"center center","background-size":"auto","background-attachment":"scroll","background-type":"","background-media":"","overlay-type":"","overlay-color":"","overlay-opacity":"","overlay-gradient":""},"tablet":{"background-color":"var(--ast-global-color-5)","background-image":"","background-repeat":"repeat","background-position":"center center","background-size":"auto","background-attachment":"scroll","background-type":"","background-media":"","overlay-type":"","overlay-color":"","overlay-opacity":"","overlay-gradient":""},"mobile":{"background-color":"var(--ast-global-color-5)","background-image":"","background-repeat":"repeat","background-position":"center center","background-size":"auto","background-attachment":"scroll","background-type":"","background-media":"","overlay-type":"","overlay-color":"","overlay-opacity":"","overlay-gradient":""}},"footnotes":""},"categories":[4,63],"tags":[],"class_list":["post-4671","post","type-post","status-publish","format-standard","hentry","category-portada","category-revista"],"post_mailing_queue_ids":[],"_links":{"self":[{"href":"https:\/\/agora.xtec.cat\/ceipalfes\/wp-json\/wp\/v2\/posts\/4671","targetHints":{"allow":["GET"]}}],"collection":[{"href":"https:\/\/agora.xtec.cat\/ceipalfes\/wp-json\/wp\/v2\/posts"}],"about":[{"href":"https:\/\/agora.xtec.cat\/ceipalfes\/wp-json\/wp\/v2\/types\/post"}],"author":[{"embeddable":true,"href":"https:\/\/agora.xtec.cat\/ceipalfes\/wp-json\/wp\/v2\/users\/1"}],"replies":[{"embeddable":true,"href":"https:\/\/agora.xtec.cat\/ceipalfes\/wp-json\/wp\/v2\/comments?post=4671"}],"version-history":[{"count":1,"href":"https:\/\/agora.xtec.cat\/ceipalfes\/wp-json\/wp\/v2\/posts\/4671\/revisions"}],"predecessor-version":[{"id":4673,"href":"https:\/\/agora.xtec.cat\/ceipalfes\/wp-json\/wp\/v2\/posts\/4671\/revisions\/4673"}],"wp:attachment":[{"href":"https:\/\/agora.xtec.cat\/ceipalfes\/wp-json\/wp\/v2\/media?parent=4671"}],"wp:term":[{"taxonomy":"category","embeddable":true,"href":"https:\/\/agora.xtec.cat\/ceipalfes\/wp-json\/wp\/v2\/categories?post=4671"},{"taxonomy":"post_tag","embeddable":true,"href":"https:\/\/agora.xtec.cat\/ceipalfes\/wp-json\/wp\/v2\/tags?post=4671"}],"curies":[{"name":"wp","href":"https:\/\/api.w.org\/{rel}","templated":true}]}}