{"id":4614,"date":"2019-01-10T10:02:20","date_gmt":"2019-01-10T09:02:20","guid":{"rendered":"http:\/\/agora.xtec.cat\/ceipalfes\/?p=4614"},"modified":"2021-09-29T16:23:45","modified_gmt":"2021-09-29T14:23:45","slug":"vacances-de-nadal-4","status":"publish","type":"post","link":"https:\/\/agora.xtec.cat\/ceipalfes\/activitats\/vacances-de-nadal-4\/","title":{"rendered":"Vacances de Nadal"},"content":{"rendered":"<p>El 21 de desembre va ser l\u2019\u00faltim dia de classe. Vam mirar una pel\u00b7l\u00edcula de Nadal. La pel\u00b7l\u00edcula tractava d\u2019una fam\u00edlia de quatre membres el pare era bomber i la mare infermera i dos nens. Un dia el\u00a0 pare va tindre que anar a apagar un foc per\u00f2 quan\u00a0 pensava que ja no quedava ning\u00fa en la casa encara quedava \u00a0un beb\u00e8 per\u00f2 la mala sort ell va morir per\u00f2 el nen petit es va aconseguir salvar. Quan el seu fill va complir els 15 anys ja no pensava que exist\u00eds el PARE NOEL. Ja va arribar la nit bona i el PARE NOEL ja sen va a repartir els regals per\u00f2 de cop i volta el PARE NOEL perd les forces perqu\u00e8 ja casi no queda gent \u00a0que cregu\u00e9s en ell. Despr\u00e9s de haver repartit quatre regals va notar com si es mareges i de cop i volta va caure al costat de casa d\u2019aquells dos nens . Els dos nens van sentir el gran soroll i van sortir a fora a veure el que havia passat i van veure que era el PARE NOEL que havia caigut . La bossa, els c\u00e9rvols van sortir volant. Els nens quan van veure al PARE NOEL \u00a0es van sorprendre molt. El PARE NOEL quan els i va dir que tots els regals i els c\u00e9rvols els nens van decidir ajudar-lo. Quan ja u van trobar tot el PARE NOEL li va dir al nen que no podia seguir portant-se malament i robar. Despr\u00e9s de un dies el PARE NOEL \u00a0va veure que el nen ja es portava millor. La pel\u00b7l\u00edcula em va agrada molt.<\/p>\n<p>Aquest any els reis s\u2019han portat molt be amb mi perqu\u00e8 hem van portat un puzle de 1500 peces, una perdiu i un mini cotxe teledirigit.<\/p>\n<p>BON NADAL!!!!!<\/p>\n<p>MOHAMED\u00a0 10\/01\/2019<\/p>\n","protected":false},"excerpt":{"rendered":"<p>El 21 de desembre va ser l\u2019\u00faltim dia de classe. Vam mirar una pel\u00b7l\u00edcula de Nadal. La pel\u00b7l\u00edcula tractava d\u2019una fam\u00edlia de quatre membres el pare era bomber i la mare infermera i dos nens. Un dia el\u00a0 pare va tindre que anar a apagar un foc per\u00f2 quan\u00a0 pensava que ja no quedava ning\u00fa [&hellip;]<\/p>\n","protected":false},"author":1,"featured_media":0,"comment_status":"open","ping_status":"closed","sticky":false,"template":"","format":"standard","meta":{"_bbp_topic_count":0,"_bbp_reply_count":0,"_bbp_total_topic_count":0,"_bbp_total_reply_count":0,"_bbp_voice_count":0,"_bbp_anonymous_reply_count":0,"_bbp_topic_count_hidden":0,"_bbp_reply_count_hidden":0,"_bbp_forum_subforum_count":0,"site-sidebar-layout":"default","site-content-layout":"","ast-site-content-layout":"","site-content-style":"default","site-sidebar-style":"default","ast-global-header-display":"","ast-banner-title-visibility":"","ast-main-header-display":"","ast-hfb-above-header-display":"","ast-hfb-below-header-display":"","ast-hfb-mobile-header-display":"","site-post-title":"","ast-breadcrumbs-content":"","ast-featured-img":"","footer-sml-layout":"","theme-transparent-header-meta":"","adv-header-id-meta":"","stick-header-meta":"","header-above-stick-meta":"","header-main-stick-meta":"","header-below-stick-meta":"","astra-migrate-meta-layouts":"default","ast-page-background-enabled":"default","ast-page-background-meta":{"desktop":{"background-color":"var(--ast-global-color-4)","background-image":"","background-repeat":"repeat","background-position":"center center","background-size":"auto","background-attachment":"scroll","background-type":"","background-media":"","overlay-type":"","overlay-color":"","overlay-opacity":"","overlay-gradient":""},"tablet":{"background-color":"","background-image":"","background-repeat":"repeat","background-position":"center center","background-size":"auto","background-attachment":"scroll","background-type":"","background-media":"","overlay-type":"","overlay-color":"","overlay-opacity":"","overlay-gradient":""},"mobile":{"background-color":"","background-image":"","background-repeat":"repeat","background-position":"center center","background-size":"auto","background-attachment":"scroll","background-type":"","background-media":"","overlay-type":"","overlay-color":"","overlay-opacity":"","overlay-gradient":""}},"ast-content-background-meta":{"desktop":{"background-color":"var(--ast-global-color-5)","background-image":"","background-repeat":"repeat","background-position":"center center","background-size":"auto","background-attachment":"scroll","background-type":"","background-media":"","overlay-type":"","overlay-color":"","overlay-opacity":"","overlay-gradient":""},"tablet":{"background-color":"var(--ast-global-color-5)","background-image":"","background-repeat":"repeat","background-position":"center center","background-size":"auto","background-attachment":"scroll","background-type":"","background-media":"","overlay-type":"","overlay-color":"","overlay-opacity":"","overlay-gradient":""},"mobile":{"background-color":"var(--ast-global-color-5)","background-image":"","background-repeat":"repeat","background-position":"center center","background-size":"auto","background-attachment":"scroll","background-type":"","background-media":"","overlay-type":"","overlay-color":"","overlay-opacity":"","overlay-gradient":""}},"footnotes":""},"categories":[32],"tags":[],"class_list":["post-4614","post","type-post","status-publish","format-standard","hentry","category-activitats"],"post_mailing_queue_ids":[],"_links":{"self":[{"href":"https:\/\/agora.xtec.cat\/ceipalfes\/wp-json\/wp\/v2\/posts\/4614","targetHints":{"allow":["GET"]}}],"collection":[{"href":"https:\/\/agora.xtec.cat\/ceipalfes\/wp-json\/wp\/v2\/posts"}],"about":[{"href":"https:\/\/agora.xtec.cat\/ceipalfes\/wp-json\/wp\/v2\/types\/post"}],"author":[{"embeddable":true,"href":"https:\/\/agora.xtec.cat\/ceipalfes\/wp-json\/wp\/v2\/users\/1"}],"replies":[{"embeddable":true,"href":"https:\/\/agora.xtec.cat\/ceipalfes\/wp-json\/wp\/v2\/comments?post=4614"}],"version-history":[{"count":1,"href":"https:\/\/agora.xtec.cat\/ceipalfes\/wp-json\/wp\/v2\/posts\/4614\/revisions"}],"predecessor-version":[{"id":4615,"href":"https:\/\/agora.xtec.cat\/ceipalfes\/wp-json\/wp\/v2\/posts\/4614\/revisions\/4615"}],"wp:attachment":[{"href":"https:\/\/agora.xtec.cat\/ceipalfes\/wp-json\/wp\/v2\/media?parent=4614"}],"wp:term":[{"taxonomy":"category","embeddable":true,"href":"https:\/\/agora.xtec.cat\/ceipalfes\/wp-json\/wp\/v2\/categories?post=4614"},{"taxonomy":"post_tag","embeddable":true,"href":"https:\/\/agora.xtec.cat\/ceipalfes\/wp-json\/wp\/v2\/tags?post=4614"}],"curies":[{"name":"wp","href":"https:\/\/api.w.org\/{rel}","templated":true}]}}