{"id":4569,"date":"2018-12-19T15:43:01","date_gmt":"2018-12-19T14:43:01","guid":{"rendered":"http:\/\/agora.xtec.cat\/ceipalfes\/?p=4569"},"modified":"2021-09-29T16:23:58","modified_gmt":"2021-09-29T14:23:58","slug":"navidad","status":"publish","type":"post","link":"https:\/\/agora.xtec.cat\/ceipalfes\/activitats\/navidad\/","title":{"rendered":"Navidad"},"content":{"rendered":"<p><em>De todas las redacciones de este TRIMESTRE la que m\u00e1s me ha gustado ha sido esta. Espero que os guste.<\/em><\/p>\n<p>Yo no celebro la navidad . Pero si que\u00a0 celebro los reyes magos. Yo normal mente voy a ver la cabalgata \u00a0de reyes en la plaza. Cuando acaba me voy a \u00a0mi casa y me dan los regalos. Este a\u00f1o me he pedido una tablet. En el cole como cada a\u00f1o celebramos la navidad. Tambi\u00e9n hacemos una obra de teatro . Este a\u00f1o la obra tratar\u00e1\u00a0<span style=\"font-family: inherit; font-size: 1em;\">de la navidad en compa\u00f1\u00eda. Tambi\u00e9n como cada a\u00f1o pondr\u00e1n un \u00e1rbol de madera artificial y colgaran un peque\u00f1o regalo para cada alumno .<\/span><\/p>\n<p>En Marruecos como en todo el mundo tambi\u00e9n celebran el fin de a\u00f1o. Yo el a\u00f1o pasado no me pude comer todas las aceitunas . Pero este a\u00f1o voy a intentarlo .\u00a0\u00a0\u00a0\u00a0\u00a0\u00a0\u00a0 FELIZ A\u00d1O NUEVO \u00a1!!!!!!<\/p>\n<p><strong>Mohamed\u00a0\u00a0\u00a0\u00a0\u00a0\u00a0\u00a0\u00a0\u00a0\u00a0\u00a0\u00a0\u00a0\u00a0\u00a0\u00a0\u00a0\u00a0\u00a0\u00a0\u00a0\u00a0\u00a0\u00a0\u00a0\u00a0\u00a0\u00a0\u00a0\u00a0 03\/12\/2018<\/strong><\/p>\n<p><a href=\"https:\/\/agora.xtec.cat\/ceipalfes\/wp-content\/uploads\/usu315\/2018\/12\/navidad.jpg\"><img loading=\"lazy\" decoding=\"async\" class=\" wp-image-4586\" src=\"https:\/\/agora.xtec.cat\/ceipalfes\/wp-content\/uploads\/usu315\/2018\/12\/navidad-1024x505.jpg\" alt=\"\" width=\"501\" height=\"247\" srcset=\"https:\/\/agora.xtec.cat\/ceipalfes\/wp-content\/uploads\/usu315\/2018\/12\/navidad-1024x505.jpg 1024w, https:\/\/agora.xtec.cat\/ceipalfes\/wp-content\/uploads\/usu315\/2018\/12\/navidad-300x148.jpg 300w, https:\/\/agora.xtec.cat\/ceipalfes\/wp-content\/uploads\/usu315\/2018\/12\/navidad-768x379.jpg 768w, https:\/\/agora.xtec.cat\/ceipalfes\/wp-content\/uploads\/usu315\/2018\/12\/navidad.jpg 1256w\" sizes=\"auto, (max-width: 501px) 100vw, 501px\" \/><\/a><\/p>\n<p>&nbsp;<\/p>\n<p>&nbsp;<\/p>\n<p>&nbsp;<\/p>\n","protected":false},"excerpt":{"rendered":"<p>De todas las redacciones de este TRIMESTRE la que m\u00e1s me ha gustado ha sido esta. Espero que os guste. Yo no celebro la navidad . Pero si que\u00a0 celebro los reyes magos. Yo normal mente voy a ver la cabalgata \u00a0de reyes en la plaza. Cuando acaba me voy a \u00a0mi casa y me [&hellip;]<\/p>\n","protected":false},"author":1,"featured_media":0,"comment_status":"open","ping_status":"closed","sticky":false,"template":"","format":"standard","meta":{"_bbp_topic_count":0,"_bbp_reply_count":0,"_bbp_total_topic_count":0,"_bbp_total_reply_count":0,"_bbp_voice_count":0,"_bbp_anonymous_reply_count":0,"_bbp_topic_count_hidden":0,"_bbp_reply_count_hidden":0,"_bbp_forum_subforum_count":0,"site-sidebar-layout":"default","site-content-layout":"","ast-site-content-layout":"","site-content-style":"default","site-sidebar-style":"default","ast-global-header-display":"","ast-banner-title-visibility":"","ast-main-header-display":"","ast-hfb-above-header-display":"","ast-hfb-below-header-display":"","ast-hfb-mobile-header-display":"","site-post-title":"","ast-breadcrumbs-content":"","ast-featured-img":"","footer-sml-layout":"","theme-transparent-header-meta":"","adv-header-id-meta":"","stick-header-meta":"","header-above-stick-meta":"","header-main-stick-meta":"","header-below-stick-meta":"","astra-migrate-meta-layouts":"default","ast-page-background-enabled":"default","ast-page-background-meta":{"desktop":{"background-color":"var(--ast-global-color-4)","background-image":"","background-repeat":"repeat","background-position":"center center","background-size":"auto","background-attachment":"scroll","background-type":"","background-media":"","overlay-type":"","overlay-color":"","overlay-opacity":"","overlay-gradient":""},"tablet":{"background-color":"","background-image":"","background-repeat":"repeat","background-position":"center center","background-size":"auto","background-attachment":"scroll","background-type":"","background-media":"","overlay-type":"","overlay-color":"","overlay-opacity":"","overlay-gradient":""},"mobile":{"background-color":"","background-image":"","background-repeat":"repeat","background-position":"center center","background-size":"auto","background-attachment":"scroll","background-type":"","background-media":"","overlay-type":"","overlay-color":"","overlay-opacity":"","overlay-gradient":""}},"ast-content-background-meta":{"desktop":{"background-color":"var(--ast-global-color-5)","background-image":"","background-repeat":"repeat","background-position":"center center","background-size":"auto","background-attachment":"scroll","background-type":"","background-media":"","overlay-type":"","overlay-color":"","overlay-opacity":"","overlay-gradient":""},"tablet":{"background-color":"var(--ast-global-color-5)","background-image":"","background-repeat":"repeat","background-position":"center center","background-size":"auto","background-attachment":"scroll","background-type":"","background-media":"","overlay-type":"","overlay-color":"","overlay-opacity":"","overlay-gradient":""},"mobile":{"background-color":"var(--ast-global-color-5)","background-image":"","background-repeat":"repeat","background-position":"center center","background-size":"auto","background-attachment":"scroll","background-type":"","background-media":"","overlay-type":"","overlay-color":"","overlay-opacity":"","overlay-gradient":""}},"footnotes":""},"categories":[32],"tags":[],"class_list":["post-4569","post","type-post","status-publish","format-standard","hentry","category-activitats"],"post_mailing_queue_ids":[],"_links":{"self":[{"href":"https:\/\/agora.xtec.cat\/ceipalfes\/wp-json\/wp\/v2\/posts\/4569","targetHints":{"allow":["GET"]}}],"collection":[{"href":"https:\/\/agora.xtec.cat\/ceipalfes\/wp-json\/wp\/v2\/posts"}],"about":[{"href":"https:\/\/agora.xtec.cat\/ceipalfes\/wp-json\/wp\/v2\/types\/post"}],"author":[{"embeddable":true,"href":"https:\/\/agora.xtec.cat\/ceipalfes\/wp-json\/wp\/v2\/users\/1"}],"replies":[{"embeddable":true,"href":"https:\/\/agora.xtec.cat\/ceipalfes\/wp-json\/wp\/v2\/comments?post=4569"}],"version-history":[{"count":3,"href":"https:\/\/agora.xtec.cat\/ceipalfes\/wp-json\/wp\/v2\/posts\/4569\/revisions"}],"predecessor-version":[{"id":4595,"href":"https:\/\/agora.xtec.cat\/ceipalfes\/wp-json\/wp\/v2\/posts\/4569\/revisions\/4595"}],"wp:attachment":[{"href":"https:\/\/agora.xtec.cat\/ceipalfes\/wp-json\/wp\/v2\/media?parent=4569"}],"wp:term":[{"taxonomy":"category","embeddable":true,"href":"https:\/\/agora.xtec.cat\/ceipalfes\/wp-json\/wp\/v2\/categories?post=4569"},{"taxonomy":"post_tag","embeddable":true,"href":"https:\/\/agora.xtec.cat\/ceipalfes\/wp-json\/wp\/v2\/tags?post=4569"}],"curies":[{"name":"wp","href":"https:\/\/api.w.org\/{rel}","templated":true}]}}