{"id":4557,"date":"2018-12-12T15:57:53","date_gmt":"2018-12-12T14:57:53","guid":{"rendered":"http:\/\/agora.xtec.cat\/ceipalfes\/?p=4557"},"modified":"2021-09-29T16:24:20","modified_gmt":"2021-09-29T14:24:20","slug":"els-reis-mags","status":"publish","type":"post","link":"https:\/\/agora.xtec.cat\/ceipalfes\/activitats\/els-reis-mags\/","title":{"rendered":"Els Reis Mags"},"content":{"rendered":"<table style=\"height: 195px;\" width=\"714\">\n<tbody>\n<tr>\n<td style=\"width: 708.182px;\"><\/td>\n<\/tr>\n<\/tbody>\n<\/table>\n<p>&nbsp;<\/p>\n<p>&nbsp;<\/p>\n<p>&nbsp;<\/p>\n<p>&nbsp;<\/p>\n<p>&nbsp;<\/p>\n<p>Estimats reis mags.<\/p>\n<p>Jo em dic Mohamed i tinc 11anys i visc en un poble a prop de Lleida.<\/p>\n<p>Aquest Nadal m\u2019agradaria que totes les meues joguines les don\u00e9ssiu als nens que no en tenen o a alguna ONG. El meu desig d\u2019aquest any seria que no hi hages tanta pobresa en el m\u00f3n. Encara que jo no s\u00f3c de la religi\u00f3 cristiana m\u2019han parlat molt b\u00e9 de de vosaltres. Desgraciadament el meu professor te una malaltia molt dolenta i el meu segon desig tan com el meu professor i com altra gent seria que no existissin les malalties com aquestes per que \u00a0sin\u00f3 hi ha molta gent que es mor com li va passar al meu padr\u00ed quan jo vaig n\u00e0ixer. I el nostre professor \u00a0ara no podr\u00e0 tornar fins l\u2019any que ve o si \u00a0es recupera.<\/p>\n<p>Aquest any estic intentant portar-me be.<\/p>\n<p>En el m\u00f3n, com vosaltres ja sabeu, hi ha molta guerra i m\u2019agradaria que no hi haguessin tants canons. Que tot fos pau i tranquil\u00b7litat.<\/p>\n<p>Al meu germ\u00e0 li agradaria un abric per tapar-se. A les meues germanes guants i bufs \u00a0i per el meu pare i la mare que mai paren, un gran descans. A\u00a0 tot el m\u00f3n un gran sac de petons i abra\u00e7ades.<\/p>\n<p>Encara que jo ja se que no podreu fer-ho tot, gracies per la vostra atenci\u00f3.<\/p>\n<p>El vostre amic Mohamed.<\/p>\n","protected":false},"excerpt":{"rendered":"<p>&nbsp; &nbsp; &nbsp; &nbsp; &nbsp; Estimats reis mags. Jo em dic Mohamed i tinc 11anys i visc en un poble a prop de Lleida. Aquest Nadal m\u2019agradaria que totes les meues joguines les don\u00e9ssiu als nens que no en tenen o a alguna ONG. El meu desig d\u2019aquest any seria que no hi hages tanta [&hellip;]<\/p>\n","protected":false},"author":1,"featured_media":0,"comment_status":"open","ping_status":"closed","sticky":false,"template":"","format":"standard","meta":{"_bbp_topic_count":0,"_bbp_reply_count":0,"_bbp_total_topic_count":0,"_bbp_total_reply_count":0,"_bbp_voice_count":0,"_bbp_anonymous_reply_count":0,"_bbp_topic_count_hidden":0,"_bbp_reply_count_hidden":0,"_bbp_forum_subforum_count":0,"site-sidebar-layout":"default","site-content-layout":"","ast-site-content-layout":"","site-content-style":"default","site-sidebar-style":"default","ast-global-header-display":"","ast-banner-title-visibility":"","ast-main-header-display":"","ast-hfb-above-header-display":"","ast-hfb-below-header-display":"","ast-hfb-mobile-header-display":"","site-post-title":"","ast-breadcrumbs-content":"","ast-featured-img":"","footer-sml-layout":"","theme-transparent-header-meta":"","adv-header-id-meta":"","stick-header-meta":"","header-above-stick-meta":"","header-main-stick-meta":"","header-below-stick-meta":"","astra-migrate-meta-layouts":"default","ast-page-background-enabled":"default","ast-page-background-meta":{"desktop":{"background-color":"var(--ast-global-color-4)","background-image":"","background-repeat":"repeat","background-position":"center center","background-size":"auto","background-attachment":"scroll","background-type":"","background-media":"","overlay-type":"","overlay-color":"","overlay-opacity":"","overlay-gradient":""},"tablet":{"background-color":"","background-image":"","background-repeat":"repeat","background-position":"center center","background-size":"auto","background-attachment":"scroll","background-type":"","background-media":"","overlay-type":"","overlay-color":"","overlay-opacity":"","overlay-gradient":""},"mobile":{"background-color":"","background-image":"","background-repeat":"repeat","background-position":"center center","background-size":"auto","background-attachment":"scroll","background-type":"","background-media":"","overlay-type":"","overlay-color":"","overlay-opacity":"","overlay-gradient":""}},"ast-content-background-meta":{"desktop":{"background-color":"var(--ast-global-color-5)","background-image":"","background-repeat":"repeat","background-position":"center center","background-size":"auto","background-attachment":"scroll","background-type":"","background-media":"","overlay-type":"","overlay-color":"","overlay-opacity":"","overlay-gradient":""},"tablet":{"background-color":"var(--ast-global-color-5)","background-image":"","background-repeat":"repeat","background-position":"center center","background-size":"auto","background-attachment":"scroll","background-type":"","background-media":"","overlay-type":"","overlay-color":"","overlay-opacity":"","overlay-gradient":""},"mobile":{"background-color":"var(--ast-global-color-5)","background-image":"","background-repeat":"repeat","background-position":"center center","background-size":"auto","background-attachment":"scroll","background-type":"","background-media":"","overlay-type":"","overlay-color":"","overlay-opacity":"","overlay-gradient":""}},"footnotes":""},"categories":[32,44],"tags":[],"class_list":["post-4557","post","type-post","status-publish","format-standard","hentry","category-activitats","category-festes"],"post_mailing_queue_ids":[],"_links":{"self":[{"href":"https:\/\/agora.xtec.cat\/ceipalfes\/wp-json\/wp\/v2\/posts\/4557","targetHints":{"allow":["GET"]}}],"collection":[{"href":"https:\/\/agora.xtec.cat\/ceipalfes\/wp-json\/wp\/v2\/posts"}],"about":[{"href":"https:\/\/agora.xtec.cat\/ceipalfes\/wp-json\/wp\/v2\/types\/post"}],"author":[{"embeddable":true,"href":"https:\/\/agora.xtec.cat\/ceipalfes\/wp-json\/wp\/v2\/users\/1"}],"replies":[{"embeddable":true,"href":"https:\/\/agora.xtec.cat\/ceipalfes\/wp-json\/wp\/v2\/comments?post=4557"}],"version-history":[{"count":1,"href":"https:\/\/agora.xtec.cat\/ceipalfes\/wp-json\/wp\/v2\/posts\/4557\/revisions"}],"predecessor-version":[{"id":4558,"href":"https:\/\/agora.xtec.cat\/ceipalfes\/wp-json\/wp\/v2\/posts\/4557\/revisions\/4558"}],"wp:attachment":[{"href":"https:\/\/agora.xtec.cat\/ceipalfes\/wp-json\/wp\/v2\/media?parent=4557"}],"wp:term":[{"taxonomy":"category","embeddable":true,"href":"https:\/\/agora.xtec.cat\/ceipalfes\/wp-json\/wp\/v2\/categories?post=4557"},{"taxonomy":"post_tag","embeddable":true,"href":"https:\/\/agora.xtec.cat\/ceipalfes\/wp-json\/wp\/v2\/tags?post=4557"}],"curies":[{"name":"wp","href":"https:\/\/api.w.org\/{rel}","templated":true}]}}