{"id":4196,"date":"2018-05-10T12:43:58","date_gmt":"2018-05-10T10:43:58","guid":{"rendered":"http:\/\/agora.xtec.cat\/ceipalfes\/?p=4196"},"modified":"2018-05-10T12:43:58","modified_gmt":"2018-05-10T10:43:58","slug":"jornades-esportives-de-la-zer-leral-a-alfes","status":"publish","type":"post","link":"https:\/\/agora.xtec.cat\/ceipalfes\/general\/jornades-esportives-de-la-zer-leral-a-alfes\/","title":{"rendered":"Jornades Esportives de la ZER l&#8217;Eral a Alf\u00e9s"},"content":{"rendered":"<p>El dissabte, dia 5 de maig al mat\u00ed,\u00a0 vam\u00a0 fer\u00a0 les\u00a0 cinquenes &#8221; TROBADES ESPORTIVES DE LA ZER L&#8217;ERAL&#8221;\u00a0 a l&#8217;escola d&#8217;Alf\u00e9s.<br \/>\nL&#8217;AMPA de l&#8217;escola d&#8217;Alf\u00e9s juntament amb els dos mestres d&#8217; Educaci\u00f3 Fisica -Montse i Josep- de la ZER,\u00a0 vam preparar la jornada.<br \/>\nEl temps ens va acompanyar i els\u00a0 nens i nenes participants van gaudir\u00a0 d&#8217;un bon nombre d&#8217;activitats\u00a0 atl\u00e8tiques i esportives.<br \/>\nLa\u00a0 rivalitat\u00a0 va animar els m\u00e9s esportistes per b\u00e9 que tots es van sentir guanyadors.<br \/>\nUn bon esmorzar\u00a0 \u00a0va fer les del\u00edcies de tots els assistents, grans i petits.<br \/>\nPer acabar es va repartir una medalla\u00a0 i un obsequi per a tots els nens i nenes participants.<br \/>\nTots ens vam sentir b\u00e9 i vam gaudir d&#8217;una bona jornada.<br \/>\nGr\u00e0cies als que van\u00a0fer possible la jornada.\u00a0 Enhorabona per que tot va sortir rod\u00f3.<br \/>\nUs adjunto\u00a0 les fotos\u00a0 \u00a0que\u00a0 en Josep Maria Sol\u00e9\u00a0 va fer de la diada.\u00a0 \u00a0Gr\u00e0cies, Josep Maria<\/p>\n<p><a data-flickr-embed='true' href='https:\/\/www.flickr.com\/photos\/josofe\/albums\/72157690782789760' title='Jonades Esportives 2018 by Josep M\u00aa Sol\u00e9, on Flickr'><img src='https:\/\/live.staticflickr.com\/865\/41235929434_686b17c9c2.jpg' width='800' height='600' alt='Jornades_esportives_2018'><\/a><script async src='https:\/\/embedr.flickr.com\/assets\/client-code.js' charset='utf-8'><\/script><\/p>\n","protected":false},"excerpt":{"rendered":"<p>El dissabte, dia 5 de maig al mat\u00ed,\u00a0 vam\u00a0 fer\u00a0 les\u00a0 cinquenes &#8221; TROBADES ESPORTIVES DE LA ZER L&#8217;ERAL&#8221;\u00a0 a l&#8217;escola d&#8217;Alf\u00e9s. L&#8217;AMPA de l&#8217;escola d&#8217;Alf\u00e9s juntament amb els dos mestres d&#8217; Educaci\u00f3 Fisica -Montse i Josep- de la ZER,\u00a0 vam preparar la jornada. El temps ens va acompanyar i els\u00a0 nens i nenes participants [&hellip;]<\/p>\n","protected":false},"author":1,"featured_media":0,"comment_status":"open","ping_status":"closed","sticky":false,"template":"","format":"standard","meta":{"_bbp_topic_count":0,"_bbp_reply_count":0,"_bbp_total_topic_count":0,"_bbp_total_reply_count":0,"_bbp_voice_count":0,"_bbp_anonymous_reply_count":0,"_bbp_topic_count_hidden":0,"_bbp_reply_count_hidden":0,"_bbp_forum_subforum_count":0,"site-sidebar-layout":"default","site-content-layout":"","ast-site-content-layout":"","site-content-style":"default","site-sidebar-style":"default","ast-global-header-display":"","ast-banner-title-visibility":"","ast-main-header-display":"","ast-hfb-above-header-display":"","ast-hfb-below-header-display":"","ast-hfb-mobile-header-display":"","site-post-title":"","ast-breadcrumbs-content":"","ast-featured-img":"","footer-sml-layout":"","theme-transparent-header-meta":"","adv-header-id-meta":"","stick-header-meta":"","header-above-stick-meta":"","header-main-stick-meta":"","header-below-stick-meta":"","astra-migrate-meta-layouts":"default","ast-page-background-enabled":"default","ast-page-background-meta":{"desktop":{"background-color":"var(--ast-global-color-4)","background-image":"","background-repeat":"repeat","background-position":"center center","background-size":"auto","background-attachment":"scroll","background-type":"","background-media":"","overlay-type":"","overlay-color":"","overlay-opacity":"","overlay-gradient":""},"tablet":{"background-color":"","background-image":"","background-repeat":"repeat","background-position":"center center","background-size":"auto","background-attachment":"scroll","background-type":"","background-media":"","overlay-type":"","overlay-color":"","overlay-opacity":"","overlay-gradient":""},"mobile":{"background-color":"","background-image":"","background-repeat":"repeat","background-position":"center center","background-size":"auto","background-attachment":"scroll","background-type":"","background-media":"","overlay-type":"","overlay-color":"","overlay-opacity":"","overlay-gradient":""}},"ast-content-background-meta":{"desktop":{"background-color":"var(--ast-global-color-5)","background-image":"","background-repeat":"repeat","background-position":"center center","background-size":"auto","background-attachment":"scroll","background-type":"","background-media":"","overlay-type":"","overlay-color":"","overlay-opacity":"","overlay-gradient":""},"tablet":{"background-color":"var(--ast-global-color-5)","background-image":"","background-repeat":"repeat","background-position":"center center","background-size":"auto","background-attachment":"scroll","background-type":"","background-media":"","overlay-type":"","overlay-color":"","overlay-opacity":"","overlay-gradient":""},"mobile":{"background-color":"var(--ast-global-color-5)","background-image":"","background-repeat":"repeat","background-position":"center center","background-size":"auto","background-attachment":"scroll","background-type":"","background-media":"","overlay-type":"","overlay-color":"","overlay-opacity":"","overlay-gradient":""}},"footnotes":""},"categories":[7,37,1,4],"tags":[],"class_list":["post-4196","post","type-post","status-publish","format-standard","hentry","category-ampa","category-zer-leral","category-general","category-portada"],"post_mailing_queue_ids":[],"_links":{"self":[{"href":"https:\/\/agora.xtec.cat\/ceipalfes\/wp-json\/wp\/v2\/posts\/4196","targetHints":{"allow":["GET"]}}],"collection":[{"href":"https:\/\/agora.xtec.cat\/ceipalfes\/wp-json\/wp\/v2\/posts"}],"about":[{"href":"https:\/\/agora.xtec.cat\/ceipalfes\/wp-json\/wp\/v2\/types\/post"}],"author":[{"embeddable":true,"href":"https:\/\/agora.xtec.cat\/ceipalfes\/wp-json\/wp\/v2\/users\/1"}],"replies":[{"embeddable":true,"href":"https:\/\/agora.xtec.cat\/ceipalfes\/wp-json\/wp\/v2\/comments?post=4196"}],"version-history":[{"count":1,"href":"https:\/\/agora.xtec.cat\/ceipalfes\/wp-json\/wp\/v2\/posts\/4196\/revisions"}],"predecessor-version":[{"id":4197,"href":"https:\/\/agora.xtec.cat\/ceipalfes\/wp-json\/wp\/v2\/posts\/4196\/revisions\/4197"}],"wp:attachment":[{"href":"https:\/\/agora.xtec.cat\/ceipalfes\/wp-json\/wp\/v2\/media?parent=4196"}],"wp:term":[{"taxonomy":"category","embeddable":true,"href":"https:\/\/agora.xtec.cat\/ceipalfes\/wp-json\/wp\/v2\/categories?post=4196"},{"taxonomy":"post_tag","embeddable":true,"href":"https:\/\/agora.xtec.cat\/ceipalfes\/wp-json\/wp\/v2\/tags?post=4196"}],"curies":[{"name":"wp","href":"https:\/\/api.w.org\/{rel}","templated":true}]}}