{"id":4023,"date":"2018-04-06T10:17:34","date_gmt":"2018-04-06T08:17:34","guid":{"rendered":"http:\/\/agora.xtec.cat\/ceipalfes\/?p=4023"},"modified":"2018-04-11T19:11:20","modified_gmt":"2018-04-11T17:11:20","slug":"celebrem-la-primavera","status":"publish","type":"post","link":"https:\/\/agora.xtec.cat\/ceipalfes\/general\/celebrem-la-primavera\/","title":{"rendered":"Celebrem la primavera!!!"},"content":{"rendered":"<p><span style=\"font-size: 14pt;\">L&#8217;\u00faltim dia abans de les vacances de Setmana Santa vam realitzar una s\u00e8rie d&#8217;activitats en commemoraci\u00f3 a l&#8217;entrada de la primavera.<br \/>\n<\/span><span style=\"font-size: 14pt;\">Al mat\u00ed, grans i petits de l&#8217;Escola vam preparar un esmorzar saludable amb els productes del nostre hort, que per cert, s\u00f3n de molt bona qualitat. A l&#8217;esmorzar, vam convidar al pare del Josep per agrair-li l&#8217;ajuda rebuda.\u00a0Despr\u00e9s del bon \u00e0pat, vam continuar treballant a l&#8217;hort. En acomiadar-se, va regalar a cada infant un bulb de gladiol. Esperem que aviat ens torni a visitar!<br \/>\n<\/span><span style=\"font-size: 14pt;\">A la tarda, vam fer el joc &#8220;Easter egg hunt&#8221;, aix\u00ed doncs, vam cercar els ous de Pasqua als voltants de l&#8217;Escola. Seguidament, vam intentar jugar un partit de futbol, i dic intentar perqu\u00e8 els alumnes van v\u00e8ncer als mestres per golejada! Aix\u00f2 s\u00ed, aviat tindrem la revenja.<br \/>\n<\/span><span style=\"font-size: 14pt;\">Per acabar, els nens i nenes van emportar-se a casa la cistella, que ells havien dissenyat, plena d&#8217;ous de xocolata.<br \/>\n<\/span><span style=\"font-size: 14pt;\">Per veure les fotografies d&#8217;aquest dia obriu\u00a0 l&#8217;<a href=\"https:\/\/photos.app.goo.gl\/JZU5GlzENEZHFBo32\" target=\"_blank\" rel=\"noopener noreferrer\">enlla\u00e7<\/a>\u00a0o cliqueu a la fotografia.<\/span><\/p>\n<p><a href=\"https:\/\/photos.app.goo.gl\/JZU5GlzENEZHFBo32\"><img loading=\"lazy\" decoding=\"async\" class=\"aligncenter wp-image-4025\" src=\"http:\/\/agora.xtec.cat\/ceipalfes\/wp-content\/uploads\/usu315\/2018\/04\/DSC_0219-1-1024x683.jpg\" alt=\"\" width=\"645\" height=\"430\" \/><\/a><\/p>\n","protected":false},"excerpt":{"rendered":"<p>L&#8217;\u00faltim dia abans de les vacances de Setmana Santa vam realitzar una s\u00e8rie d&#8217;activitats en commemoraci\u00f3 a l&#8217;entrada de la primavera. Al mat\u00ed, grans i petits de l&#8217;Escola vam preparar un esmorzar saludable amb els productes del nostre hort, que per cert, s\u00f3n de molt bona qualitat. A l&#8217;esmorzar, vam convidar al pare del Josep [&hellip;]<\/p>\n","protected":false},"author":12,"featured_media":0,"comment_status":"open","ping_status":"closed","sticky":false,"template":"","format":"standard","meta":{"_bbp_topic_count":0,"_bbp_reply_count":0,"_bbp_total_topic_count":0,"_bbp_total_reply_count":0,"_bbp_voice_count":0,"_bbp_anonymous_reply_count":0,"_bbp_topic_count_hidden":0,"_bbp_reply_count_hidden":0,"_bbp_forum_subforum_count":0,"site-sidebar-layout":"default","site-content-layout":"","ast-site-content-layout":"","site-content-style":"default","site-sidebar-style":"default","ast-global-header-display":"","ast-banner-title-visibility":"","ast-main-header-display":"","ast-hfb-above-header-display":"","ast-hfb-below-header-display":"","ast-hfb-mobile-header-display":"","site-post-title":"","ast-breadcrumbs-content":"","ast-featured-img":"","footer-sml-layout":"","theme-transparent-header-meta":"","adv-header-id-meta":"","stick-header-meta":"","header-above-stick-meta":"","header-main-stick-meta":"","header-below-stick-meta":"","astra-migrate-meta-layouts":"default","ast-page-background-enabled":"default","ast-page-background-meta":{"desktop":{"background-color":"var(--ast-global-color-4)","background-image":"","background-repeat":"repeat","background-position":"center center","background-size":"auto","background-attachment":"scroll","background-type":"","background-media":"","overlay-type":"","overlay-color":"","overlay-opacity":"","overlay-gradient":""},"tablet":{"background-color":"","background-image":"","background-repeat":"repeat","background-position":"center center","background-size":"auto","background-attachment":"scroll","background-type":"","background-media":"","overlay-type":"","overlay-color":"","overlay-opacity":"","overlay-gradient":""},"mobile":{"background-color":"","background-image":"","background-repeat":"repeat","background-position":"center center","background-size":"auto","background-attachment":"scroll","background-type":"","background-media":"","overlay-type":"","overlay-color":"","overlay-opacity":"","overlay-gradient":""}},"ast-content-background-meta":{"desktop":{"background-color":"var(--ast-global-color-5)","background-image":"","background-repeat":"repeat","background-position":"center center","background-size":"auto","background-attachment":"scroll","background-type":"","background-media":"","overlay-type":"","overlay-color":"","overlay-opacity":"","overlay-gradient":""},"tablet":{"background-color":"var(--ast-global-color-5)","background-image":"","background-repeat":"repeat","background-position":"center center","background-size":"auto","background-attachment":"scroll","background-type":"","background-media":"","overlay-type":"","overlay-color":"","overlay-opacity":"","overlay-gradient":""},"mobile":{"background-color":"var(--ast-global-color-5)","background-image":"","background-repeat":"repeat","background-position":"center center","background-size":"auto","background-attachment":"scroll","background-type":"","background-media":"","overlay-type":"","overlay-color":"","overlay-opacity":"","overlay-gradient":""}},"footnotes":""},"categories":[44,1,4],"tags":[],"class_list":["post-4023","post","type-post","status-publish","format-standard","hentry","category-festes","category-general","category-portada"],"post_mailing_queue_ids":[],"_links":{"self":[{"href":"https:\/\/agora.xtec.cat\/ceipalfes\/wp-json\/wp\/v2\/posts\/4023","targetHints":{"allow":["GET"]}}],"collection":[{"href":"https:\/\/agora.xtec.cat\/ceipalfes\/wp-json\/wp\/v2\/posts"}],"about":[{"href":"https:\/\/agora.xtec.cat\/ceipalfes\/wp-json\/wp\/v2\/types\/post"}],"author":[{"embeddable":true,"href":"https:\/\/agora.xtec.cat\/ceipalfes\/wp-json\/wp\/v2\/users\/12"}],"replies":[{"embeddable":true,"href":"https:\/\/agora.xtec.cat\/ceipalfes\/wp-json\/wp\/v2\/comments?post=4023"}],"version-history":[{"count":4,"href":"https:\/\/agora.xtec.cat\/ceipalfes\/wp-json\/wp\/v2\/posts\/4023\/revisions"}],"predecessor-version":[{"id":4046,"href":"https:\/\/agora.xtec.cat\/ceipalfes\/wp-json\/wp\/v2\/posts\/4023\/revisions\/4046"}],"wp:attachment":[{"href":"https:\/\/agora.xtec.cat\/ceipalfes\/wp-json\/wp\/v2\/media?parent=4023"}],"wp:term":[{"taxonomy":"category","embeddable":true,"href":"https:\/\/agora.xtec.cat\/ceipalfes\/wp-json\/wp\/v2\/categories?post=4023"},{"taxonomy":"post_tag","embeddable":true,"href":"https:\/\/agora.xtec.cat\/ceipalfes\/wp-json\/wp\/v2\/tags?post=4023"}],"curies":[{"name":"wp","href":"https:\/\/api.w.org\/{rel}","templated":true}]}}