{"id":3313,"date":"2017-10-25T15:54:29","date_gmt":"2017-10-25T13:54:29","guid":{"rendered":"http:\/\/agora.xtec.cat\/ceipalfes\/?p=3313"},"modified":"2017-10-25T15:54:29","modified_gmt":"2017-10-25T13:54:29","slug":"celebracions","status":"publish","type":"post","link":"https:\/\/agora.xtec.cat\/ceipalfes\/revista\/celebracions\/","title":{"rendered":"Celebracions"},"content":{"rendered":"<p><strong>Halloween<\/strong>\u00a0\u00e9s una festivitat tradicional heretada de les celebracions d&#8217;origen\u00a0<a href=\"https:\/\/ca.wikipedia.org\/wiki\/Celtes\">celta<\/a>,<sup>[<a href=\"https:\/\/ca.wikipedia.org\/wiki\/Viquip%C3%A8dia:Citau_les_fonts\"><em>cal\u00a0citaci\u00f3<\/em><\/a>]<\/sup>\u00a0que s&#8217;ha est\u00e8s r\u00e0pidament arreu del m\u00f3n i, en especial, pels pa\u00efsos anglosaxons.<\/p>\n<p>Fa molts segles a\u00a0<a href=\"https:\/\/ca.wikipedia.org\/wiki\/Bretanya\">Bretanya<\/a>,\u00a0<a href=\"https:\/\/ca.wikipedia.org\/wiki\/Esc%C3%B2cia\">Esc\u00f2cia<\/a>\u00a0i\u00a0<a href=\"https:\/\/ca.wikipedia.org\/wiki\/Irlanda\">Irlanda<\/a>, el dia\u00a0<a href=\"https:\/\/ca.wikipedia.org\/wiki\/31_d%27octubre\">31 d&#8217;octubre<\/a>\u00a0se celebrava la festivitat de\u00a0<a href=\"https:\/\/ca.wikipedia.org\/wiki\/Samhain\">Samhain<\/a>, que coincidia amb el darrer dia de l&#8217;any segons els antics calendaris celtes i anglosaxons. Samhain era el d\u00e9u dels morts. Algunes fonts indiquen que la paraula ga\u00e8lica &#8220;Samhain&#8221; literalment vol dir &#8220;final de l&#8217;estiu&#8221;. El dia que celebraven Samhain era, per tant, el dia de\u00a0<a href=\"https:\/\/ca.wikipedia.org\/wiki\/Cap_d%27any\">cap d&#8217;any<\/a>. En aquella \u00e8poca, s&#8217;encenien grans fogueres sobre les muntanyes per foragitar els esperits malignes. Tamb\u00e9 es creia que les \u00e0nimes dels morts visitaven les seves antigues cases per intentar trobar un cos on habitar, i anaven acompanyades de\u00a0<a href=\"https:\/\/ca.wikipedia.org\/wiki\/Mag\">bruixes<\/a>\u00a0i\u00a0<a href=\"https:\/\/ca.wikipedia.org\/wiki\/Esperit\">esperits<\/a>. Per aix\u00f2 no s&#8217;encenia cap llum a les cases, i la gent es vestia com a bruixes o dimonis per tal que cap\u00a0<a href=\"https:\/\/ca.wikipedia.org\/wiki\/%C3%80nima\">\u00e0nima<\/a>\u00a0volgu\u00e9s habitar el seu cos.<sup>[<\/sup><a href=\"https:\/\/ca.wikipedia.org\/wiki\/Viquip%C3%A8dia:Citau_les_fonts\"><em><sup>cal\u00a0citaci\u00f3<\/sup><\/em><\/a><sup>]<\/sup><\/p>\n<p>&nbsp;<\/p>\n<p><strong>Tots Sants<\/strong>\u00a0(de l&#8217;expressi\u00f3\u00a0<a href=\"https:\/\/ca.wikipedia.org\/wiki\/Llat%C3%AD\">llatina<\/a>:\u00a0<em>Omnia Sanctorum<\/em>)<a href=\"https:\/\/ca.wikipedia.org\/wiki\/Tots_Sants#cite_note-1\"><sup>[1]<\/sup><\/a>\u00a0\u00e9s una\u00a0<a href=\"https:\/\/ca.wikipedia.org\/wiki\/Festa\">festa<\/a>\u00a0tradicional\u00a0<a href=\"https:\/\/ca.wikipedia.org\/wiki\/Cat%C3%B2lica\">cat\u00f2lica<\/a>\u00a0dedicada al record dels avantpassats<sup><a href=\"https:\/\/ca.wikipedia.org\/wiki\/Tots_Sants#cite_note-culturcat-2\">[2]<\/a><\/sup>que se celebra el dia\u00a0<a href=\"https:\/\/ca.wikipedia.org\/wiki\/1_de_novembre\">1 de novembre<\/a>\u00a0i que est\u00e0 \u00edntimament relacionada amb la festa que se celebra l&#8217;endem\u00e0, la del\u00a0<a href=\"https:\/\/ca.wikipedia.org\/wiki\/Dia_dels_Morts\">Dia dels Morts<\/a>o\u00a0<a href=\"https:\/\/ca.wikipedia.org\/wiki\/Dia_dels_Difunts\">Dia dels Difunts<\/a>, el\u00a0<a href=\"https:\/\/ca.wikipedia.org\/wiki\/2_de_novembre\">2 de novembre<\/a>. La creen\u00e7a tradicional \u00e9s que l&#8217;1 de novembre, els vius visiten els morts, i el 2 de novembre, els morts visiten els vius.<a href=\"https:\/\/ca.wikipedia.org\/wiki\/Tots_Sants#cite_note-3\"><sup>[3]<\/sup><\/a>\u00a0Aquesta festivitat \u00e9s una de les m\u00e9s antigues en el m\u00f3n\u00a0<a href=\"https:\/\/ca.wikipedia.org\/wiki\/Cristi%C3%A0\">cristi\u00e0<\/a>. A\u00a0<a href=\"https:\/\/ca.wikipedia.org\/wiki\/Espanya\">Espanya<\/a>,\u00a0<a href=\"https:\/\/ca.wikipedia.org\/wiki\/Fran%C3%A7a\">Fran\u00e7a<\/a>\u00a0i\u00a0<a href=\"https:\/\/ca.wikipedia.org\/wiki\/Portugal\">Portugal<\/a>, entre molts altres pa\u00efsos de la mateixa tradici\u00f3, \u00e9s un dia festiu.<\/p>\n<p>Tots Sants deriva, en concret, d&#8217;una festa c\u00e8ltica anomenada Samain que es feia per venerar els morts.<\/p>\n<h6>\r\n\t<div class=\"slideshow_container slideshow_container_style-light\" style=\"height: 250px; max-width: 750px;\" data-slideshow-id=\"3297\" data-style-name=\"style-light\" data-style-version=\"2.3.1\" >\r\n\r\n\t\t\t\t\t<div class=\"slideshow_loading_icon\"><\/div>\r\n\t\t\r\n\t\t<div class=\"slideshow_content\" style=\"display: none;\">\r\n\r\n\t\t\t<div class=\"slideshow_view\">\r\n\t\t\t\t<div class=\"slideshow_slide slideshow_slide_image\">\r\n\t\t\t\t\t\t\t\t\t\t\t<img src=\"https:\/\/agora.xtec.cat\/ceipalfes\/wp-content\/uploads\/usu315\/2017\/10\/fantasama.gif\" alt=\"fantasama\" width=\"300\" height=\"206\" \/>\r\n\t\t\t\t\t\t\t\t\t\t<div class=\"slideshow_description_box slideshow_transparent\">\r\n\t\t\t\t\t\t<div class=\"slideshow_title\">fantasama<\/div>\t\t\t\t\t\t\t\t\t\t\t<\/div>\r\n\t\t\t\t<\/div>\r\n\r\n\t\t\t\t\t\t<div style=\"clear: both;\"><\/div><\/div><div class=\"slideshow_view\">\r\n\t\t\t\t<div class=\"slideshow_slide slideshow_slide_image\">\r\n\t\t\t\t\t\t\t\t\t\t\t<img src=\"https:\/\/agora.xtec.cat\/ceipalfes\/wp-content\/uploads\/usu315\/2017\/10\/castanyada.jpg\" alt=\"castanyada\" width=\"262\" height=\"192\" \/>\r\n\t\t\t\t\t\t\t\t\t\t<div class=\"slideshow_description_box slideshow_transparent\">\r\n\t\t\t\t\t\t<div class=\"slideshow_title\">castanyada<\/div>\t\t\t\t\t\t\t\t\t\t\t<\/div>\r\n\t\t\t\t<\/div>\r\n\r\n\t\t\t\t\t\t<div style=\"clear: both;\"><\/div><\/div><div class=\"slideshow_view\">\r\n\t\t\t\t<div class=\"slideshow_slide slideshow_slide_image\">\r\n\t\t\t\t\t\t\t\t\t\t\t<img src=\"https:\/\/agora.xtec.cat\/ceipalfes\/wp-content\/uploads\/usu315\/2017\/10\/castanya.jpg\" alt=\"castanya\" width=\"570\" height=\"240\" \/>\r\n\t\t\t\t\t\t\t\t\t\t<div class=\"slideshow_description_box slideshow_transparent\">\r\n\t\t\t\t\t\t<div class=\"slideshow_title\">castanya<\/div>\t\t\t\t\t\t\t\t\t\t\t<\/div>\r\n\t\t\t\t<\/div>\r\n\r\n\t\t\t\t\t\t<div style=\"clear: both;\"><\/div><\/div><div class=\"slideshow_view\">\r\n\t\t\t\t<div class=\"slideshow_slide slideshow_slide_image\">\r\n\t\t\t\t\t\t\t\t\t\t\t<img src=\"https:\/\/agora.xtec.cat\/ceipalfes\/wp-content\/uploads\/usu315\/2017\/10\/carabasa.jpg\" alt=\"carabasa\" width=\"690\" height=\"401\" \/>\r\n\t\t\t\t\t\t\t\t\t\t<div class=\"slideshow_description_box slideshow_transparent\">\r\n\t\t\t\t\t\t<div class=\"slideshow_title\">carabasa<\/div>\t\t\t\t\t\t\t\t\t\t\t<\/div>\r\n\t\t\t\t<\/div>\r\n\r\n\t\t\t\t\t\t<div style=\"clear: both;\"><\/div><\/div><div class=\"slideshow_view\">\r\n\t\t\t\t<div class=\"slideshow_slide slideshow_slide_image\">\r\n\t\t\t\t\t\t\t\t\t\t\t<img src=\"https:\/\/agora.xtec.cat\/ceipalfes\/wp-content\/uploads\/usu315\/2017\/10\/carabases-halloween.jpg\" alt=\"carabases halloween\" width=\"800\" height=\"450\" \/>\r\n\t\t\t\t\t\t\t\t\t\t<div class=\"slideshow_description_box slideshow_transparent\">\r\n\t\t\t\t\t\t<div class=\"slideshow_title\">carabases halloween<\/div>\t\t\t\t\t\t\t\t\t\t\t<\/div>\r\n\t\t\t\t<\/div>\r\n\r\n\t\t\t\t\t\t<div style=\"clear: both;\"><\/div><\/div><div class=\"slideshow_view\">\r\n\t\t\t\t<div class=\"slideshow_slide slideshow_slide_image\">\r\n\t\t\t\t\t\t\t\t\t\t\t<img src=\"https:\/\/agora.xtec.cat\/ceipalfes\/wp-content\/uploads\/usu315\/2017\/10\/pastisos.jpg\" alt=\"pastisos\" width=\"640\" height=\"426\" \/>\r\n\t\t\t\t\t\t\t\t\t\t<div class=\"slideshow_description_box slideshow_transparent\">\r\n\t\t\t\t\t\t<div class=\"slideshow_title\">pastisos<\/div>\t\t\t\t\t\t\t\t\t\t\t<\/div>\r\n\t\t\t\t<\/div>\r\n\r\n\t\t\t\t\t\t<div style=\"clear: both;\"><\/div><\/div><div class=\"slideshow_view\">\r\n\t\t\t\t<div class=\"slideshow_slide slideshow_slide_image\">\r\n\t\t\t\t\t\t\t\t\t\t\t<img src=\"https:\/\/agora.xtec.cat\/ceipalfes\/wp-content\/uploads\/usu315\/2017\/10\/carabases-halloween-1.jpg\" alt=\"carabases halloween\" width=\"800\" height=\"450\" \/>\r\n\t\t\t\t\t\t\t\t\t\t<div class=\"slideshow_description_box slideshow_transparent\">\r\n\t\t\t\t\t\t<div class=\"slideshow_title\">carabases halloween<\/div>\t\t\t\t\t\t\t\t\t\t\t<\/div>\r\n\t\t\t\t<\/div>\r\n\r\n\t\t\t\t\t\t<div style=\"clear: both;\"><\/div><\/div><div class=\"slideshow_view\">\r\n\t\t\t\t<div class=\"slideshow_slide slideshow_slide_image\">\r\n\t\t\t\t\t\t\t\t\t\t\t<img src=\"https:\/\/agora.xtec.cat\/ceipalfes\/wp-content\/uploads\/usu315\/2017\/10\/carabasa3.jpg\" alt=\"carabasa3\" width=\"2000\" height=\"1000\" \/>\r\n\t\t\t\t\t\t\t\t\t\t<div class=\"slideshow_description_box slideshow_transparent\">\r\n\t\t\t\t\t\t<div class=\"slideshow_title\">carabasa3<\/div>\t\t\t\t\t\t\t\t\t\t\t<\/div>\r\n\t\t\t\t<\/div>\r\n\r\n\t\t\t\t\t\t<div style=\"clear: both;\"><\/div><\/div>\r\n\t\t<\/div>\r\n\r\n\t\t<div class=\"slideshow_controlPanel slideshow_transparent\" style=\"display: none;\"><ul><li class=\"slideshow_togglePlay\" data-play-text=\"Visualitza\" data-pause-text=\"Pausa\"><\/li><\/ul><\/div>\r\n\r\n\t\t<div class=\"slideshow_button slideshow_previous slideshow_transparent\" role=\"button\" data-previous-text=\"Anterior\" style=\"display: none;\"><\/div>\r\n\t\t<div class=\"slideshow_button slideshow_next slideshow_transparent\" role=\"button\" data-next-text=\"Seg\u00fcent\" style=\"display: none;\"><\/div>\r\n\r\n\t\t<div class=\"slideshow_pagination\" style=\"display: none;\" data-go-to-text=\"V\u00e9s a la diapositiva\"><div class=\"slideshow_pagination_center\"><\/div><\/div>\r\n\r\n\t\t<!-- WordPress Slideshow Version 2.3.1 -->\r\n\r\n\t\t\t<\/div>\r\n\r\n<\/h6>\n","protected":false},"excerpt":{"rendered":"<p>Halloween\u00a0\u00e9s una festivitat tradicional heretada de les celebracions d&#8217;origen\u00a0celta,[cal\u00a0citaci\u00f3]\u00a0que s&#8217;ha est\u00e8s r\u00e0pidament arreu del m\u00f3n i, en especial, pels pa\u00efsos anglosaxons. Fa molts segles a\u00a0Bretanya,\u00a0Esc\u00f2cia\u00a0i\u00a0Irlanda, el dia\u00a031 d&#8217;octubre\u00a0se celebrava la festivitat de\u00a0Samhain, que coincidia amb el darrer dia de l&#8217;any segons els antics calendaris celtes i anglosaxons. Samhain era el d\u00e9u dels morts. Algunes fonts [&hellip;]<\/p>\n","protected":false},"author":12,"featured_media":0,"comment_status":"open","ping_status":"closed","sticky":false,"template":"","format":"standard","meta":{"_bbp_topic_count":0,"_bbp_reply_count":0,"_bbp_total_topic_count":0,"_bbp_total_reply_count":0,"_bbp_voice_count":0,"_bbp_anonymous_reply_count":0,"_bbp_topic_count_hidden":0,"_bbp_reply_count_hidden":0,"_bbp_forum_subforum_count":0,"site-sidebar-layout":"default","site-content-layout":"","ast-site-content-layout":"","site-content-style":"default","site-sidebar-style":"default","ast-global-header-display":"","ast-banner-title-visibility":"","ast-main-header-display":"","ast-hfb-above-header-display":"","ast-hfb-below-header-display":"","ast-hfb-mobile-header-display":"","site-post-title":"","ast-breadcrumbs-content":"","ast-featured-img":"","footer-sml-layout":"","theme-transparent-header-meta":"","adv-header-id-meta":"","stick-header-meta":"","header-above-stick-meta":"","header-main-stick-meta":"","header-below-stick-meta":"","astra-migrate-meta-layouts":"default","ast-page-background-enabled":"default","ast-page-background-meta":{"desktop":{"background-color":"var(--ast-global-color-4)","background-image":"","background-repeat":"repeat","background-position":"center center","background-size":"auto","background-attachment":"scroll","background-type":"","background-media":"","overlay-type":"","overlay-color":"","overlay-opacity":"","overlay-gradient":""},"tablet":{"background-color":"","background-image":"","background-repeat":"repeat","background-position":"center center","background-size":"auto","background-attachment":"scroll","background-type":"","background-media":"","overlay-type":"","overlay-color":"","overlay-opacity":"","overlay-gradient":""},"mobile":{"background-color":"","background-image":"","background-repeat":"repeat","background-position":"center center","background-size":"auto","background-attachment":"scroll","background-type":"","background-media":"","overlay-type":"","overlay-color":"","overlay-opacity":"","overlay-gradient":""}},"ast-content-background-meta":{"desktop":{"background-color":"var(--ast-global-color-5)","background-image":"","background-repeat":"repeat","background-position":"center center","background-size":"auto","background-attachment":"scroll","background-type":"","background-media":"","overlay-type":"","overlay-color":"","overlay-opacity":"","overlay-gradient":""},"tablet":{"background-color":"var(--ast-global-color-5)","background-image":"","background-repeat":"repeat","background-position":"center center","background-size":"auto","background-attachment":"scroll","background-type":"","background-media":"","overlay-type":"","overlay-color":"","overlay-opacity":"","overlay-gradient":""},"mobile":{"background-color":"var(--ast-global-color-5)","background-image":"","background-repeat":"repeat","background-position":"center center","background-size":"auto","background-attachment":"scroll","background-type":"","background-media":"","overlay-type":"","overlay-color":"","overlay-opacity":"","overlay-gradient":""}},"footnotes":""},"categories":[63],"tags":[],"class_list":["post-3313","post","type-post","status-publish","format-standard","hentry","category-revista"],"post_mailing_queue_ids":[],"_links":{"self":[{"href":"https:\/\/agora.xtec.cat\/ceipalfes\/wp-json\/wp\/v2\/posts\/3313","targetHints":{"allow":["GET"]}}],"collection":[{"href":"https:\/\/agora.xtec.cat\/ceipalfes\/wp-json\/wp\/v2\/posts"}],"about":[{"href":"https:\/\/agora.xtec.cat\/ceipalfes\/wp-json\/wp\/v2\/types\/post"}],"author":[{"embeddable":true,"href":"https:\/\/agora.xtec.cat\/ceipalfes\/wp-json\/wp\/v2\/users\/12"}],"replies":[{"embeddable":true,"href":"https:\/\/agora.xtec.cat\/ceipalfes\/wp-json\/wp\/v2\/comments?post=3313"}],"version-history":[{"count":1,"href":"https:\/\/agora.xtec.cat\/ceipalfes\/wp-json\/wp\/v2\/posts\/3313\/revisions"}],"predecessor-version":[{"id":3314,"href":"https:\/\/agora.xtec.cat\/ceipalfes\/wp-json\/wp\/v2\/posts\/3313\/revisions\/3314"}],"wp:attachment":[{"href":"https:\/\/agora.xtec.cat\/ceipalfes\/wp-json\/wp\/v2\/media?parent=3313"}],"wp:term":[{"taxonomy":"category","embeddable":true,"href":"https:\/\/agora.xtec.cat\/ceipalfes\/wp-json\/wp\/v2\/categories?post=3313"},{"taxonomy":"post_tag","embeddable":true,"href":"https:\/\/agora.xtec.cat\/ceipalfes\/wp-json\/wp\/v2\/tags?post=3313"}],"curies":[{"name":"wp","href":"https:\/\/api.w.org\/{rel}","templated":true}]}}