{"id":2756,"date":"2017-04-16T21:10:48","date_gmt":"2017-04-16T19:10:48","guid":{"rendered":"http:\/\/agora.xtec.cat\/ceipalfes\/?p=2756"},"modified":"2017-04-28T20:27:45","modified_gmt":"2017-04-28T18:27:45","slug":"la-primavera-ja-es-aqui","status":"publish","type":"post","link":"https:\/\/agora.xtec.cat\/ceipalfes\/portada\/la-primavera-ja-es-aqui\/","title":{"rendered":"LA PRIMAVERA JA \u00c9S AQU\u00cd &#8230;"},"content":{"rendered":"<p><a href=\"https:\/\/goo.gl\/photos\/YJaTHPYQcLEcTHMDA\"><img loading=\"lazy\" decoding=\"async\" id=\"__wp-temp-img-id\" src=\"https:\/\/lh3.googleusercontent.com\/Ed919CxknWFinJ1ox0J-Sflvw4_WglvS9FghyKnMCL1fB4R1ubbFAKuWMlT2u4FDGIxRYjxocGaOPxZqjVDjnAxzIkgkeDlRhuLMQhUZE8IqoSpKV5CE3NW6iztuL65GT_5ERWP2A1a7ZZ1Aup7EYrj0ExyRbj6fX7w12IX_9B5ijdLk2_OZ0V-W4TB0KvXhBrRFgEhlzBIexWe_j958a76etzT5omsrCNA9IN5ety024o7pMljj0dYGyLOP4i8va4oI7iK7TlXfsOOOFvYDHxUy9jCadY2lNIK4OlKh7gc48k_8nnmmNvmgbiQh89Wf0ZnhD2WBs8Jk4NSXr5gL8Jt6F2HL9BZn7uV5bcVBc_avmy8QRhMDwnB5UeIFzBHhjCkmN5BsebGcff1DyuB0jtmlXzJ-UaiDn2DJZDvGtV2DQpGl2XhNY7fDlR1KxTmNymE6hIGxzDFEwTPnvskkwLNtqtpeDzOWOeLysmoiv-krdgeUTAPVMTyvjUekQfWLIMxjYft_i9dbTesR7x-rTO7ZjGI7gai_p3dI_aMMO8Wc2pDQqJYDvM19rlnMOmNSUqfHQQON650t9_A3-jT6UkrX5Ng1-6IQaSqZ9Jn16nu5kncGy3TF8pUta9oEg_Ad_kjGMOIqWT-pt93FbMB9KEddeKIj6vjJS5E-B2l1lQ=w1512-h850-no\" width=\"1200\" height=\"675\" \/><\/a><\/p>\n<p><span style=\"font-size: 14pt;\">Podeu veure totes les fotos en aquest enlla\u00e7:<\/span><\/p>\n<p><span style=\"font-size: 18pt;\"><a href=\"https:\/\/goo.gl\/photos\/YJaTHPYQcLEcTHMDA\">https:\/\/goo.gl\/photos\/YJaTHPYQcLEcTHMDA<\/a><br \/>\n<\/span><\/p>\n<p><span style=\"font-size: 18pt;\">\u00a0Ja ha arribat\u00a0la primavera i com cada any, \u00e9s temps d\u00b4anar a collir\u00a0tim\u00f3. \u00c9s una\u00a0tarda\u00a0diferent: tots, petits i grans, sortim als turonets que tenim al costat de l\u00b4escola i anem collint el tim\u00f3 florit. Quan ja en tenim prou tornem a l\u00b4escola i el preparem per posar-lo en bossetes arom\u00e0tiques. \u00c9s llavors quan tota l\u00b4escola \u00a0 \u00a0 \u00a0 \u00a0 \u00a0 \u00a0 \u00a0 s\u00b4impregna de l\u00b4olor caracter\u00edstica del tim\u00f3. Aquests dies tamb\u00e9 celebrem la festa de la Mona. Aquest any les dues Mones eren totes de figuretes de xocolata!!! \u00a0 \u00a0 \u00a0 \u00a0 \u00a0 \u00a0 \u00a0 \u00a0 \u00a0 \u00a0 \u00a0 \u00a0ABRIL 2017<\/span><\/p>\n","protected":false},"excerpt":{"rendered":"<p>Podeu veure totes les fotos en aquest enlla\u00e7: https:\/\/goo.gl\/photos\/YJaTHPYQcLEcTHMDA \u00a0Ja ha arribat\u00a0la primavera i com cada any, \u00e9s temps d\u00b4anar a collir\u00a0tim\u00f3. \u00c9s una\u00a0tarda\u00a0diferent: tots, petits i grans, sortim als turonets que tenim al costat de l\u00b4escola i anem collint el tim\u00f3 florit. Quan ja en tenim prou tornem a l\u00b4escola i el preparem per [&hellip;]<\/p>\n","protected":false},"author":1,"featured_media":0,"comment_status":"open","ping_status":"open","sticky":false,"template":"","format":"standard","meta":{"_bbp_topic_count":0,"_bbp_reply_count":0,"_bbp_total_topic_count":0,"_bbp_total_reply_count":0,"_bbp_voice_count":0,"_bbp_anonymous_reply_count":0,"_bbp_topic_count_hidden":0,"_bbp_reply_count_hidden":0,"_bbp_forum_subforum_count":0,"site-sidebar-layout":"default","site-content-layout":"","ast-site-content-layout":"","site-content-style":"default","site-sidebar-style":"default","ast-global-header-display":"","ast-banner-title-visibility":"","ast-main-header-display":"","ast-hfb-above-header-display":"","ast-hfb-below-header-display":"","ast-hfb-mobile-header-display":"","site-post-title":"","ast-breadcrumbs-content":"","ast-featured-img":"","footer-sml-layout":"","theme-transparent-header-meta":"","adv-header-id-meta":"","stick-header-meta":"","header-above-stick-meta":"","header-main-stick-meta":"","header-below-stick-meta":"","astra-migrate-meta-layouts":"default","ast-page-background-enabled":"default","ast-page-background-meta":{"desktop":{"background-color":"var(--ast-global-color-4)","background-image":"","background-repeat":"repeat","background-position":"center center","background-size":"auto","background-attachment":"scroll","background-type":"","background-media":"","overlay-type":"","overlay-color":"","overlay-opacity":"","overlay-gradient":""},"tablet":{"background-color":"","background-image":"","background-repeat":"repeat","background-position":"center center","background-size":"auto","background-attachment":"scroll","background-type":"","background-media":"","overlay-type":"","overlay-color":"","overlay-opacity":"","overlay-gradient":""},"mobile":{"background-color":"","background-image":"","background-repeat":"repeat","background-position":"center center","background-size":"auto","background-attachment":"scroll","background-type":"","background-media":"","overlay-type":"","overlay-color":"","overlay-opacity":"","overlay-gradient":""}},"ast-content-background-meta":{"desktop":{"background-color":"var(--ast-global-color-5)","background-image":"","background-repeat":"repeat","background-position":"center center","background-size":"auto","background-attachment":"scroll","background-type":"","background-media":"","overlay-type":"","overlay-color":"","overlay-opacity":"","overlay-gradient":""},"tablet":{"background-color":"var(--ast-global-color-5)","background-image":"","background-repeat":"repeat","background-position":"center center","background-size":"auto","background-attachment":"scroll","background-type":"","background-media":"","overlay-type":"","overlay-color":"","overlay-opacity":"","overlay-gradient":""},"mobile":{"background-color":"var(--ast-global-color-5)","background-image":"","background-repeat":"repeat","background-position":"center center","background-size":"auto","background-attachment":"scroll","background-type":"","background-media":"","overlay-type":"","overlay-color":"","overlay-opacity":"","overlay-gradient":""}},"footnotes":""},"categories":[32,44,4],"tags":[],"class_list":["post-2756","post","type-post","status-publish","format-standard","hentry","category-activitats","category-festes","category-portada"],"post_mailing_queue_ids":[],"_links":{"self":[{"href":"https:\/\/agora.xtec.cat\/ceipalfes\/wp-json\/wp\/v2\/posts\/2756","targetHints":{"allow":["GET"]}}],"collection":[{"href":"https:\/\/agora.xtec.cat\/ceipalfes\/wp-json\/wp\/v2\/posts"}],"about":[{"href":"https:\/\/agora.xtec.cat\/ceipalfes\/wp-json\/wp\/v2\/types\/post"}],"author":[{"embeddable":true,"href":"https:\/\/agora.xtec.cat\/ceipalfes\/wp-json\/wp\/v2\/users\/1"}],"replies":[{"embeddable":true,"href":"https:\/\/agora.xtec.cat\/ceipalfes\/wp-json\/wp\/v2\/comments?post=2756"}],"version-history":[{"count":3,"href":"https:\/\/agora.xtec.cat\/ceipalfes\/wp-json\/wp\/v2\/posts\/2756\/revisions"}],"predecessor-version":[{"id":2777,"href":"https:\/\/agora.xtec.cat\/ceipalfes\/wp-json\/wp\/v2\/posts\/2756\/revisions\/2777"}],"wp:attachment":[{"href":"https:\/\/agora.xtec.cat\/ceipalfes\/wp-json\/wp\/v2\/media?parent=2756"}],"wp:term":[{"taxonomy":"category","embeddable":true,"href":"https:\/\/agora.xtec.cat\/ceipalfes\/wp-json\/wp\/v2\/categories?post=2756"},{"taxonomy":"post_tag","embeddable":true,"href":"https:\/\/agora.xtec.cat\/ceipalfes\/wp-json\/wp\/v2\/tags?post=2756"}],"curies":[{"name":"wp","href":"https:\/\/api.w.org\/{rel}","templated":true}]}}