{"id":2541,"date":"2017-03-02T13:08:15","date_gmt":"2017-03-02T12:08:15","guid":{"rendered":"http:\/\/agora.xtec.cat\/ceipalfes\/?p=2541"},"modified":"2017-03-02T13:28:06","modified_gmt":"2017-03-02T12:28:06","slug":"els-jocs","status":"publish","type":"post","link":"https:\/\/agora.xtec.cat\/ceipalfes\/revista\/els-jocs\/","title":{"rendered":"Els jocs"},"content":{"rendered":"<p>&nbsp;<\/p>\n<p><strong><span style=\"font-size: 14pt;\">L\u00b4Alguer i el seu germ\u00e0 l\u00b4Olau\u00a0 portaven una hora jugant a l\u2019escal\u00e8xtric quan de sobte va comen\u00e7ar a ploure a dins de casa. La pluja anava desfent la televisi\u00f3, el sof\u00e0, la taula i l\u2019 escal\u00e8xtric. Les rajoles es van convert\u00ed en un carrer de fang i de pedres. L\u00b4Alguer es va donar compte que era a Sunyer, el poble de la seva mare.\u00a0 L\u2019Esgl\u00e9sia i la casa de la pla\u00e7a li van donar la pista per recon\u00e8ixer el poble.<\/span><\/strong><br \/>\n<strong><span style=\"font-size: 14pt;\"> De sobte, l\u2019Alguer,\u00a0 va sentir molt xivarri que venia del castell. Va veure un nen que jugava a fer construccions de pedres i de\u00a0 fang.\u00a0\u00a0 Li va preguntar:<\/span><\/strong><\/p>\n<p><strong><span style=\"font-size: 14pt;\">-A qu\u00e8 juguen aquells nens?<\/span><\/strong><\/p>\n<p><strong><span style=\"font-size: 14pt;\">-A\u00a0 \u201cFet i amagar\u201d\u00a0 al refugi.\u00a0\u00a0 Li va contestar el nen.<\/span><\/strong><br \/>\n<strong><span style=\"font-size: 14pt;\"> L\u00b4Alguer veu un nen que s\u2019assembla al seu germ\u00e0 petit i li pregunta:<\/span><\/strong><\/p>\n<p><strong><span style=\"font-size: 14pt;\">-A qu\u00e8 jugues ?<\/span><\/strong><\/p>\n<p><strong><span style=\"font-size: 14pt;\">-A fer de pastor. Cada pedra es un corderet i\u00a0 moc el ramat\u00a0 d\u00b4 un costat a l\u00b4altre.<\/span><\/strong><\/p>\n<p><strong><span style=\"font-size: 14pt;\">Tot all\u00f2 a l\u00b4Alguer li record\u00e0 la peli de \u201cRegreso al futuro\u201d .\u00a0 Un viatge en el temps.\u00a0 L\u00b4Alguer li pregunta:<\/span><\/strong><\/p>\n<p><strong><span style=\"font-size: 14pt;\">-A quin any estem?\u00a0 I com us dieu ?<\/span><\/strong><\/p>\n<p><strong><span style=\"font-size: 14pt;\">Li contesten:<\/span><\/strong><\/p>\n<p><strong><span style=\"font-size: 14pt;\">-jo Tonyo&#8230;,\u00a0\u00a0 i jo Amado.\u00a0\u00a0 Som a l\u2019any 1946.<\/span><\/strong><br \/>\n<strong><span style=\"font-size: 14pt;\"> L\u2019Alguer no s\u00b4ho podia creure. Aquells nens eren el seu tiet Tonyo i el seu padr\u00ed Amado.<\/span><\/strong><br \/>\n<strong><span style=\"font-size: 14pt;\"> Els nens van baixar del castell i un diu:<\/span><\/strong><br \/>\n<strong><span style=\"font-size: 14pt;\"> -A que juguem xiquets?<\/span><\/strong><br \/>\n<strong><span style=\"font-size: 14pt;\"> -A \u201cbaldufes\u201d.- respon un altre nen.<\/span><\/strong><br \/>\n<strong><span style=\"font-size: 14pt;\"> -A\u00a0 \u201cl\u2019aeroplano\u201d .\u00a0 Diu un altre.<\/span><\/strong><br \/>\n<strong><span style=\"font-size: 14pt;\"> -A futbol&#8230;!!\u00a0\u00a0 I van agafar una pilota de drap i es van posar a jugar.<\/span><\/strong><\/p>\n<p><strong><span style=\"font-size: 14pt;\">Un altre nen va agafar una bicicleta petita i va dir que anava a veure la padrina d\u2019Alfes.\u00a0 Aquell havia de ser el seu tiet cisco.\u00a0 Ara ja era ros i atrevit\u00a0 talment\u00a0 com seria de gran.<\/span><\/strong><\/p>\n<p><strong><span style=\"font-size: 14pt;\">Les nenes li van ensenyar a jugar \u201ccallosos\u201d i \u201cpatacons\u201d.<\/span><\/strong><br \/>\n<strong><span style=\"font-size: 14pt;\"> Es va divertir molt i va pensar que abans no tenien tantes joguines com tenia ell en el present per b\u00e9 que\u00a0 tenien molta m\u00e9s\u00a0 imaginaci\u00f3.<\/span><\/strong><\/p>\n<p><strong><span style=\"font-size: 14pt;\">Alguer Florensa,<\/span><\/strong><br \/>\n<strong><span style=\"font-size: 14pt;\"> 15 de febrer de 2017<\/span><\/strong><img loading=\"lazy\" decoding=\"async\" class=\"alignright\" src=\"https:\/\/c2.staticflickr.com\/4\/3250\/2533668658_5791bc60a3.jpg\" width=\"316\" height=\"237\" \/><\/p>\n","protected":false},"excerpt":{"rendered":"<p>&nbsp; L\u00b4Alguer i el seu germ\u00e0 l\u00b4Olau\u00a0 portaven una hora jugant a l\u2019escal\u00e8xtric quan de sobte va comen\u00e7ar a ploure a dins de casa. La pluja anava desfent la televisi\u00f3, el sof\u00e0, la taula i l\u2019 escal\u00e8xtric. Les rajoles es van convert\u00ed en un carrer de fang i de pedres. L\u00b4Alguer es va donar compte [&hellip;]<\/p>\n","protected":false},"author":12,"featured_media":2543,"comment_status":"open","ping_status":"open","sticky":false,"template":"","format":"standard","meta":{"_bbp_topic_count":0,"_bbp_reply_count":0,"_bbp_total_topic_count":0,"_bbp_total_reply_count":0,"_bbp_voice_count":0,"_bbp_anonymous_reply_count":0,"_bbp_topic_count_hidden":0,"_bbp_reply_count_hidden":0,"_bbp_forum_subforum_count":0,"site-sidebar-layout":"default","site-content-layout":"","ast-site-content-layout":"","site-content-style":"default","site-sidebar-style":"default","ast-global-header-display":"","ast-banner-title-visibility":"","ast-main-header-display":"","ast-hfb-above-header-display":"","ast-hfb-below-header-display":"","ast-hfb-mobile-header-display":"","site-post-title":"","ast-breadcrumbs-content":"","ast-featured-img":"","footer-sml-layout":"","theme-transparent-header-meta":"","adv-header-id-meta":"","stick-header-meta":"","header-above-stick-meta":"","header-main-stick-meta":"","header-below-stick-meta":"","astra-migrate-meta-layouts":"default","ast-page-background-enabled":"default","ast-page-background-meta":{"desktop":{"background-color":"var(--ast-global-color-4)","background-image":"","background-repeat":"repeat","background-position":"center center","background-size":"auto","background-attachment":"scroll","background-type":"","background-media":"","overlay-type":"","overlay-color":"","overlay-opacity":"","overlay-gradient":""},"tablet":{"background-color":"","background-image":"","background-repeat":"repeat","background-position":"center center","background-size":"auto","background-attachment":"scroll","background-type":"","background-media":"","overlay-type":"","overlay-color":"","overlay-opacity":"","overlay-gradient":""},"mobile":{"background-color":"","background-image":"","background-repeat":"repeat","background-position":"center center","background-size":"auto","background-attachment":"scroll","background-type":"","background-media":"","overlay-type":"","overlay-color":"","overlay-opacity":"","overlay-gradient":""}},"ast-content-background-meta":{"desktop":{"background-color":"var(--ast-global-color-5)","background-image":"","background-repeat":"repeat","background-position":"center center","background-size":"auto","background-attachment":"scroll","background-type":"","background-media":"","overlay-type":"","overlay-color":"","overlay-opacity":"","overlay-gradient":""},"tablet":{"background-color":"var(--ast-global-color-5)","background-image":"","background-repeat":"repeat","background-position":"center center","background-size":"auto","background-attachment":"scroll","background-type":"","background-media":"","overlay-type":"","overlay-color":"","overlay-opacity":"","overlay-gradient":""},"mobile":{"background-color":"var(--ast-global-color-5)","background-image":"","background-repeat":"repeat","background-position":"center center","background-size":"auto","background-attachment":"scroll","background-type":"","background-media":"","overlay-type":"","overlay-color":"","overlay-opacity":"","overlay-gradient":""}},"footnotes":""},"categories":[63],"tags":[],"class_list":["post-2541","post","type-post","status-publish","format-standard","has-post-thumbnail","hentry","category-revista"],"post_mailing_queue_ids":[],"_links":{"self":[{"href":"https:\/\/agora.xtec.cat\/ceipalfes\/wp-json\/wp\/v2\/posts\/2541","targetHints":{"allow":["GET"]}}],"collection":[{"href":"https:\/\/agora.xtec.cat\/ceipalfes\/wp-json\/wp\/v2\/posts"}],"about":[{"href":"https:\/\/agora.xtec.cat\/ceipalfes\/wp-json\/wp\/v2\/types\/post"}],"author":[{"embeddable":true,"href":"https:\/\/agora.xtec.cat\/ceipalfes\/wp-json\/wp\/v2\/users\/12"}],"replies":[{"embeddable":true,"href":"https:\/\/agora.xtec.cat\/ceipalfes\/wp-json\/wp\/v2\/comments?post=2541"}],"version-history":[{"count":3,"href":"https:\/\/agora.xtec.cat\/ceipalfes\/wp-json\/wp\/v2\/posts\/2541\/revisions"}],"predecessor-version":[{"id":2553,"href":"https:\/\/agora.xtec.cat\/ceipalfes\/wp-json\/wp\/v2\/posts\/2541\/revisions\/2553"}],"wp:featuredmedia":[{"embeddable":true,"href":"https:\/\/agora.xtec.cat\/ceipalfes\/wp-json\/wp\/v2\/media\/2543"}],"wp:attachment":[{"href":"https:\/\/agora.xtec.cat\/ceipalfes\/wp-json\/wp\/v2\/media?parent=2541"}],"wp:term":[{"taxonomy":"category","embeddable":true,"href":"https:\/\/agora.xtec.cat\/ceipalfes\/wp-json\/wp\/v2\/categories?post=2541"},{"taxonomy":"post_tag","embeddable":true,"href":"https:\/\/agora.xtec.cat\/ceipalfes\/wp-json\/wp\/v2\/tags?post=2541"}],"curies":[{"name":"wp","href":"https:\/\/api.w.org\/{rel}","templated":true}]}}