{"id":2260,"date":"2017-01-30T16:34:57","date_gmt":"2017-01-30T15:34:57","guid":{"rendered":"http:\/\/agora.xtec.cat\/ceipalfes\/?p=2260"},"modified":"2017-01-30T16:34:57","modified_gmt":"2017-01-30T15:34:57","slug":"loreneta-de-mont-sacer-3","status":"publish","type":"post","link":"https:\/\/agora.xtec.cat\/ceipalfes\/revista\/loreneta-de-mont-sacer-3\/","title":{"rendered":"L\u00b4ORENETA DE MONT-SACER"},"content":{"rendered":"<p><strong><span style=\"font-size: 14pt;\">Aquest any hem\u00a0 llegit un llibre que es titula: L\u00b4oreneta de Mont \u2013Sacer. Hi havia una colla de nens que els agradava investigar. Un dia van anar a casa de L\u00b4Emili de cal Gat. Van entrar perqu\u00e8 es pensaven que era un bruixot. Per\u00f2 no ho era. Llavors un nen es va quedar adormit all\u00e0 dins i els van castigar a tots perqu\u00e8 van entrar a la casa sense perm\u00eds. En un altre cap\u00edtol. Feien un concurs truites. Va guanyar una nena de la colla dels periodistes de l\u00b4oreneta de Mont-Sacer. Al final, despr\u00e9s de molts dies i moltes aventures dels nens marxen a casa seva. L\u00b4oriol marxa cap a Girona.<\/span><\/strong><\/p>\n<p><strong><span style=\"font-size: 14pt;\">Alguer 26-1-2017<\/span><\/strong><\/p>\n<h2><a href=\"http:\/\/agora.xtec.cat\/ceipalfes\/wp-content\/uploads\/usu315\/2017\/01\/mon2.jpg\"><img loading=\"lazy\" decoding=\"async\" class=\"alignnone  wp-image-2226\" src=\"http:\/\/agora.xtec.cat\/ceipalfes\/wp-content\/uploads\/usu315\/2017\/01\/mon2.jpg\" alt=\"mon2\" width=\"277\" height=\"492\" srcset=\"https:\/\/agora.xtec.cat\/ceipalfes\/wp-content\/uploads\/usu315\/2017\/01\/mon2.jpg 406w, https:\/\/agora.xtec.cat\/ceipalfes\/wp-content\/uploads\/usu315\/2017\/01\/mon2-169x300.jpg 169w\" sizes=\"auto, (max-width: 277px) 100vw, 277px\" \/><\/a>\u00a0 \u00a0\u00a0<strong><a href=\"http:\/\/agora.xtec.cat\/ceipalfes\/wp-content\/uploads\/usu315\/2017\/01\/mon7.jpg\"><img loading=\"lazy\" decoding=\"async\" class=\"alignnone  wp-image-2231\" src=\"http:\/\/agora.xtec.cat\/ceipalfes\/wp-content\/uploads\/usu315\/2017\/01\/mon7.jpg\" alt=\"mon7\" width=\"279\" height=\"496\" srcset=\"https:\/\/agora.xtec.cat\/ceipalfes\/wp-content\/uploads\/usu315\/2017\/01\/mon7.jpg 406w, https:\/\/agora.xtec.cat\/ceipalfes\/wp-content\/uploads\/usu315\/2017\/01\/mon7-169x300.jpg 169w\" sizes=\"auto, (max-width: 279px) 100vw, 279px\" \/><\/a><\/strong><\/h2>\n<p>&nbsp;<\/p>\n","protected":false},"excerpt":{"rendered":"<p>Aquest any hem\u00a0 llegit un llibre que es titula: L\u00b4oreneta de Mont \u2013Sacer. Hi havia una colla de nens que els agradava investigar. Un dia van anar a casa de L\u00b4Emili de cal Gat. Van entrar perqu\u00e8 es pensaven que era un bruixot. Per\u00f2 no ho era. Llavors un nen es va quedar adormit all\u00e0 [&hellip;]<\/p>\n","protected":false},"author":12,"featured_media":2226,"comment_status":"open","ping_status":"open","sticky":false,"template":"","format":"standard","meta":{"_bbp_topic_count":0,"_bbp_reply_count":0,"_bbp_total_topic_count":0,"_bbp_total_reply_count":0,"_bbp_voice_count":0,"_bbp_anonymous_reply_count":0,"_bbp_topic_count_hidden":0,"_bbp_reply_count_hidden":0,"_bbp_forum_subforum_count":0,"site-sidebar-layout":"default","site-content-layout":"","ast-site-content-layout":"","site-content-style":"default","site-sidebar-style":"default","ast-global-header-display":"","ast-banner-title-visibility":"","ast-main-header-display":"","ast-hfb-above-header-display":"","ast-hfb-below-header-display":"","ast-hfb-mobile-header-display":"","site-post-title":"","ast-breadcrumbs-content":"","ast-featured-img":"","footer-sml-layout":"","theme-transparent-header-meta":"","adv-header-id-meta":"","stick-header-meta":"","header-above-stick-meta":"","header-main-stick-meta":"","header-below-stick-meta":"","astra-migrate-meta-layouts":"default","ast-page-background-enabled":"default","ast-page-background-meta":{"desktop":{"background-color":"var(--ast-global-color-4)","background-image":"","background-repeat":"repeat","background-position":"center center","background-size":"auto","background-attachment":"scroll","background-type":"","background-media":"","overlay-type":"","overlay-color":"","overlay-opacity":"","overlay-gradient":""},"tablet":{"background-color":"","background-image":"","background-repeat":"repeat","background-position":"center center","background-size":"auto","background-attachment":"scroll","background-type":"","background-media":"","overlay-type":"","overlay-color":"","overlay-opacity":"","overlay-gradient":""},"mobile":{"background-color":"","background-image":"","background-repeat":"repeat","background-position":"center center","background-size":"auto","background-attachment":"scroll","background-type":"","background-media":"","overlay-type":"","overlay-color":"","overlay-opacity":"","overlay-gradient":""}},"ast-content-background-meta":{"desktop":{"background-color":"var(--ast-global-color-5)","background-image":"","background-repeat":"repeat","background-position":"center center","background-size":"auto","background-attachment":"scroll","background-type":"","background-media":"","overlay-type":"","overlay-color":"","overlay-opacity":"","overlay-gradient":""},"tablet":{"background-color":"var(--ast-global-color-5)","background-image":"","background-repeat":"repeat","background-position":"center center","background-size":"auto","background-attachment":"scroll","background-type":"","background-media":"","overlay-type":"","overlay-color":"","overlay-opacity":"","overlay-gradient":""},"mobile":{"background-color":"var(--ast-global-color-5)","background-image":"","background-repeat":"repeat","background-position":"center center","background-size":"auto","background-attachment":"scroll","background-type":"","background-media":"","overlay-type":"","overlay-color":"","overlay-opacity":"","overlay-gradient":""}},"footnotes":""},"categories":[63],"tags":[],"class_list":["post-2260","post","type-post","status-publish","format-standard","has-post-thumbnail","hentry","category-revista"],"post_mailing_queue_ids":[],"_links":{"self":[{"href":"https:\/\/agora.xtec.cat\/ceipalfes\/wp-json\/wp\/v2\/posts\/2260","targetHints":{"allow":["GET"]}}],"collection":[{"href":"https:\/\/agora.xtec.cat\/ceipalfes\/wp-json\/wp\/v2\/posts"}],"about":[{"href":"https:\/\/agora.xtec.cat\/ceipalfes\/wp-json\/wp\/v2\/types\/post"}],"author":[{"embeddable":true,"href":"https:\/\/agora.xtec.cat\/ceipalfes\/wp-json\/wp\/v2\/users\/12"}],"replies":[{"embeddable":true,"href":"https:\/\/agora.xtec.cat\/ceipalfes\/wp-json\/wp\/v2\/comments?post=2260"}],"version-history":[{"count":1,"href":"https:\/\/agora.xtec.cat\/ceipalfes\/wp-json\/wp\/v2\/posts\/2260\/revisions"}],"predecessor-version":[{"id":2261,"href":"https:\/\/agora.xtec.cat\/ceipalfes\/wp-json\/wp\/v2\/posts\/2260\/revisions\/2261"}],"wp:featuredmedia":[{"embeddable":true,"href":"https:\/\/agora.xtec.cat\/ceipalfes\/wp-json\/wp\/v2\/media\/2226"}],"wp:attachment":[{"href":"https:\/\/agora.xtec.cat\/ceipalfes\/wp-json\/wp\/v2\/media?parent=2260"}],"wp:term":[{"taxonomy":"category","embeddable":true,"href":"https:\/\/agora.xtec.cat\/ceipalfes\/wp-json\/wp\/v2\/categories?post=2260"},{"taxonomy":"post_tag","embeddable":true,"href":"https:\/\/agora.xtec.cat\/ceipalfes\/wp-json\/wp\/v2\/tags?post=2260"}],"curies":[{"name":"wp","href":"https:\/\/api.w.org\/{rel}","templated":true}]}}