{"id":2236,"date":"2017-01-26T16:56:48","date_gmt":"2017-01-26T15:56:48","guid":{"rendered":"http:\/\/agora.xtec.cat\/ceipalfes\/?p=2236"},"modified":"2017-01-30T14:16:53","modified_gmt":"2017-01-30T13:16:53","slug":"loreneta-de-mont-sacer","status":"publish","type":"post","link":"https:\/\/agora.xtec.cat\/ceipalfes\/revista\/loreneta-de-mont-sacer\/","title":{"rendered":"L&#8217;oreneta de Mont-Sacer"},"content":{"rendered":"<p><span style=\"color: #000000;\"><strong><span style=\"font-size: 14pt;\">A l\u2019escola hem llegit un llibre titulat \u201cL\u2019Oreneta de Mont-Sacer\u201d. Tracta d\u2019una fam\u00edlia gironina que va a passar l\u2019estiu a un poble, Mont-Sacer. L\u2019Oriol \u00e9s el germ\u00e0 gran de la fam\u00edlia, el Marc \u00e9s el mitj\u00e0 i la Laia \u00e9s la petita. L\u2019Oriol fa molts amics i fins i tot, ell, la Paula, El Daniel i el Quim fan un diari. Els reporters (els nens) de l\u2019Oreneta de Mont-Sacer (el t\u00edtol del diari) passen moltes aventures junts. Un dia l\u2019Oriol i els seus amics es troben un home amb aspecte de bruixot i decideixen seguir-lo fins a casa seva per espiar-lo. Per\u00f2 al final descobreixen que l\u2019Emili (l\u2019home de l\u2019aspecte de bruixot) \u00e9s bona persona. Al final, la fam\u00edlia Thomas (la fam\u00edlia protagonista) se n\u2019assabenten de que a estat el millor estiu de la seva vida.<\/span><\/strong><\/span><\/p>\n<p><span style=\"color: #000000;\"><strong><span style=\"font-size: 14pt;\">Valoraci\u00f3: A mi aquest llibre m\u2019ha agradat bastant, de nota li posaria un 8,5 i el recomanaria a altres nens.<\/span><\/strong><\/span><\/p>\n<p><span style=\"color: #000000;\"><strong><span style=\"font-size: 14pt;\">Elda 26-1-2017<\/span><\/strong><\/span><br \/>\n<a href=\"https:\/\/photos.google.com\/share\/AF1QipMy1J3v_mZDTgBVnJ_MbP8NCnVFhPJXutzaUs0YClKLiwILsR0BsPmGlsfBmoI60A\/photo\/AF1QipMzHN4FRl5lsde4Iui6CJFz47p8___dpLjaDLrO?key=aVFuUGxCMWd6UTlnVjl3V0VOdnM5Y00wQ0E4cnZn\" target=\"_blank\"><img loading=\"lazy\" decoding=\"async\" class=\"\" style=\"max-width: 800px; max-height: 400px;\" src=\"https:\/\/lh3.googleusercontent.com\/JOOgODkF-iPqG21rKh_srOSL1LCoUu4qXXyP4jcU16ZokgUHM5HBQmuGkHRIcmBbDcozyiApU2VU8jWWHKvZUF-ny_EM7BeKUjdsOizroW1BnQ2vXV479nFTyi7ZIGQZlK3iLIQvICdcujHHCT41inyaFYL3R5D44yC_j8gOWRuZpW3tGhEy8mceKXt9VKkSQV7v07KPCPkQcB4qNq27f42dEvZ8-mq1WrXwq1fBidm-0wdJHjf3iFz8YhW9SUxAngoOKNtq0jqYLnyQafreNf4NA9AMcmdFWITkX0gfHAvf5-QUMjhSArv6QoeBbJXmwRXgKRY3lJBoBjahwfKWDleftbQjaC8ZoGSW-amJxnOE5uigrLdxo8j66dAh4IytJaJq_MF9cZUNWXOf3u7uO9FjluztauE2ssZonRssQv-VistAU7ea8HBfu6IJpfEUzdPmnsWh8NnaGVWEi0hyCk5bTVVRc4J5FxyL4V2vTQFtagCl-2gJqRQqFyO_0RJr1l9emxANhUwxGn-Y--kQYFW9z8n2L5s7P4ZGETYrRp0UaMAqmYN6rnuzwzcDC6SfJwW0rqfvQ6fvIiRIwVENplpndc2myfai0sZGrec-DWjTuA5Does55WRFpE9WrdPMS2E1xJ8sM81AvKQXeyBApfEpSqpZ8ubYPCYz6vdjlA=w800-h600-no\" width=\"204\" height=\"362\" \/><\/a>\u00a0 \u00a0 \u00a0 \u00a0<a href=\"https:\/\/photos.google.com\/share\/AF1QipMy1J3v_mZDTgBVnJ_MbP8NCnVFhPJXutzaUs0YClKLiwILsR0BsPmGlsfBmoI60A\/photo\/AF1QipONEbKdbEy2XvZxel5slUhl7tOnXYmqU6ASILul?key=aVFuUGxCMWd6UTlnVjl3V0VOdnM5Y00wQ0E4cnZn\" target=\"_blank\"><img loading=\"lazy\" decoding=\"async\" class=\"\" style=\"max-width: 800px; max-height: 400px;\" src=\"https:\/\/lh3.googleusercontent.com\/kBCMO5NU_FXWXfzzXLCtZO4EEv1JKRU_Ilh1Fsq4eZJ3jAX4COOUtn6Ao3sfgm__0yd7qC8UYuEDj5Nm1ThVRhTkzy7kvtCYIStXjJ_ydO4hzS05U8ipLWsF-wO1GSQ9vkqtM7aJuycWfulTur-A3xRfIxp-x9iBJL0WZUIZ5PrME4miXxHTlxA-8PvQzMdfCxTLpWiI2Nwr_cIFLo7MYLFkjNL98MlKcF0FwqHzLHhjlqnkbv6pYEPgU1_SMWvMW7hGTiocL2B_Hk5pwfuNowVX5k_ekoZsul4dFlBzDzxABCyPt22JDPKSiiReHjDhnFMJUeDFDSSsLlx-uMXotjjZVayWrSJjD6Ll0NkE9o3GTB7r1GEKVw1K3p8EOdsnkgUC94E0vTv3zoaWttMiAfsdPi_OdT44zNEJs2Zxuj_ceXcaFfWX0OAh9whWlimvVlcczaHN4d4QQ3ZohkzUrH9NJM-miDtumU3aWrNDVeVdqb_6w2LgpH3bZqwlVwROIFpyTIp0VCBA8OlX0A7fkqGIh_AaoclTxm2gBZTxQZ4Ch2LJqKKujBJtMROWG9U0XUWyiklX2WZ9Ek3-bUrRuP4L4kZpwQoqFeH5Vr1ep8EOr3SIb8WixDfnMz6C4NY5U9_jtVq9TtnFE5nq9JeKUXrNIKcu6tuB860xAqMixQ=w800-h600-no\" width=\"203\" height=\"360\" \/><\/a><\/p>\n","protected":false},"excerpt":{"rendered":"<p>A l\u2019escola hem llegit un llibre titulat \u201cL\u2019Oreneta de Mont-Sacer\u201d. Tracta d\u2019una fam\u00edlia gironina que va a passar l\u2019estiu a un poble, Mont-Sacer. L\u2019Oriol \u00e9s el germ\u00e0 gran de la fam\u00edlia, el Marc \u00e9s el mitj\u00e0 i la Laia \u00e9s la petita. L\u2019Oriol fa molts amics i fins i tot, ell, la Paula, El Daniel [&hellip;]<\/p>\n","protected":false},"author":12,"featured_media":0,"comment_status":"open","ping_status":"open","sticky":false,"template":"","format":"standard","meta":{"_bbp_topic_count":0,"_bbp_reply_count":0,"_bbp_total_topic_count":0,"_bbp_total_reply_count":0,"_bbp_voice_count":0,"_bbp_anonymous_reply_count":0,"_bbp_topic_count_hidden":0,"_bbp_reply_count_hidden":0,"_bbp_forum_subforum_count":0,"site-sidebar-layout":"default","site-content-layout":"","ast-site-content-layout":"","site-content-style":"default","site-sidebar-style":"default","ast-global-header-display":"","ast-banner-title-visibility":"","ast-main-header-display":"","ast-hfb-above-header-display":"","ast-hfb-below-header-display":"","ast-hfb-mobile-header-display":"","site-post-title":"","ast-breadcrumbs-content":"","ast-featured-img":"","footer-sml-layout":"","theme-transparent-header-meta":"","adv-header-id-meta":"","stick-header-meta":"","header-above-stick-meta":"","header-main-stick-meta":"","header-below-stick-meta":"","astra-migrate-meta-layouts":"default","ast-page-background-enabled":"default","ast-page-background-meta":{"desktop":{"background-color":"var(--ast-global-color-4)","background-image":"","background-repeat":"repeat","background-position":"center center","background-size":"auto","background-attachment":"scroll","background-type":"","background-media":"","overlay-type":"","overlay-color":"","overlay-opacity":"","overlay-gradient":""},"tablet":{"background-color":"","background-image":"","background-repeat":"repeat","background-position":"center center","background-size":"auto","background-attachment":"scroll","background-type":"","background-media":"","overlay-type":"","overlay-color":"","overlay-opacity":"","overlay-gradient":""},"mobile":{"background-color":"","background-image":"","background-repeat":"repeat","background-position":"center center","background-size":"auto","background-attachment":"scroll","background-type":"","background-media":"","overlay-type":"","overlay-color":"","overlay-opacity":"","overlay-gradient":""}},"ast-content-background-meta":{"desktop":{"background-color":"var(--ast-global-color-5)","background-image":"","background-repeat":"repeat","background-position":"center center","background-size":"auto","background-attachment":"scroll","background-type":"","background-media":"","overlay-type":"","overlay-color":"","overlay-opacity":"","overlay-gradient":""},"tablet":{"background-color":"var(--ast-global-color-5)","background-image":"","background-repeat":"repeat","background-position":"center center","background-size":"auto","background-attachment":"scroll","background-type":"","background-media":"","overlay-type":"","overlay-color":"","overlay-opacity":"","overlay-gradient":""},"mobile":{"background-color":"var(--ast-global-color-5)","background-image":"","background-repeat":"repeat","background-position":"center center","background-size":"auto","background-attachment":"scroll","background-type":"","background-media":"","overlay-type":"","overlay-color":"","overlay-opacity":"","overlay-gradient":""}},"footnotes":""},"categories":[63],"tags":[],"class_list":["post-2236","post","type-post","status-publish","format-standard","hentry","category-revista"],"post_mailing_queue_ids":[],"_links":{"self":[{"href":"https:\/\/agora.xtec.cat\/ceipalfes\/wp-json\/wp\/v2\/posts\/2236","targetHints":{"allow":["GET"]}}],"collection":[{"href":"https:\/\/agora.xtec.cat\/ceipalfes\/wp-json\/wp\/v2\/posts"}],"about":[{"href":"https:\/\/agora.xtec.cat\/ceipalfes\/wp-json\/wp\/v2\/types\/post"}],"author":[{"embeddable":true,"href":"https:\/\/agora.xtec.cat\/ceipalfes\/wp-json\/wp\/v2\/users\/12"}],"replies":[{"embeddable":true,"href":"https:\/\/agora.xtec.cat\/ceipalfes\/wp-json\/wp\/v2\/comments?post=2236"}],"version-history":[{"count":3,"href":"https:\/\/agora.xtec.cat\/ceipalfes\/wp-json\/wp\/v2\/posts\/2236\/revisions"}],"predecessor-version":[{"id":2257,"href":"https:\/\/agora.xtec.cat\/ceipalfes\/wp-json\/wp\/v2\/posts\/2236\/revisions\/2257"}],"wp:attachment":[{"href":"https:\/\/agora.xtec.cat\/ceipalfes\/wp-json\/wp\/v2\/media?parent=2236"}],"wp:term":[{"taxonomy":"category","embeddable":true,"href":"https:\/\/agora.xtec.cat\/ceipalfes\/wp-json\/wp\/v2\/categories?post=2236"},{"taxonomy":"post_tag","embeddable":true,"href":"https:\/\/agora.xtec.cat\/ceipalfes\/wp-json\/wp\/v2\/tags?post=2236"}],"curies":[{"name":"wp","href":"https:\/\/api.w.org\/{rel}","templated":true}]}}