{"id":2019,"date":"2016-12-15T12:53:08","date_gmt":"2016-12-15T11:53:08","guid":{"rendered":"http:\/\/agora.xtec.cat\/ceipalfes\/?p=2019"},"modified":"2016-12-15T13:34:12","modified_gmt":"2016-12-15T12:34:12","slug":"carta-als-reis-mags-4","status":"publish","type":"post","link":"https:\/\/agora.xtec.cat\/ceipalfes\/general\/carta-als-reis-mags-4\/","title":{"rendered":"Carta als reis mags"},"content":{"rendered":"<p><span style=\"font-size: 14pt;\">Estimats reis mags.<br \/>\n<\/span><span style=\"font-size: 14pt;\">El meu nom \u00e9s Alguer.\u00a0 Tinc 8 anys i vaig a una escola petita del poble d\u2019Alf\u00e9s. <\/span><br \/>\n<span style=\"font-size: 14pt;\"> Cada any em porto molt b\u00e9.<\/span><br \/>\n<span style=\"font-size: 14pt;\"> Malgrat saber que sou imaginaris em fa feli\u00e7 pensar en vosaltres. <\/span><br \/>\n<span style=\"font-size: 14pt;\"> Enguany estic molt trist per que el meu padr\u00ed es va morir\u00a0 i me l\u2019estimava molt. <\/span><br \/>\n<span style=\"font-size: 14pt;\"> M\u2019agradaria pensar que si la vostra m\u00e0gia fos de veritat el podria tornar a veure. <\/span><br \/>\n<span style=\"font-size: 14pt;\"> Potser podr\u00edeu portar salut i alegria a la meva padrina que\u00a0 ho est\u00e0 passant malament.<br \/>\n<\/span><span style=\"font-size: 14pt;\">Pel pare i la mare petons i abra\u00e7ades per que\u00a0 de vegades no els en dono proutes. <\/span><br \/>\n<span style=\"font-size: 14pt;\"> Als meus amics\u00a0 i a tots els nens del m\u00f3n porteu-los el que us demanin i que tots tinguin joguines.<br \/>\n<\/span><span style=\"font-size: 14pt;\">Qu\u00e8 feli\u00e7 em fa pensar amb vosaltres i pensar en quanta alegria doneu\u00a0\u00a0 als nens i grans de tot el m\u00f3n.<br \/>\n<\/span><span style=\"font-size: 14pt;\">Alguer 15- 12-2016 \u00a0\u00a0<\/span><br \/>\n<img loading=\"lazy\" decoding=\"async\" class=\"\" style=\"max-width: 800px; max-height: 400px;\" src=\"http:\/\/salines-bassegoda.org\/ajuntaments\/pwimg-agenda-1024-0-0\/dibujos-reyes-magos-oriente.gif\" width=\"431\" height=\"305\" \/><\/p>\n","protected":false},"excerpt":{"rendered":"<p>Estimats reis mags. El meu nom \u00e9s Alguer.\u00a0 Tinc 8 anys i vaig a una escola petita del poble d\u2019Alf\u00e9s. Cada any em porto molt b\u00e9. Malgrat saber que sou imaginaris em fa feli\u00e7 pensar en vosaltres. Enguany estic molt trist per que el meu padr\u00ed es va morir\u00a0 i me l\u2019estimava molt. M\u2019agradaria pensar [&hellip;]<\/p>\n","protected":false},"author":12,"featured_media":2020,"comment_status":"open","ping_status":"open","sticky":false,"template":"","format":"standard","meta":{"_bbp_topic_count":0,"_bbp_reply_count":0,"_bbp_total_topic_count":0,"_bbp_total_reply_count":0,"_bbp_voice_count":0,"_bbp_anonymous_reply_count":0,"_bbp_topic_count_hidden":0,"_bbp_reply_count_hidden":0,"_bbp_forum_subforum_count":0,"site-sidebar-layout":"default","site-content-layout":"","ast-site-content-layout":"","site-content-style":"default","site-sidebar-style":"default","ast-global-header-display":"","ast-banner-title-visibility":"","ast-main-header-display":"","ast-hfb-above-header-display":"","ast-hfb-below-header-display":"","ast-hfb-mobile-header-display":"","site-post-title":"","ast-breadcrumbs-content":"","ast-featured-img":"","footer-sml-layout":"","theme-transparent-header-meta":"","adv-header-id-meta":"","stick-header-meta":"","header-above-stick-meta":"","header-main-stick-meta":"","header-below-stick-meta":"","astra-migrate-meta-layouts":"default","ast-page-background-enabled":"default","ast-page-background-meta":{"desktop":{"background-color":"var(--ast-global-color-4)","background-image":"","background-repeat":"repeat","background-position":"center center","background-size":"auto","background-attachment":"scroll","background-type":"","background-media":"","overlay-type":"","overlay-color":"","overlay-opacity":"","overlay-gradient":""},"tablet":{"background-color":"","background-image":"","background-repeat":"repeat","background-position":"center center","background-size":"auto","background-attachment":"scroll","background-type":"","background-media":"","overlay-type":"","overlay-color":"","overlay-opacity":"","overlay-gradient":""},"mobile":{"background-color":"","background-image":"","background-repeat":"repeat","background-position":"center center","background-size":"auto","background-attachment":"scroll","background-type":"","background-media":"","overlay-type":"","overlay-color":"","overlay-opacity":"","overlay-gradient":""}},"ast-content-background-meta":{"desktop":{"background-color":"var(--ast-global-color-5)","background-image":"","background-repeat":"repeat","background-position":"center center","background-size":"auto","background-attachment":"scroll","background-type":"","background-media":"","overlay-type":"","overlay-color":"","overlay-opacity":"","overlay-gradient":""},"tablet":{"background-color":"var(--ast-global-color-5)","background-image":"","background-repeat":"repeat","background-position":"center center","background-size":"auto","background-attachment":"scroll","background-type":"","background-media":"","overlay-type":"","overlay-color":"","overlay-opacity":"","overlay-gradient":""},"mobile":{"background-color":"var(--ast-global-color-5)","background-image":"","background-repeat":"repeat","background-position":"center center","background-size":"auto","background-attachment":"scroll","background-type":"","background-media":"","overlay-type":"","overlay-color":"","overlay-opacity":"","overlay-gradient":""}},"footnotes":""},"categories":[1,63],"tags":[],"class_list":["post-2019","post","type-post","status-publish","format-standard","has-post-thumbnail","hentry","category-general","category-revista"],"post_mailing_queue_ids":[],"_links":{"self":[{"href":"https:\/\/agora.xtec.cat\/ceipalfes\/wp-json\/wp\/v2\/posts\/2019","targetHints":{"allow":["GET"]}}],"collection":[{"href":"https:\/\/agora.xtec.cat\/ceipalfes\/wp-json\/wp\/v2\/posts"}],"about":[{"href":"https:\/\/agora.xtec.cat\/ceipalfes\/wp-json\/wp\/v2\/types\/post"}],"author":[{"embeddable":true,"href":"https:\/\/agora.xtec.cat\/ceipalfes\/wp-json\/wp\/v2\/users\/12"}],"replies":[{"embeddable":true,"href":"https:\/\/agora.xtec.cat\/ceipalfes\/wp-json\/wp\/v2\/comments?post=2019"}],"version-history":[{"count":2,"href":"https:\/\/agora.xtec.cat\/ceipalfes\/wp-json\/wp\/v2\/posts\/2019\/revisions"}],"predecessor-version":[{"id":2028,"href":"https:\/\/agora.xtec.cat\/ceipalfes\/wp-json\/wp\/v2\/posts\/2019\/revisions\/2028"}],"wp:featuredmedia":[{"embeddable":true,"href":"https:\/\/agora.xtec.cat\/ceipalfes\/wp-json\/wp\/v2\/media\/2020"}],"wp:attachment":[{"href":"https:\/\/agora.xtec.cat\/ceipalfes\/wp-json\/wp\/v2\/media?parent=2019"}],"wp:term":[{"taxonomy":"category","embeddable":true,"href":"https:\/\/agora.xtec.cat\/ceipalfes\/wp-json\/wp\/v2\/categories?post=2019"},{"taxonomy":"post_tag","embeddable":true,"href":"https:\/\/agora.xtec.cat\/ceipalfes\/wp-json\/wp\/v2\/tags?post=2019"}],"curies":[{"name":"wp","href":"https:\/\/api.w.org\/{rel}","templated":true}]}}