{"id":63,"count":260,"description":"<h3>Recull de redaccions en catal\u00e0, castell\u00e0 i angl\u00e8s.\r\nEl treball l'hem fet a la classe i el publiquem al web de l'escola.<\/h3>","link":"https:\/\/agora.xtec.cat\/ceipalfes\/categoria\/revista\/","name":"Revista de l'escola. Les nostres redaccions.","slug":"revista","taxonomy":"category","parent":0,"meta":[],"_links":{"self":[{"href":"https:\/\/agora.xtec.cat\/ceipalfes\/wp-json\/wp\/v2\/categories\/63","targetHints":{"allow":["GET"]}}],"collection":[{"href":"https:\/\/agora.xtec.cat\/ceipalfes\/wp-json\/wp\/v2\/categories"}],"about":[{"href":"https:\/\/agora.xtec.cat\/ceipalfes\/wp-json\/wp\/v2\/taxonomies\/category"}],"wp:post_type":[{"href":"https:\/\/agora.xtec.cat\/ceipalfes\/wp-json\/wp\/v2\/posts?categories=63"}],"curies":[{"name":"wp","href":"https:\/\/api.w.org\/{rel}","templated":true}]}}