{"id":33,"count":37,"description":"La redacci\u00f3 setmanal \u00e9s una de les activitats m\u00e9s importants i que m\u00e9s temps fa que duem a terme a l\u2019escola.\r\nEs tracta d\u2019exercitar l\u2019escriptura d\u2019una forma sistem\u00e0tica i atractiva. Al temps que aprenem a escriure aprenem l\u2019\u00fas de l\u2019ordinador. Els alumnes fan la redacci\u00f3 sobre paper i despr\u00e9s d\u2019una correcci\u00f3 la passen a l\u2019ordinador tot confegint una p\u00e0gina ben titulada, ben escrita i ben ilustrada. Un cop impresa la redacci\u00f3 s\u2019exposa al suro de les redaccions. Setmana a setmana es van guardant tots els escrits fins a la fi de l\u2019escolarita en que s\u2019enquadernen i se les emporten a casa. Aquest recull esdev\u00e9 un llibre de les viv\u00e8ncies i dels progressons que han fet al llarg de la seva escolaritzaci\u00f3 prim\u00e0ria.\r\nSaber redactar -escriure- \u00e9s b\u00e0sic a la vida. No hi ha altra forma de garantir el seu aprenentatge que la pr\u00e0ctica constant i motivada. Aquessta \u00e9s la nostra pretensi\u00f3. La publicaci\u00f3 en aquest entorn esdev\u00e9 un nou est\u00edmul pels joves escriptors.","link":"https:\/\/agora.xtec.cat\/ceipalfes\/categoria\/activitats\/redeaccions\/","name":"Redacci\u00f3 Setmanal","slug":"redeaccions","taxonomy":"category","parent":32,"meta":[],"_links":{"self":[{"href":"https:\/\/agora.xtec.cat\/ceipalfes\/wp-json\/wp\/v2\/categories\/33","targetHints":{"allow":["GET"]}}],"collection":[{"href":"https:\/\/agora.xtec.cat\/ceipalfes\/wp-json\/wp\/v2\/categories"}],"about":[{"href":"https:\/\/agora.xtec.cat\/ceipalfes\/wp-json\/wp\/v2\/taxonomies\/category"}],"up":[{"embeddable":true,"href":"https:\/\/agora.xtec.cat\/ceipalfes\/wp-json\/wp\/v2\/categories\/32"}],"wp:post_type":[{"href":"https:\/\/agora.xtec.cat\/ceipalfes\/wp-json\/wp\/v2\/posts?categories=33"}],"curies":[{"name":"wp","href":"https:\/\/api.w.org\/{rel}","templated":true}]}}