{"id":9941,"date":"2024-03-22T08:46:14","date_gmt":"2024-03-22T07:46:14","guid":{"rendered":"https:\/\/agora.xtec.cat\/ceipalbirka\/?p=9941"},"modified":"2024-03-22T08:46:14","modified_gmt":"2024-03-22T07:46:14","slug":"la-vella-quaresma-va-arribar-a-lescola-ei","status":"publish","type":"post","link":"https:\/\/agora.xtec.cat\/ceipalbirka\/general\/la-vella-quaresma-va-arribar-a-lescola-ei\/","title":{"rendered":"LA VELLA QUARESMA VA ARRIBAR A L\u2019ESCOLA (EI)"},"content":{"rendered":"<p style=\"text-align: justify;\">Despr\u00e9s del Carnaval, va arribar la Vella Quaresma. Cada divendres, l\u2019alumnat d\u2019educaci\u00f3 infantil li hem cantat la can\u00e7\u00f3 i li hem tret una cama. Quines ganes ten\u00edem de veure quina sorpresa ens portava: una llum per fer disco, fer un p\u00edcnic, sessi\u00f3 de cinema&#8230;<\/p>\n<p>Cliqueu <a href=\"https:\/\/agora.xtec.cat\/ceipalbirka\/general\/fotografies-vella-quaresma-ei\/\">AQU\u00cd<\/a> per veure les fotografies!!!<\/p>\n<p>&nbsp;<\/p>\n","protected":false},"excerpt":{"rendered":"<p>Despr\u00e9s del Carnaval, va arribar la Vella Quaresma. Cada divendres, l\u2019alumnat d\u2019educaci\u00f3 infantil li hem cantat la can\u00e7\u00f3 i li hem tret una cama. Quines ganes ten\u00edem de veure quina sorpresa ens portava: una llum per fer disco, fer un p\u00edcnic, sessi\u00f3 de cinema&#8230;<br \/>\nCliqueu <a&hellip;  <a href=\"https:\/\/agora.xtec.cat\/ceipalbirka\/general\/la-vella-quaresma-va-arribar-a-lescola-ei\/\" title=\"Read LA VELLA QUARESMA VA ARRIBAR A L\u2019ESCOLA (EI)\">Llegeix m\u00e9s\u00bb<\/a><\/p>\n","protected":false},"author":4,"featured_media":9942,"comment_status":"closed","ping_status":"closed","sticky":false,"template":"","format":"standard","meta":{"_bbp_topic_count":0,"_bbp_reply_count":0,"_bbp_total_topic_count":0,"_bbp_total_reply_count":0,"_bbp_voice_count":0,"_bbp_anonymous_reply_count":0,"_bbp_topic_count_hidden":0,"_bbp_reply_count_hidden":0,"_bbp_forum_subforum_count":0,"footnotes":""},"categories":[21,40,41,1,4,39,75],"tags":[],"class_list":["post-9941","post","type-post","status-publish","format-standard","has-post-thumbnail","hentry","category-activitats-generals","category-infantil","category-primaria","category-general","category-portada","category-religio","category-telegram"],"post_mailing_queue_ids":[],"_links":{"self":[{"href":"https:\/\/agora.xtec.cat\/ceipalbirka\/wp-json\/wp\/v2\/posts\/9941","targetHints":{"allow":["GET"]}}],"collection":[{"href":"https:\/\/agora.xtec.cat\/ceipalbirka\/wp-json\/wp\/v2\/posts"}],"about":[{"href":"https:\/\/agora.xtec.cat\/ceipalbirka\/wp-json\/wp\/v2\/types\/post"}],"author":[{"embeddable":true,"href":"https:\/\/agora.xtec.cat\/ceipalbirka\/wp-json\/wp\/v2\/users\/4"}],"replies":[{"embeddable":true,"href":"https:\/\/agora.xtec.cat\/ceipalbirka\/wp-json\/wp\/v2\/comments?post=9941"}],"version-history":[{"count":1,"href":"https:\/\/agora.xtec.cat\/ceipalbirka\/wp-json\/wp\/v2\/posts\/9941\/revisions"}],"predecessor-version":[{"id":9943,"href":"https:\/\/agora.xtec.cat\/ceipalbirka\/wp-json\/wp\/v2\/posts\/9941\/revisions\/9943"}],"wp:featuredmedia":[{"embeddable":true,"href":"https:\/\/agora.xtec.cat\/ceipalbirka\/wp-json\/wp\/v2\/media\/9942"}],"wp:attachment":[{"href":"https:\/\/agora.xtec.cat\/ceipalbirka\/wp-json\/wp\/v2\/media?parent=9941"}],"wp:term":[{"taxonomy":"category","embeddable":true,"href":"https:\/\/agora.xtec.cat\/ceipalbirka\/wp-json\/wp\/v2\/categories?post=9941"},{"taxonomy":"post_tag","embeddable":true,"href":"https:\/\/agora.xtec.cat\/ceipalbirka\/wp-json\/wp\/v2\/tags?post=9941"}],"curies":[{"name":"wp","href":"https:\/\/api.w.org\/{rel}","templated":true}]}}