{"id":9935,"date":"2024-03-15T08:53:56","date_gmt":"2024-03-15T07:53:56","guid":{"rendered":"https:\/\/agora.xtec.cat\/ceipalbirka\/?p=9935"},"modified":"2024-03-15T08:53:56","modified_gmt":"2024-03-15T07:53:56","slug":"sortida-esportiva-cm","status":"publish","type":"post","link":"https:\/\/agora.xtec.cat\/ceipalbirka\/general\/sortida-esportiva-cm\/","title":{"rendered":"SORTIDA ESPORTIVA (CM)"},"content":{"rendered":"<p style=\"text-align: justify;\">El passat dijous 7 de mar\u00e7, l&#8217;alumnat de CM de l&#8217;escola vam anar a les Borges Blanques en una sortida esportiva, organitzada pel Consell Esportiu de les Garrigues i el Pla Catal\u00e0 de l&#8217;Esport a l&#8217;Escola (PCEE).<\/p>\n<p style=\"text-align: justify;\">Vam passar un mat\u00ed incre\u00efble i molt divertit, gaudint de diferents esports i activitats en grup. Ens va encantar con\u00e8ixer i fer amics i amigues d&#8217;altres escoles de les Garrigues!!!<\/p>\n<p>Cliqueu<a href=\"https:\/\/agora.xtec.cat\/ceipalbirka\/general\/fotografies-sortida-esportiva-cm\/\"> AQU\u00cd<\/a> si voleu veure les fotografies!!<\/p>\n","protected":false},"excerpt":{"rendered":"<p>El passat dijous 7 de mar\u00e7, l&#8217;alumnat de CM de l&#8217;escola vam anar a les Borges Blanques en una sortida esportiva, organitzada pel Consell Esportiu de les Garrigues i el Pla Catal\u00e0 de l&#8217;Esport a l&#8217;Escola (PCEE).<br \/>\nVam passar un mat\u00ed incre\u00efble i molt divertit, gaudint&hellip;  <a href=\"https:\/\/agora.xtec.cat\/ceipalbirka\/general\/sortida-esportiva-cm\/\" title=\"Read SORTIDA ESPORTIVA (CM)\">Llegeix m\u00e9s\u00bb<\/a><\/p>\n","protected":false},"author":4,"featured_media":9936,"comment_status":"closed","ping_status":"closed","sticky":false,"template":"","format":"standard","meta":{"_bbp_topic_count":0,"_bbp_reply_count":0,"_bbp_total_topic_count":0,"_bbp_total_reply_count":0,"_bbp_voice_count":0,"_bbp_anonymous_reply_count":0,"_bbp_topic_count_hidden":0,"_bbp_reply_count_hidden":0,"_bbp_forum_subforum_count":0,"footnotes":""},"categories":[12,41,35,1,25,4,75],"tags":[],"class_list":["post-9935","post","type-post","status-publish","format-standard","has-post-thumbnail","hentry","category-cicle-mitja","category-primaria","category-educacio-fisica","category-general","category-informacions","category-portada","category-telegram"],"post_mailing_queue_ids":[],"_links":{"self":[{"href":"https:\/\/agora.xtec.cat\/ceipalbirka\/wp-json\/wp\/v2\/posts\/9935","targetHints":{"allow":["GET"]}}],"collection":[{"href":"https:\/\/agora.xtec.cat\/ceipalbirka\/wp-json\/wp\/v2\/posts"}],"about":[{"href":"https:\/\/agora.xtec.cat\/ceipalbirka\/wp-json\/wp\/v2\/types\/post"}],"author":[{"embeddable":true,"href":"https:\/\/agora.xtec.cat\/ceipalbirka\/wp-json\/wp\/v2\/users\/4"}],"replies":[{"embeddable":true,"href":"https:\/\/agora.xtec.cat\/ceipalbirka\/wp-json\/wp\/v2\/comments?post=9935"}],"version-history":[{"count":1,"href":"https:\/\/agora.xtec.cat\/ceipalbirka\/wp-json\/wp\/v2\/posts\/9935\/revisions"}],"predecessor-version":[{"id":9938,"href":"https:\/\/agora.xtec.cat\/ceipalbirka\/wp-json\/wp\/v2\/posts\/9935\/revisions\/9938"}],"wp:featuredmedia":[{"embeddable":true,"href":"https:\/\/agora.xtec.cat\/ceipalbirka\/wp-json\/wp\/v2\/media\/9936"}],"wp:attachment":[{"href":"https:\/\/agora.xtec.cat\/ceipalbirka\/wp-json\/wp\/v2\/media?parent=9935"}],"wp:term":[{"taxonomy":"category","embeddable":true,"href":"https:\/\/agora.xtec.cat\/ceipalbirka\/wp-json\/wp\/v2\/categories?post=9935"},{"taxonomy":"post_tag","embeddable":true,"href":"https:\/\/agora.xtec.cat\/ceipalbirka\/wp-json\/wp\/v2\/tags?post=9935"}],"curies":[{"name":"wp","href":"https:\/\/api.w.org\/{rel}","templated":true}]}}