{"id":9918,"date":"2024-03-08T16:08:52","date_gmt":"2024-03-08T15:08:52","guid":{"rendered":"https:\/\/agora.xtec.cat\/ceipalbirka\/?p=9918"},"modified":"2024-03-08T16:08:52","modified_gmt":"2024-03-08T15:08:52","slug":"reduir-reutilitzar-i-reciclar-ci","status":"publish","type":"post","link":"https:\/\/agora.xtec.cat\/ceipalbirka\/general\/reduir-reutilitzar-i-reciclar-ci\/","title":{"rendered":"REDUIR, REUTILITZAR I RECICLAR (CI)"},"content":{"rendered":"<p style=\"text-align: justify;\">A Cicle Inicial hem treballat un projecte dedicat al reciclatge.<\/p>\n<p style=\"text-align: justify;\">Tot cantant la can\u00e7\u00f3 de les tres erres, hem apr\u00e8s el significat dels mots reduir, reutilitzar i reciclar. Ho hem dut a la pr\u00e0ctica en el nostre entorn proper i tamb\u00e9 a la nostra aula realitzant una activitat amb material reutilitzat.<\/p>\n<p style=\"text-align: justify;\">Us deixem una mostra de les activitats realitzades.<\/p>\n<p>Cliqueu <a href=\"https:\/\/agora.xtec.cat\/ceipalbirka\/general\/fotografies-reciclatge-ci\/\">AQU\u00cd<\/a> per veure les fotografies!!!<\/p>\n","protected":false},"excerpt":{"rendered":"<p>A Cicle Inicial hem treballat un projecte dedicat al reciclatge.<br \/>\nTot cantant la can\u00e7\u00f3 de les tres erres, hem apr\u00e8s el significat dels mots reduir, reutilitzar i reciclar. Ho hem dut a la pr\u00e0ctica en el nostre entorn proper i tamb\u00e9 a la nostra aula realitzant&hellip;  <a href=\"https:\/\/agora.xtec.cat\/ceipalbirka\/general\/reduir-reutilitzar-i-reciclar-ci\/\" title=\"Read REDUIR, REUTILITZAR I RECICLAR (CI)\">Llegeix m\u00e9s\u00bb<\/a><\/p>\n","protected":false},"author":4,"featured_media":9919,"comment_status":"closed","ping_status":"closed","sticky":false,"template":"","format":"standard","meta":{"_bbp_topic_count":0,"_bbp_reply_count":0,"_bbp_total_topic_count":0,"_bbp_total_reply_count":0,"_bbp_voice_count":0,"_bbp_anonymous_reply_count":0,"_bbp_topic_count_hidden":0,"_bbp_reply_count_hidden":0,"_bbp_forum_subforum_count":0,"footnotes":""},"categories":[21,10,41,1,25,4,27,75],"tags":[],"class_list":["post-9918","post","type-post","status-publish","format-standard","has-post-thumbnail","hentry","category-activitats-generals","category-cicle-inicial","category-primaria","category-general","category-informacions","category-portada","category-el-raco-verd","category-telegram"],"post_mailing_queue_ids":[],"_links":{"self":[{"href":"https:\/\/agora.xtec.cat\/ceipalbirka\/wp-json\/wp\/v2\/posts\/9918","targetHints":{"allow":["GET"]}}],"collection":[{"href":"https:\/\/agora.xtec.cat\/ceipalbirka\/wp-json\/wp\/v2\/posts"}],"about":[{"href":"https:\/\/agora.xtec.cat\/ceipalbirka\/wp-json\/wp\/v2\/types\/post"}],"author":[{"embeddable":true,"href":"https:\/\/agora.xtec.cat\/ceipalbirka\/wp-json\/wp\/v2\/users\/4"}],"replies":[{"embeddable":true,"href":"https:\/\/agora.xtec.cat\/ceipalbirka\/wp-json\/wp\/v2\/comments?post=9918"}],"version-history":[{"count":1,"href":"https:\/\/agora.xtec.cat\/ceipalbirka\/wp-json\/wp\/v2\/posts\/9918\/revisions"}],"predecessor-version":[{"id":9920,"href":"https:\/\/agora.xtec.cat\/ceipalbirka\/wp-json\/wp\/v2\/posts\/9918\/revisions\/9920"}],"wp:featuredmedia":[{"embeddable":true,"href":"https:\/\/agora.xtec.cat\/ceipalbirka\/wp-json\/wp\/v2\/media\/9919"}],"wp:attachment":[{"href":"https:\/\/agora.xtec.cat\/ceipalbirka\/wp-json\/wp\/v2\/media?parent=9918"}],"wp:term":[{"taxonomy":"category","embeddable":true,"href":"https:\/\/agora.xtec.cat\/ceipalbirka\/wp-json\/wp\/v2\/categories?post=9918"},{"taxonomy":"post_tag","embeddable":true,"href":"https:\/\/agora.xtec.cat\/ceipalbirka\/wp-json\/wp\/v2\/tags?post=9918"}],"curies":[{"name":"wp","href":"https:\/\/api.w.org\/{rel}","templated":true}]}}