{"id":9857,"date":"2024-02-26T09:36:53","date_gmt":"2024-02-26T08:36:53","guid":{"rendered":"https:\/\/agora.xtec.cat\/ceipalbirka\/?p=9857"},"modified":"2024-02-26T09:36:53","modified_gmt":"2024-02-26T08:36:53","slug":"cros-i-jornades-mes-de-marc","status":"publish","type":"post","link":"https:\/\/agora.xtec.cat\/ceipalbirka\/general\/cros-i-jornades-mes-de-marc\/","title":{"rendered":"CROS i JORNADES mes de MAR\u00c7!!"},"content":{"rendered":"<p style=\"text-align: justify;\">Hola fam\u00edlies!!<\/p>\n<p style=\"text-align: justify;\">Us facilitem la informaci\u00f3 respecte a totes les activitats que es duran a terme aquest mes de MAR\u00c7!<\/p>\n<p style=\"text-align: justify;\">Si us poseu en contacte amb el mestre d&#8217;Educaci\u00f3 F\u00edsica, us facilitar\u00e0 el proc\u00e9s d&#8217;inscripci\u00f3.<\/p>\n<p><a style=\"color: #2795b6;\" href=\"https:\/\/agora.xtec.cat\/ceipalbirka\/wp-content\/uploads\/usu298\/2024\/02\/1.png\"><img loading=\"lazy\" decoding=\"async\" class=\"aligncenter size-large wp-image-9858\" src=\"https:\/\/agora.xtec.cat\/ceipalbirka\/wp-content\/uploads\/usu298\/2024\/02\/1-1024x726.png\" alt=\"\" width=\"1024\" height=\"726\" srcset=\"https:\/\/agora.xtec.cat\/ceipalbirka\/wp-content\/uploads\/usu298\/2024\/02\/1-1024x726.png 1024w, https:\/\/agora.xtec.cat\/ceipalbirka\/wp-content\/uploads\/usu298\/2024\/02\/1-300x213.png 300w, https:\/\/agora.xtec.cat\/ceipalbirka\/wp-content\/uploads\/usu298\/2024\/02\/1-768x545.png 768w, https:\/\/agora.xtec.cat\/ceipalbirka\/wp-content\/uploads\/usu298\/2024\/02\/1.png 1117w\" sizes=\"auto, (max-width: 1024px) 100vw, 1024px\" \/><\/a><a href=\"https:\/\/agora.xtec.cat\/ceipalbirka\/wp-content\/uploads\/usu298\/2024\/02\/2.png\"><img loading=\"lazy\" decoding=\"async\" class=\"aligncenter size-large wp-image-9859\" src=\"https:\/\/agora.xtec.cat\/ceipalbirka\/wp-content\/uploads\/usu298\/2024\/02\/2-1024x722.png\" alt=\"\" width=\"1024\" height=\"722\" srcset=\"https:\/\/agora.xtec.cat\/ceipalbirka\/wp-content\/uploads\/usu298\/2024\/02\/2-1024x722.png 1024w, https:\/\/agora.xtec.cat\/ceipalbirka\/wp-content\/uploads\/usu298\/2024\/02\/2-300x212.png 300w, https:\/\/agora.xtec.cat\/ceipalbirka\/wp-content\/uploads\/usu298\/2024\/02\/2-768x542.png 768w, https:\/\/agora.xtec.cat\/ceipalbirka\/wp-content\/uploads\/usu298\/2024\/02\/2.png 1117w\" sizes=\"auto, (max-width: 1024px) 100vw, 1024px\" \/><\/a>En aquest enlla\u00e7 podreu descarregar el formulari d&#8217;inscripci\u00f3.<\/p>\n<p><a href=\"https:\/\/agora.xtec.cat\/ceipalbirka\/wp-content\/uploads\/usu298\/2024\/02\/JORNADES-JEEC-MARC-2024.pdf\">JORNADES JEEC MAR\u00c7 2024<\/a><\/p>\n<p><a href=\"https:\/\/agora.xtec.cat\/ceipalbirka\/wp-content\/uploads\/usu298\/2024\/02\/3.png\"><img loading=\"lazy\" decoding=\"async\" class=\"aligncenter size-full wp-image-9862\" src=\"https:\/\/agora.xtec.cat\/ceipalbirka\/wp-content\/uploads\/usu298\/2024\/02\/3.png\" alt=\"\" width=\"391\" height=\"554\" srcset=\"https:\/\/agora.xtec.cat\/ceipalbirka\/wp-content\/uploads\/usu298\/2024\/02\/3.png 391w, https:\/\/agora.xtec.cat\/ceipalbirka\/wp-content\/uploads\/usu298\/2024\/02\/3-212x300.png 212w\" sizes=\"auto, (max-width: 391px) 100vw, 391px\" \/><\/a><\/p>\n<p>Us animem a seguir participant!!!!<\/p>\n","protected":false},"excerpt":{"rendered":"<p>Hola fam\u00edlies!!<br \/>\nUs facilitem la informaci\u00f3 respecte a totes les activitats que es duran a terme aquest mes de MAR\u00c7!<br \/>\nSi us poseu en contacte amb el mestre d&#8217;Educaci\u00f3 F\u00edsica, us facilitar\u00e0 el proc\u00e9s d&#8217;inscripci\u00f3.<br \/>\n<a style=\"color: #2795b6;\" href=\"https:\/\/agora.xtec.cat\/ceipalbirka\/wp-content\/uploads\/usu298\/2024\/02\/1.png\"><\/a><a href=\"https:\/\/agora.xtec.cat\/ceipalbirka\/wp-content\/uploads\/usu298\/2024\/02\/2.png\"><\/a>En aquest enlla\u00e7 podreu descarregar el formulari d&#8217;inscripci\u00f3.<br \/>\n<a href=\"https:\/\/agora.xtec.cat\/ceipalbirka\/wp-content\/uploads\/usu298\/2024\/02\/JORNADES-JEEC-MARC-2024.pdf\">JORNADES&hellip;  <a href=\"https:\/\/agora.xtec.cat\/ceipalbirka\/general\/cros-i-jornades-mes-de-marc\/\" title=\"Read CROS i JORNADES mes de MAR\u00c7!!\">Llegeix m\u00e9s\u00bb<\/a><\/p>\n","protected":false},"author":4,"featured_media":9689,"comment_status":"closed","ping_status":"closed","sticky":false,"template":"","format":"standard","meta":{"_bbp_topic_count":0,"_bbp_reply_count":0,"_bbp_total_topic_count":0,"_bbp_total_reply_count":0,"_bbp_voice_count":0,"_bbp_anonymous_reply_count":0,"_bbp_topic_count_hidden":0,"_bbp_reply_count_hidden":0,"_bbp_forum_subforum_count":0,"footnotes":""},"categories":[21,7,10,12,14,40,41,35,1,25,4,75],"tags":[],"class_list":["post-9857","post","type-post","status-publish","format-standard","has-post-thumbnail","hentry","category-activitats-generals","category-ampa","category-cicle-inicial","category-cicle-mitja","category-cicle-superior","category-infantil","category-primaria","category-educacio-fisica","category-general","category-informacions","category-portada","category-telegram"],"post_mailing_queue_ids":[],"_links":{"self":[{"href":"https:\/\/agora.xtec.cat\/ceipalbirka\/wp-json\/wp\/v2\/posts\/9857","targetHints":{"allow":["GET"]}}],"collection":[{"href":"https:\/\/agora.xtec.cat\/ceipalbirka\/wp-json\/wp\/v2\/posts"}],"about":[{"href":"https:\/\/agora.xtec.cat\/ceipalbirka\/wp-json\/wp\/v2\/types\/post"}],"author":[{"embeddable":true,"href":"https:\/\/agora.xtec.cat\/ceipalbirka\/wp-json\/wp\/v2\/users\/4"}],"replies":[{"embeddable":true,"href":"https:\/\/agora.xtec.cat\/ceipalbirka\/wp-json\/wp\/v2\/comments?post=9857"}],"version-history":[{"count":1,"href":"https:\/\/agora.xtec.cat\/ceipalbirka\/wp-json\/wp\/v2\/posts\/9857\/revisions"}],"predecessor-version":[{"id":9863,"href":"https:\/\/agora.xtec.cat\/ceipalbirka\/wp-json\/wp\/v2\/posts\/9857\/revisions\/9863"}],"wp:featuredmedia":[{"embeddable":true,"href":"https:\/\/agora.xtec.cat\/ceipalbirka\/wp-json\/wp\/v2\/media\/9689"}],"wp:attachment":[{"href":"https:\/\/agora.xtec.cat\/ceipalbirka\/wp-json\/wp\/v2\/media?parent=9857"}],"wp:term":[{"taxonomy":"category","embeddable":true,"href":"https:\/\/agora.xtec.cat\/ceipalbirka\/wp-json\/wp\/v2\/categories?post=9857"},{"taxonomy":"post_tag","embeddable":true,"href":"https:\/\/agora.xtec.cat\/ceipalbirka\/wp-json\/wp\/v2\/tags?post=9857"}],"curies":[{"name":"wp","href":"https:\/\/api.w.org\/{rel}","templated":true}]}}