{"id":9837,"date":"2024-02-20T12:20:25","date_gmt":"2024-02-20T11:20:25","guid":{"rendered":"https:\/\/agora.xtec.cat\/ceipalbirka\/?p=9837"},"modified":"2024-02-20T12:21:18","modified_gmt":"2024-02-20T11:21:18","slug":"visita-sostenible-a-la-biblioteca-cs","status":"publish","type":"post","link":"https:\/\/agora.xtec.cat\/ceipalbirka\/general\/visita-sostenible-a-la-biblioteca-cs\/","title":{"rendered":"Visita SOSTENIBLE a la Biblioteca (CS)"},"content":{"rendered":"<p style=\"text-align: justify;\">A la biblioteca d&#8217;Arbeca va arribar &#8220;l&#8217;Andr\u00f2mina&#8221;, una m\u00e0quina que ens ajuda a con\u00e8ixer els Objectius de Desenvolupament Sostenible. Amb uns contes i uns \u00e0lbums il\u00b7lustrats vam ajudar a l&#8217;Amanda a completar la &#8220;Missi\u00f3 ODS&#8221; i vam aprendre molt sobre el desenvolupament sostenible.<\/p>\n<p>Cliqueu al logotip si voleu veure les fotografies!!!<\/p>\n<p><a href=\"https:\/\/agora.xtec.cat\/ceipalbirka\/general\/fotografies-biblioteca-cs\/\"><img loading=\"lazy\" decoding=\"async\" class=\"aligncenter wp-image-9839\" src=\"https:\/\/agora.xtec.cat\/ceipalbirka\/wp-content\/uploads\/usu298\/2024\/02\/ods-261119.jpg\" alt=\"\" width=\"258\" height=\"145\" srcset=\"https:\/\/agora.xtec.cat\/ceipalbirka\/wp-content\/uploads\/usu298\/2024\/02\/ods-261119.jpg 1022w, https:\/\/agora.xtec.cat\/ceipalbirka\/wp-content\/uploads\/usu298\/2024\/02\/ods-261119-300x169.jpg 300w, https:\/\/agora.xtec.cat\/ceipalbirka\/wp-content\/uploads\/usu298\/2024\/02\/ods-261119-768x432.jpg 768w\" sizes=\"auto, (max-width: 258px) 100vw, 258px\" \/><\/a><\/p>\n","protected":false},"excerpt":{"rendered":"<p>A la biblioteca d&#8217;Arbeca va arribar &#8220;l&#8217;Andr\u00f2mina&#8221;, una m\u00e0quina que ens ajuda a con\u00e8ixer els Objectius de Desenvolupament Sostenible. Amb uns contes i uns \u00e0lbums il\u00b7lustrats vam ajudar a l&#8217;Amanda a completar la &#8220;Missi\u00f3 ODS&#8221; i vam aprendre molt sobre el desenvolupament sostenible.<br \/>\nCliqueu al logotip&hellip;  <a href=\"https:\/\/agora.xtec.cat\/ceipalbirka\/general\/visita-sostenible-a-la-biblioteca-cs\/\" title=\"Read Visita SOSTENIBLE a la Biblioteca (CS)\">Llegeix m\u00e9s\u00bb<\/a><\/p>\n","protected":false},"author":4,"featured_media":9841,"comment_status":"closed","ping_status":"closed","sticky":false,"template":"","format":"standard","meta":{"_bbp_topic_count":0,"_bbp_reply_count":0,"_bbp_total_topic_count":0,"_bbp_total_reply_count":0,"_bbp_voice_count":0,"_bbp_anonymous_reply_count":0,"_bbp_topic_count_hidden":0,"_bbp_reply_count_hidden":0,"_bbp_forum_subforum_count":0,"footnotes":""},"categories":[21,14,41,1,25,4,26,27,75],"tags":[],"class_list":["post-9837","post","type-post","status-publish","format-standard","has-post-thumbnail","hentry","category-activitats-generals","category-cicle-superior","category-primaria","category-general","category-informacions","category-portada","category-raco-literari","category-el-raco-verd","category-telegram"],"post_mailing_queue_ids":[],"_links":{"self":[{"href":"https:\/\/agora.xtec.cat\/ceipalbirka\/wp-json\/wp\/v2\/posts\/9837","targetHints":{"allow":["GET"]}}],"collection":[{"href":"https:\/\/agora.xtec.cat\/ceipalbirka\/wp-json\/wp\/v2\/posts"}],"about":[{"href":"https:\/\/agora.xtec.cat\/ceipalbirka\/wp-json\/wp\/v2\/types\/post"}],"author":[{"embeddable":true,"href":"https:\/\/agora.xtec.cat\/ceipalbirka\/wp-json\/wp\/v2\/users\/4"}],"replies":[{"embeddable":true,"href":"https:\/\/agora.xtec.cat\/ceipalbirka\/wp-json\/wp\/v2\/comments?post=9837"}],"version-history":[{"count":1,"href":"https:\/\/agora.xtec.cat\/ceipalbirka\/wp-json\/wp\/v2\/posts\/9837\/revisions"}],"predecessor-version":[{"id":9840,"href":"https:\/\/agora.xtec.cat\/ceipalbirka\/wp-json\/wp\/v2\/posts\/9837\/revisions\/9840"}],"wp:featuredmedia":[{"embeddable":true,"href":"https:\/\/agora.xtec.cat\/ceipalbirka\/wp-json\/wp\/v2\/media\/9841"}],"wp:attachment":[{"href":"https:\/\/agora.xtec.cat\/ceipalbirka\/wp-json\/wp\/v2\/media?parent=9837"}],"wp:term":[{"taxonomy":"category","embeddable":true,"href":"https:\/\/agora.xtec.cat\/ceipalbirka\/wp-json\/wp\/v2\/categories?post=9837"},{"taxonomy":"post_tag","embeddable":true,"href":"https:\/\/agora.xtec.cat\/ceipalbirka\/wp-json\/wp\/v2\/tags?post=9837"}],"curies":[{"name":"wp","href":"https:\/\/api.w.org\/{rel}","templated":true}]}}