{"id":9831,"date":"2024-02-19T09:55:32","date_gmt":"2024-02-19T08:55:32","guid":{"rendered":"https:\/\/agora.xtec.cat\/ceipalbirka\/?p=9831"},"modified":"2024-02-19T09:55:32","modified_gmt":"2024-02-19T08:55:32","slug":"carnestoltes-23-24-fotografies","status":"publish","type":"post","link":"https:\/\/agora.xtec.cat\/ceipalbirka\/general\/carnestoltes-23-24-fotografies\/","title":{"rendered":"CARNESTOLTES 23\/24 (fotografies)"},"content":{"rendered":"<p style=\"text-align: justify;\">Hola fam\u00edlies, us adjuntem en els seg\u00fcents enlla\u00e7os un recull de les fotografies que ens van fer per la festa del Carnestoltes que vam celebrar a l&#8217;escola!!! Ens ho vam passar PIPA!!!!<\/p>\n<p style=\"text-align: justify;\">Fotografies Educaci\u00f3 infantil:<\/p>\n<p style=\"text-align: justify;\"><a href=\"https:\/\/agora.xtec.cat\/ceipalbirka\/general\/fotografies-carnestoltes-ei\/\">Fotografies CARNESTOLTES EI<\/a><\/p>\n<p style=\"text-align: justify;\">Fotografies CI:<\/p>\n<p style=\"text-align: justify;\"><a href=\"https:\/\/agora.xtec.cat\/ceipalbirka\/general\/fotografies-carnestoltes-ci\/\">Fotografies CARNESTOLTES CI<\/a><\/p>\n<p style=\"text-align: justify;\">Fotografies CM:<\/p>\n<p style=\"text-align: justify;\"><a href=\"https:\/\/agora.xtec.cat\/ceipalbirka\/general\/fotografies-carnestoltes-cm\/\">Fotografies CARNESTOLTES CM<\/a><\/p>\n<p style=\"text-align: justify;\">Fotografies CS:<\/p>\n<p style=\"text-align: justify;\"><a href=\"https:\/\/agora.xtec.cat\/ceipalbirka\/general\/fotografies-carnestoltes-cs\/\">Fotografies CARNESTOLTES CS<\/a><\/p>\n","protected":false},"excerpt":{"rendered":"<p>Hola fam\u00edlies, us adjuntem en els seg\u00fcents enlla\u00e7os un recull de les fotografies que ens van fer per la festa del Carnestoltes que vam celebrar a l&#8217;escola!!! Ens ho vam passar PIPA!!!!<br \/>\nFotografies Educaci\u00f3 infantil:<br \/>\n<a href=\"https:\/\/agora.xtec.cat\/ceipalbirka\/general\/fotografies-carnestoltes-ei\/\">Fotografies CARNESTOLTES EI<\/a><br \/>\nFotografies CI:<br \/>\n<a href=\"https:\/\/agora.xtec.cat\/ceipalbirka\/general\/fotografies-carnestoltes-ci\/\">Fotografies CARNESTOLTES CI<\/a><br \/>\nFotografies CM:<br \/>\n<a href=\"https:\/\/agora.xtec.cat\/ceipalbirka\/general\/fotografies-carnestoltes-cm\/\">Fotografies CARNESTOLTES CM<\/a><br \/>\nFotografies&hellip;  <a href=\"https:\/\/agora.xtec.cat\/ceipalbirka\/general\/carnestoltes-23-24-fotografies\/\" title=\"Read CARNESTOLTES 23\/24 (fotografies)\">Llegeix m\u00e9s\u00bb<\/a><\/p>\n","protected":false},"author":4,"featured_media":9832,"comment_status":"closed","ping_status":"closed","sticky":false,"template":"","format":"standard","meta":{"_bbp_topic_count":0,"_bbp_reply_count":0,"_bbp_total_topic_count":0,"_bbp_total_reply_count":0,"_bbp_voice_count":0,"_bbp_anonymous_reply_count":0,"_bbp_topic_count_hidden":0,"_bbp_reply_count_hidden":0,"_bbp_forum_subforum_count":0,"footnotes":""},"categories":[21,7,10,12,14,40,41,1,25,37,4,75],"tags":[],"class_list":["post-9831","post","type-post","status-publish","format-standard","has-post-thumbnail","hentry","category-activitats-generals","category-ampa","category-cicle-inicial","category-cicle-mitja","category-cicle-superior","category-infantil","category-primaria","category-general","category-informacions","category-musica","category-portada","category-telegram"],"post_mailing_queue_ids":[],"_links":{"self":[{"href":"https:\/\/agora.xtec.cat\/ceipalbirka\/wp-json\/wp\/v2\/posts\/9831","targetHints":{"allow":["GET"]}}],"collection":[{"href":"https:\/\/agora.xtec.cat\/ceipalbirka\/wp-json\/wp\/v2\/posts"}],"about":[{"href":"https:\/\/agora.xtec.cat\/ceipalbirka\/wp-json\/wp\/v2\/types\/post"}],"author":[{"embeddable":true,"href":"https:\/\/agora.xtec.cat\/ceipalbirka\/wp-json\/wp\/v2\/users\/4"}],"replies":[{"embeddable":true,"href":"https:\/\/agora.xtec.cat\/ceipalbirka\/wp-json\/wp\/v2\/comments?post=9831"}],"version-history":[{"count":1,"href":"https:\/\/agora.xtec.cat\/ceipalbirka\/wp-json\/wp\/v2\/posts\/9831\/revisions"}],"predecessor-version":[{"id":9833,"href":"https:\/\/agora.xtec.cat\/ceipalbirka\/wp-json\/wp\/v2\/posts\/9831\/revisions\/9833"}],"wp:featuredmedia":[{"embeddable":true,"href":"https:\/\/agora.xtec.cat\/ceipalbirka\/wp-json\/wp\/v2\/media\/9832"}],"wp:attachment":[{"href":"https:\/\/agora.xtec.cat\/ceipalbirka\/wp-json\/wp\/v2\/media?parent=9831"}],"wp:term":[{"taxonomy":"category","embeddable":true,"href":"https:\/\/agora.xtec.cat\/ceipalbirka\/wp-json\/wp\/v2\/categories?post=9831"},{"taxonomy":"post_tag","embeddable":true,"href":"https:\/\/agora.xtec.cat\/ceipalbirka\/wp-json\/wp\/v2\/tags?post=9831"}],"curies":[{"name":"wp","href":"https:\/\/api.w.org\/{rel}","templated":true}]}}