{"id":9780,"date":"2024-01-22T11:57:02","date_gmt":"2024-01-22T10:57:02","guid":{"rendered":"https:\/\/agora.xtec.cat\/ceipalbirka\/?p=9780"},"modified":"2024-01-22T11:57:02","modified_gmt":"2024-01-22T10:57:02","slug":"cros-vila-darbeca-23-24","status":"publish","type":"post","link":"https:\/\/agora.xtec.cat\/ceipalbirka\/general\/cros-vila-darbeca-23-24\/","title":{"rendered":"CROS VILA D&#8217;ARBECA 23\/24"},"content":{"rendered":"<p style=\"text-align: justify;\">Benvolgudes fam\u00edlies, el Club Joventut Atl\u00e8tica d&#8217;Arbeca, l&#8217;EAAG i el Consell Esportiu de les Garrigues, juntament amb el CEIP Albirka i la seva AMPA i la regidoria d\u2019esports de l\u2019Ajuntament d&#8217;Arbeca organitzen el <b>XLVII Cros d&#8217;Arbeca Memorial Ramon Bellmunt<\/b><i>,<\/i>\u00a0prova de la fase comarcal de cros dels JEEC corresponent al curs 23-24.<\/p>\n<p style=\"text-align: justify;\">Us informem des de l&#8217;escola, que com cada curs, aquesta setmana repartirem tots els dorsals per a poder participar gratu\u00eftament i amb l&#8217;asseguran\u00e7a corresponent, i hem inscrit a tot l&#8217;alumnat, per facilitar i promoure aix\u00ed la participaci\u00f3 al Cros del poble, el proper diumenge 28 de gener, a la zona de les Pistes d&#8217;Atletisme.<\/p>\n<p style=\"text-align: justify;\">Us animem a acompanyar i animar als vostres fills i filles a gaudir de l&#8217;esport i l&#8217;activitat f\u00edsica, rememorant el curs passat, on vam tenir una participaci\u00f3 r\u00e8cord donant un exemple molt maco d&#8217;implicaci\u00f3 amb l&#8217;escola, el poble, la pr\u00e0ctica esportiva i els h\u00e0bits saludables.<\/p>\n<p style=\"text-align: justify;\">Adjuntem els horaris i els circuits de cada categoria.<\/p>\n<p style=\"text-align: justify;\">Per m\u00e9s informaci\u00f3 podeu consultar el blog, o dirigir-vos a l&#8217;escola per si teniu algun dubte al respecte.<\/p>\n<div style=\"text-align: justify;\"><a href=\"https:\/\/crosarbeca.blogspot.com\">https:\/\/crosarbeca.blogspot.com<\/a><\/div>\n<div><\/div>\n<div>Salutacions,<\/div>\n<div><\/div>\n<div><\/div>\n<div><a href=\"https:\/\/agora.xtec.cat\/ceipalbirka\/wp-content\/uploads\/usu298\/2024\/01\/CROS-ARBECA-28012024.png\"><img loading=\"lazy\" decoding=\"async\" class=\"aligncenter  wp-image-9781\" src=\"https:\/\/agora.xtec.cat\/ceipalbirka\/wp-content\/uploads\/usu298\/2024\/01\/CROS-ARBECA-28012024.png\" alt=\"\" width=\"363\" height=\"514\" srcset=\"https:\/\/agora.xtec.cat\/ceipalbirka\/wp-content\/uploads\/usu298\/2024\/01\/CROS-ARBECA-28012024.png 452w, https:\/\/agora.xtec.cat\/ceipalbirka\/wp-content\/uploads\/usu298\/2024\/01\/CROS-ARBECA-28012024-212x300.png 212w\" sizes=\"auto, (max-width: 363px) 100vw, 363px\" \/><\/a><\/div>\n<div><\/div>\n<div><a href=\"https:\/\/agora.xtec.cat\/ceipalbirka\/wp-content\/uploads\/usu298\/2024\/01\/Captura-de-pantalla-2024-01-22-a-las-11.37.59.png\"><img loading=\"lazy\" decoding=\"async\" class=\"aligncenter size-large wp-image-9783\" src=\"https:\/\/agora.xtec.cat\/ceipalbirka\/wp-content\/uploads\/usu298\/2024\/01\/Captura-de-pantalla-2024-01-22-a-las-11.37.59-573x1024.png\" alt=\"\" width=\"573\" height=\"1024\" srcset=\"https:\/\/agora.xtec.cat\/ceipalbirka\/wp-content\/uploads\/usu298\/2024\/01\/Captura-de-pantalla-2024-01-22-a-las-11.37.59-573x1024.png 573w, https:\/\/agora.xtec.cat\/ceipalbirka\/wp-content\/uploads\/usu298\/2024\/01\/Captura-de-pantalla-2024-01-22-a-las-11.37.59-168x300.png 168w, https:\/\/agora.xtec.cat\/ceipalbirka\/wp-content\/uploads\/usu298\/2024\/01\/Captura-de-pantalla-2024-01-22-a-las-11.37.59.png 714w\" sizes=\"auto, (max-width: 573px) 100vw, 573px\" \/><\/a><a href=\"https:\/\/agora.xtec.cat\/ceipalbirka\/wp-content\/uploads\/usu298\/2024\/01\/Captura-de-pantalla-2024-01-22-a-las-11.32.07.png\"><img loading=\"lazy\" decoding=\"async\" class=\"aligncenter  wp-image-9782\" src=\"https:\/\/agora.xtec.cat\/ceipalbirka\/wp-content\/uploads\/usu298\/2024\/01\/Captura-de-pantalla-2024-01-22-a-las-11.32.07-1024x627.png\" alt=\"\" width=\"898\" height=\"550\" srcset=\"https:\/\/agora.xtec.cat\/ceipalbirka\/wp-content\/uploads\/usu298\/2024\/01\/Captura-de-pantalla-2024-01-22-a-las-11.32.07-1024x627.png 1024w, https:\/\/agora.xtec.cat\/ceipalbirka\/wp-content\/uploads\/usu298\/2024\/01\/Captura-de-pantalla-2024-01-22-a-las-11.32.07-300x184.png 300w, https:\/\/agora.xtec.cat\/ceipalbirka\/wp-content\/uploads\/usu298\/2024\/01\/Captura-de-pantalla-2024-01-22-a-las-11.32.07-768x470.png 768w, https:\/\/agora.xtec.cat\/ceipalbirka\/wp-content\/uploads\/usu298\/2024\/01\/Captura-de-pantalla-2024-01-22-a-las-11.32.07.png 1484w\" sizes=\"auto, (max-width: 898px) 100vw, 898px\" \/><\/a><\/div>\n","protected":false},"excerpt":{"rendered":"<p>Benvolgudes fam\u00edlies, el Club Joventut Atl\u00e8tica d&#8217;Arbeca, l&#8217;EAAG i el Consell Esportiu de les Garrigues, juntament amb el CEIP Albirka i la seva AMPA i la regidoria d\u2019esports de l\u2019Ajuntament d&#8217;Arbeca organitzen el XLVII Cros d&#8217;Arbeca Memorial Ramon Bellmunt,\u00a0prova de la fase comarcal de cros&hellip;  <a href=\"https:\/\/agora.xtec.cat\/ceipalbirka\/general\/cros-vila-darbeca-23-24\/\" title=\"Read CROS VILA D&#8217;ARBECA 23\/24\">Llegeix m\u00e9s\u00bb<\/a><\/p>\n","protected":false},"author":4,"featured_media":9021,"comment_status":"closed","ping_status":"closed","sticky":false,"template":"","format":"standard","meta":{"_bbp_topic_count":0,"_bbp_reply_count":0,"_bbp_total_topic_count":0,"_bbp_total_reply_count":0,"_bbp_voice_count":0,"_bbp_anonymous_reply_count":0,"_bbp_topic_count_hidden":0,"_bbp_reply_count_hidden":0,"_bbp_forum_subforum_count":0,"footnotes":""},"categories":[21,7,10,12,14,40,41,35,1,25,4,75],"tags":[],"class_list":["post-9780","post","type-post","status-publish","format-standard","has-post-thumbnail","hentry","category-activitats-generals","category-ampa","category-cicle-inicial","category-cicle-mitja","category-cicle-superior","category-infantil","category-primaria","category-educacio-fisica","category-general","category-informacions","category-portada","category-telegram"],"post_mailing_queue_ids":[],"_links":{"self":[{"href":"https:\/\/agora.xtec.cat\/ceipalbirka\/wp-json\/wp\/v2\/posts\/9780","targetHints":{"allow":["GET"]}}],"collection":[{"href":"https:\/\/agora.xtec.cat\/ceipalbirka\/wp-json\/wp\/v2\/posts"}],"about":[{"href":"https:\/\/agora.xtec.cat\/ceipalbirka\/wp-json\/wp\/v2\/types\/post"}],"author":[{"embeddable":true,"href":"https:\/\/agora.xtec.cat\/ceipalbirka\/wp-json\/wp\/v2\/users\/4"}],"replies":[{"embeddable":true,"href":"https:\/\/agora.xtec.cat\/ceipalbirka\/wp-json\/wp\/v2\/comments?post=9780"}],"version-history":[{"count":2,"href":"https:\/\/agora.xtec.cat\/ceipalbirka\/wp-json\/wp\/v2\/posts\/9780\/revisions"}],"predecessor-version":[{"id":9785,"href":"https:\/\/agora.xtec.cat\/ceipalbirka\/wp-json\/wp\/v2\/posts\/9780\/revisions\/9785"}],"wp:featuredmedia":[{"embeddable":true,"href":"https:\/\/agora.xtec.cat\/ceipalbirka\/wp-json\/wp\/v2\/media\/9021"}],"wp:attachment":[{"href":"https:\/\/agora.xtec.cat\/ceipalbirka\/wp-json\/wp\/v2\/media?parent=9780"}],"wp:term":[{"taxonomy":"category","embeddable":true,"href":"https:\/\/agora.xtec.cat\/ceipalbirka\/wp-json\/wp\/v2\/categories?post=9780"},{"taxonomy":"post_tag","embeddable":true,"href":"https:\/\/agora.xtec.cat\/ceipalbirka\/wp-json\/wp\/v2\/tags?post=9780"}],"curies":[{"name":"wp","href":"https:\/\/api.w.org\/{rel}","templated":true}]}}