{"id":9762,"date":"2023-12-20T12:36:40","date_gmt":"2023-12-20T11:36:40","guid":{"rendered":"https:\/\/agora.xtec.cat\/ceipalbirka\/?p=9762"},"modified":"2024-09-19T13:47:25","modified_gmt":"2024-09-19T11:47:25","slug":"ali-patxa-xocolatada-escola","status":"publish","type":"post","link":"https:\/\/agora.xtec.cat\/ceipalbirka\/general\/ali-patxa-xocolatada-escola\/","title":{"rendered":"AL\u00cd PATX\u00c0 + XOCOLATADA (ESCOLA)"},"content":{"rendered":"<p style=\"text-align: justify;\">L&#8217;\u00faltim dia abans de les vacances de Nadal, tot l&#8217;alumnat de l&#8217;Escola Albirka ha rebut la visita de l&#8217;Al\u00ed Patx\u00e0, que ens ha entregat molts regals per cada una de les classes!!<\/p>\n<p style=\"text-align: justify;\">Ens ho hem passat genial i ha estat molt emocionant!!!<\/p>\n<p style=\"text-align: justify;\">Tamb\u00e9 hem fet una xocolatada, que estava bon\u00edssima i algunes classes hem celebrat l&#8217;amic invisible!!<\/p>\n<p style=\"text-align: justify;\">Un dia ideal per entrar a les vacances de Nadal amb molt bon peu!!!<\/p>\n<p style=\"text-align: justify;\">Cliqueu <a href=\"https:\/\/agora.xtec.cat\/ceipalbirka\/general\/fotografies-ali-patxa-xocolatada\/\">AQU\u00cd<\/a> si voleu veure totes les fotografies!!!<\/p>\n","protected":false},"excerpt":{"rendered":"<p>L&#8217;\u00faltim dia abans de les vacances de Nadal, tot l&#8217;alumnat de l&#8217;Escola Albirka ha rebut la visita de l&#8217;Al\u00ed Patx\u00e0, que ens ha entregat molts regals per cada una de les classes!!<br \/>\nEns ho hem passat genial i ha estat molt emocionant!!!<br \/>\nTamb\u00e9 hem fet una xocolatada,&hellip;  <a href=\"https:\/\/agora.xtec.cat\/ceipalbirka\/general\/ali-patxa-xocolatada-escola\/\" title=\"Read AL\u00cd PATX\u00c0 + XOCOLATADA (ESCOLA)\">Llegeix m\u00e9s\u00bb<\/a><\/p>\n","protected":false},"author":4,"featured_media":0,"comment_status":"closed","ping_status":"closed","sticky":false,"template":"","format":"standard","meta":{"_bbp_topic_count":0,"_bbp_reply_count":0,"_bbp_total_topic_count":0,"_bbp_total_reply_count":0,"_bbp_voice_count":0,"_bbp_anonymous_reply_count":0,"_bbp_topic_count_hidden":0,"_bbp_reply_count_hidden":0,"_bbp_forum_subforum_count":0,"footnotes":""},"categories":[21,7,10,12,14,40,41,1,25,4,75],"tags":[],"class_list":["post-9762","post","type-post","status-publish","format-standard","hentry","category-activitats-generals","category-ampa","category-cicle-inicial","category-cicle-mitja","category-cicle-superior","category-infantil","category-primaria","category-general","category-informacions","category-portada","category-telegram"],"post_mailing_queue_ids":[],"_links":{"self":[{"href":"https:\/\/agora.xtec.cat\/ceipalbirka\/wp-json\/wp\/v2\/posts\/9762","targetHints":{"allow":["GET"]}}],"collection":[{"href":"https:\/\/agora.xtec.cat\/ceipalbirka\/wp-json\/wp\/v2\/posts"}],"about":[{"href":"https:\/\/agora.xtec.cat\/ceipalbirka\/wp-json\/wp\/v2\/types\/post"}],"author":[{"embeddable":true,"href":"https:\/\/agora.xtec.cat\/ceipalbirka\/wp-json\/wp\/v2\/users\/4"}],"replies":[{"embeddable":true,"href":"https:\/\/agora.xtec.cat\/ceipalbirka\/wp-json\/wp\/v2\/comments?post=9762"}],"version-history":[{"count":1,"href":"https:\/\/agora.xtec.cat\/ceipalbirka\/wp-json\/wp\/v2\/posts\/9762\/revisions"}],"predecessor-version":[{"id":9764,"href":"https:\/\/agora.xtec.cat\/ceipalbirka\/wp-json\/wp\/v2\/posts\/9762\/revisions\/9764"}],"wp:attachment":[{"href":"https:\/\/agora.xtec.cat\/ceipalbirka\/wp-json\/wp\/v2\/media?parent=9762"}],"wp:term":[{"taxonomy":"category","embeddable":true,"href":"https:\/\/agora.xtec.cat\/ceipalbirka\/wp-json\/wp\/v2\/categories?post=9762"},{"taxonomy":"post_tag","embeddable":true,"href":"https:\/\/agora.xtec.cat\/ceipalbirka\/wp-json\/wp\/v2\/tags?post=9762"}],"curies":[{"name":"wp","href":"https:\/\/api.w.org\/{rel}","templated":true}]}}