{"id":9755,"date":"2023-12-20T09:55:23","date_gmt":"2023-12-20T08:55:23","guid":{"rendered":"https:\/\/agora.xtec.cat\/ceipalbirka\/?p=9755"},"modified":"2023-12-20T09:55:23","modified_gmt":"2023-12-20T08:55:23","slug":"cantata-de-nadales-a-la-residencia-cm-i-cs","status":"publish","type":"post","link":"https:\/\/agora.xtec.cat\/ceipalbirka\/general\/cantata-de-nadales-a-la-residencia-cm-i-cs\/","title":{"rendered":"CANTATA DE NADALES A LA RESID\u00c8NCIA (CM i CS)"},"content":{"rendered":"<p style=\"text-align: justify;\">El dimarts 19 de desembre, els alumnes de Cicle Mitj\u00e0 i Cicle Superior vam baixar a la resid\u00e8ncia del poble per desitjar un Bon Nadal als padrins i padrines, amb una cantata de Nadales i la recitaci\u00f3 d&#8217;alguns poemes!!<\/p>\n<p style=\"text-align: justify;\">Va ser una experi\u00e8ncia molt bonica i de ben segur que els hi va encantar la nostra visita!!<\/p>\n<p style=\"text-align: justify;\">Us deixem algunes fotografies i v\u00eddeos!! Cliqueu a la imatge per veure&#8217;ls!!!<\/p>\n<p><a href=\"https:\/\/agora.xtec.cat\/ceipalbirka\/general\/cantata-nadales-residencia\/\"><img loading=\"lazy\" decoding=\"async\" class=\"aligncenter size-full wp-image-9756\" src=\"https:\/\/agora.xtec.cat\/ceipalbirka\/wp-content\/uploads\/usu298\/2023\/12\/villancicos1.gif\" alt=\"\" width=\"234\" height=\"187\" \/><\/a><\/p>\n","protected":false},"excerpt":{"rendered":"<p>El dimarts 19 de desembre, els alumnes de Cicle Mitj\u00e0 i Cicle Superior vam baixar a la resid\u00e8ncia del poble per desitjar un Bon Nadal als padrins i padrines, amb una cantata de Nadales i la recitaci\u00f3 d&#8217;alguns poemes!!<br \/>\nVa ser una experi\u00e8ncia molt bonica i&hellip;  <a href=\"https:\/\/agora.xtec.cat\/ceipalbirka\/general\/cantata-de-nadales-a-la-residencia-cm-i-cs\/\" title=\"Read CANTATA DE NADALES A LA RESID\u00c8NCIA (CM i CS)\">Llegeix m\u00e9s\u00bb<\/a><\/p>\n","protected":false},"author":4,"featured_media":9757,"comment_status":"closed","ping_status":"closed","sticky":false,"template":"","format":"standard","meta":{"_bbp_topic_count":0,"_bbp_reply_count":0,"_bbp_total_topic_count":0,"_bbp_total_reply_count":0,"_bbp_voice_count":0,"_bbp_anonymous_reply_count":0,"_bbp_topic_count_hidden":0,"_bbp_reply_count_hidden":0,"_bbp_forum_subforum_count":0,"footnotes":""},"categories":[21,12,14,41,1,37,4,26,75],"tags":[],"class_list":["post-9755","post","type-post","status-publish","format-standard","has-post-thumbnail","hentry","category-activitats-generals","category-cicle-mitja","category-cicle-superior","category-primaria","category-general","category-musica","category-portada","category-raco-literari","category-telegram"],"post_mailing_queue_ids":[],"_links":{"self":[{"href":"https:\/\/agora.xtec.cat\/ceipalbirka\/wp-json\/wp\/v2\/posts\/9755","targetHints":{"allow":["GET"]}}],"collection":[{"href":"https:\/\/agora.xtec.cat\/ceipalbirka\/wp-json\/wp\/v2\/posts"}],"about":[{"href":"https:\/\/agora.xtec.cat\/ceipalbirka\/wp-json\/wp\/v2\/types\/post"}],"author":[{"embeddable":true,"href":"https:\/\/agora.xtec.cat\/ceipalbirka\/wp-json\/wp\/v2\/users\/4"}],"replies":[{"embeddable":true,"href":"https:\/\/agora.xtec.cat\/ceipalbirka\/wp-json\/wp\/v2\/comments?post=9755"}],"version-history":[{"count":2,"href":"https:\/\/agora.xtec.cat\/ceipalbirka\/wp-json\/wp\/v2\/posts\/9755\/revisions"}],"predecessor-version":[{"id":9759,"href":"https:\/\/agora.xtec.cat\/ceipalbirka\/wp-json\/wp\/v2\/posts\/9755\/revisions\/9759"}],"wp:featuredmedia":[{"embeddable":true,"href":"https:\/\/agora.xtec.cat\/ceipalbirka\/wp-json\/wp\/v2\/media\/9757"}],"wp:attachment":[{"href":"https:\/\/agora.xtec.cat\/ceipalbirka\/wp-json\/wp\/v2\/media?parent=9755"}],"wp:term":[{"taxonomy":"category","embeddable":true,"href":"https:\/\/agora.xtec.cat\/ceipalbirka\/wp-json\/wp\/v2\/categories?post=9755"},{"taxonomy":"post_tag","embeddable":true,"href":"https:\/\/agora.xtec.cat\/ceipalbirka\/wp-json\/wp\/v2\/tags?post=9755"}],"curies":[{"name":"wp","href":"https:\/\/api.w.org\/{rel}","templated":true}]}}