{"id":9700,"date":"2023-11-29T12:02:02","date_gmt":"2023-11-29T11:02:02","guid":{"rendered":"https:\/\/agora.xtec.cat\/ceipalbirka\/?p=9700"},"modified":"2023-11-29T12:02:47","modified_gmt":"2023-11-29T11:02:47","slug":"taller-posat-les-ulleres-cs","status":"publish","type":"post","link":"https:\/\/agora.xtec.cat\/ceipalbirka\/general\/taller-posat-les-ulleres-cs\/","title":{"rendered":"TALLER POSA&#8217;T LES ULLERES (CS)"},"content":{"rendered":"<p style=\"text-align: justify;\">Divendres passat, dia 24, al demat\u00ed vam fer el Taller \u201cPosa\u2019t les ulleres\u201d. La Cristina i la Neus, ens van distribuir en dos grups, ens van donar un full DIN A3 i unes etiquetes.<\/p>\n<p style=\"text-align: justify;\">Es tractava d\u2019inventar-nos la hist\u00f2ria d\u2019una persona: de quan era un nad\u00f3, quan tenia la nostra edat i quan era adulta. Tamb\u00e9 hav\u00edem de decidir quin tipus de fam\u00edlia crearia.<\/p>\n<p style=\"text-align: justify;\">El nostre grup vam parlar d\u2019una noia inventada que es deia Marta. L\u2019altre grup va escollir un noi que es va dir Albert. Vam presentar la historia a l\u2019altre grup.<br \/>\nTamb\u00e9 ens van ensenyar unes imatges de personatges famosos i hav\u00edem d\u2019endevinar a que es dedicaven.<br \/>\nVam acabar parlant de la igualtat de g\u00e8nere, i ens van regalar unes ulleres de sol amb la motllura de color lila.<\/p>\n<p style=\"text-align: justify;\">Va ser una experi\u00e8ncia molt maca!!<\/p>\n<p style=\"text-align: justify;\">Cliqueu a les ulleres per veure les fotografies!!!<\/p>\n<p><a href=\"https:\/\/agora.xtec.cat\/ceipalbirka\/general\/fotografies-taller-posat-les-ulleres-cs\/\"><img loading=\"lazy\" decoding=\"async\" class=\"aligncenter wp-image-9702\" src=\"https:\/\/agora.xtec.cat\/ceipalbirka\/wp-content\/uploads\/usu298\/2023\/11\/negre-i-lila-1.jpg\" alt=\"\" width=\"295\" height=\"130\" srcset=\"https:\/\/agora.xtec.cat\/ceipalbirka\/wp-content\/uploads\/usu298\/2023\/11\/negre-i-lila-1.jpg 974w, https:\/\/agora.xtec.cat\/ceipalbirka\/wp-content\/uploads\/usu298\/2023\/11\/negre-i-lila-1-300x132.jpg 300w, https:\/\/agora.xtec.cat\/ceipalbirka\/wp-content\/uploads\/usu298\/2023\/11\/negre-i-lila-1-768x339.jpg 768w\" sizes=\"auto, (max-width: 295px) 100vw, 295px\" \/><\/a><\/p>\n","protected":false},"excerpt":{"rendered":"<p>Divendres passat, dia 24, al demat\u00ed vam fer el Taller \u201cPosa\u2019t les ulleres\u201d. La Cristina i la Neus, ens van distribuir en dos grups, ens van donar un full DIN A3 i unes etiquetes.<br \/>\nEs tractava d\u2019inventar-nos la hist\u00f2ria d\u2019una persona: de quan era un nad\u00f3,&hellip;  <a href=\"https:\/\/agora.xtec.cat\/ceipalbirka\/general\/taller-posat-les-ulleres-cs\/\" title=\"Read TALLER POSA&#8217;T LES ULLERES (CS)\">Llegeix m\u00e9s\u00bb<\/a><\/p>\n","protected":false},"author":4,"featured_media":9704,"comment_status":"closed","ping_status":"closed","sticky":false,"template":"","format":"standard","meta":{"_bbp_topic_count":0,"_bbp_reply_count":0,"_bbp_total_topic_count":0,"_bbp_total_reply_count":0,"_bbp_voice_count":0,"_bbp_anonymous_reply_count":0,"_bbp_topic_count_hidden":0,"_bbp_reply_count_hidden":0,"_bbp_forum_subforum_count":0,"footnotes":""},"categories":[21,14,41,1,4,75],"tags":[],"class_list":["post-9700","post","type-post","status-publish","format-standard","has-post-thumbnail","hentry","category-activitats-generals","category-cicle-superior","category-primaria","category-general","category-portada","category-telegram"],"post_mailing_queue_ids":[],"_links":{"self":[{"href":"https:\/\/agora.xtec.cat\/ceipalbirka\/wp-json\/wp\/v2\/posts\/9700","targetHints":{"allow":["GET"]}}],"collection":[{"href":"https:\/\/agora.xtec.cat\/ceipalbirka\/wp-json\/wp\/v2\/posts"}],"about":[{"href":"https:\/\/agora.xtec.cat\/ceipalbirka\/wp-json\/wp\/v2\/types\/post"}],"author":[{"embeddable":true,"href":"https:\/\/agora.xtec.cat\/ceipalbirka\/wp-json\/wp\/v2\/users\/4"}],"replies":[{"embeddable":true,"href":"https:\/\/agora.xtec.cat\/ceipalbirka\/wp-json\/wp\/v2\/comments?post=9700"}],"version-history":[{"count":1,"href":"https:\/\/agora.xtec.cat\/ceipalbirka\/wp-json\/wp\/v2\/posts\/9700\/revisions"}],"predecessor-version":[{"id":9703,"href":"https:\/\/agora.xtec.cat\/ceipalbirka\/wp-json\/wp\/v2\/posts\/9700\/revisions\/9703"}],"wp:featuredmedia":[{"embeddable":true,"href":"https:\/\/agora.xtec.cat\/ceipalbirka\/wp-json\/wp\/v2\/media\/9704"}],"wp:attachment":[{"href":"https:\/\/agora.xtec.cat\/ceipalbirka\/wp-json\/wp\/v2\/media?parent=9700"}],"wp:term":[{"taxonomy":"category","embeddable":true,"href":"https:\/\/agora.xtec.cat\/ceipalbirka\/wp-json\/wp\/v2\/categories?post=9700"},{"taxonomy":"post_tag","embeddable":true,"href":"https:\/\/agora.xtec.cat\/ceipalbirka\/wp-json\/wp\/v2\/tags?post=9700"}],"curies":[{"name":"wp","href":"https:\/\/api.w.org\/{rel}","templated":true}]}}