{"id":9691,"date":"2023-11-27T10:06:19","date_gmt":"2023-11-27T09:06:19","guid":{"rendered":"https:\/\/agora.xtec.cat\/ceipalbirka\/?p=9691"},"modified":"2023-11-27T10:12:03","modified_gmt":"2023-11-27T09:12:03","slug":"1a-jornada-desport-i-familia","status":"publish","type":"post","link":"https:\/\/agora.xtec.cat\/ceipalbirka\/general\/1a-jornada-desport-i-familia\/","title":{"rendered":"1a JORNADA D&#8217;ESPORT I FAM\u00cdLIA"},"content":{"rendered":"<p style=\"font-weight: 400; text-align: justify;\">Hola fam\u00edlies, us fem arribar les jornades del JEEC del Desembre juntament amb la primera jornada d\u2019esport i fam\u00edlia que farem a Juneda.<\/p>\n<p style=\"font-weight: 400; text-align: justify;\">Les inscripcions de la jornada d\u2019esport i fam\u00edlia s&#8217;hauran de fer directament a trav\u00e9s del codi QR del cartell o el seg\u00fcent enlla\u00e7:<\/p>\n<p style=\"font-weight: 400; text-align: justify;\"><strong><a href=\"https:\/\/forms.gle\/jvFPeeKo9jw47kFC7\" data-saferedirecturl=\"https:\/\/www.google.com\/url?q=https:\/\/forms.gle\/jvFPeeKo9jw47kFC7&amp;source=gmail&amp;ust=1701160283384000&amp;usg=AOvVaw1U_0DCeRLwXgGeFfUF3KMl\">https:\/\/forms.gle\/jvFPeeKo9jw47kFC7<\/a><\/strong><\/p>\n<p style=\"text-align: justify;\">Tamb\u00e9 us deixem les jornades esportives del mes de desembre, que cal omplir amb el formulari de sempre.<\/p>\n<p><a href=\"https:\/\/agora.xtec.cat\/ceipalbirka\/wp-content\/uploads\/usu298\/2023\/11\/JORNADES-DESEMBRE-2023.pdf\">JORNADES DESEMBRE 2023<\/a><\/p>\n<p><a href=\"https:\/\/agora.xtec.cat\/ceipalbirka\/wp-content\/uploads\/usu298\/2023\/11\/SACOSTA-EL-NADAL.png\"><img loading=\"lazy\" decoding=\"async\" class=\"aligncenter size-large wp-image-9693\" src=\"https:\/\/agora.xtec.cat\/ceipalbirka\/wp-content\/uploads\/usu298\/2023\/11\/SACOSTA-EL-NADAL-724x1024.png\" alt=\"\" width=\"724\" height=\"1024\" srcset=\"https:\/\/agora.xtec.cat\/ceipalbirka\/wp-content\/uploads\/usu298\/2023\/11\/SACOSTA-EL-NADAL-724x1024.png 724w, https:\/\/agora.xtec.cat\/ceipalbirka\/wp-content\/uploads\/usu298\/2023\/11\/SACOSTA-EL-NADAL-212x300.png 212w, https:\/\/agora.xtec.cat\/ceipalbirka\/wp-content\/uploads\/usu298\/2023\/11\/SACOSTA-EL-NADAL-768x1086.png 768w, https:\/\/agora.xtec.cat\/ceipalbirka\/wp-content\/uploads\/usu298\/2023\/11\/SACOSTA-EL-NADAL-1086x1536.png 1086w, https:\/\/agora.xtec.cat\/ceipalbirka\/wp-content\/uploads\/usu298\/2023\/11\/SACOSTA-EL-NADAL-1448x2048.png 1448w, https:\/\/agora.xtec.cat\/ceipalbirka\/wp-content\/uploads\/usu298\/2023\/11\/SACOSTA-EL-NADAL.png 1587w\" sizes=\"auto, (max-width: 724px) 100vw, 724px\" \/><\/a><\/p>\n","protected":false},"excerpt":{"rendered":"<p>Hola fam\u00edlies, us fem arribar les jornades del JEEC del Desembre juntament amb la primera jornada d\u2019esport i fam\u00edlia que farem a Juneda.<br \/>\nLes inscripcions de la jornada d\u2019esport i fam\u00edlia s&#8217;hauran de fer directament a trav\u00e9s del codi QR del cartell o el seg\u00fcent enlla\u00e7:<br \/>\n<a&hellip;  <a href=\"https:\/\/agora.xtec.cat\/ceipalbirka\/general\/1a-jornada-desport-i-familia\/\" title=\"Read 1a JORNADA D&#8217;ESPORT I FAM\u00cdLIA\">Llegeix m\u00e9s\u00bb<\/a><\/p>\n","protected":false},"author":4,"featured_media":9689,"comment_status":"closed","ping_status":"closed","sticky":false,"template":"","format":"standard","meta":{"_bbp_topic_count":0,"_bbp_reply_count":0,"_bbp_total_topic_count":0,"_bbp_total_reply_count":0,"_bbp_voice_count":0,"_bbp_anonymous_reply_count":0,"_bbp_topic_count_hidden":0,"_bbp_reply_count_hidden":0,"_bbp_forum_subforum_count":0,"footnotes":""},"categories":[21,7,10,12,14,40,41,35,24,1,25,4,75],"tags":[],"class_list":["post-9691","post","type-post","status-publish","format-standard","has-post-thumbnail","hentry","category-activitats-generals","category-ampa","category-cicle-inicial","category-cicle-mitja","category-cicle-superior","category-infantil","category-primaria","category-educacio-fisica","category-els-oficis","category-general","category-informacions","category-portada","category-telegram"],"post_mailing_queue_ids":[],"_links":{"self":[{"href":"https:\/\/agora.xtec.cat\/ceipalbirka\/wp-json\/wp\/v2\/posts\/9691","targetHints":{"allow":["GET"]}}],"collection":[{"href":"https:\/\/agora.xtec.cat\/ceipalbirka\/wp-json\/wp\/v2\/posts"}],"about":[{"href":"https:\/\/agora.xtec.cat\/ceipalbirka\/wp-json\/wp\/v2\/types\/post"}],"author":[{"embeddable":true,"href":"https:\/\/agora.xtec.cat\/ceipalbirka\/wp-json\/wp\/v2\/users\/4"}],"replies":[{"embeddable":true,"href":"https:\/\/agora.xtec.cat\/ceipalbirka\/wp-json\/wp\/v2\/comments?post=9691"}],"version-history":[{"count":3,"href":"https:\/\/agora.xtec.cat\/ceipalbirka\/wp-json\/wp\/v2\/posts\/9691\/revisions"}],"predecessor-version":[{"id":9697,"href":"https:\/\/agora.xtec.cat\/ceipalbirka\/wp-json\/wp\/v2\/posts\/9691\/revisions\/9697"}],"wp:featuredmedia":[{"embeddable":true,"href":"https:\/\/agora.xtec.cat\/ceipalbirka\/wp-json\/wp\/v2\/media\/9689"}],"wp:attachment":[{"href":"https:\/\/agora.xtec.cat\/ceipalbirka\/wp-json\/wp\/v2\/media?parent=9691"}],"wp:term":[{"taxonomy":"category","embeddable":true,"href":"https:\/\/agora.xtec.cat\/ceipalbirka\/wp-json\/wp\/v2\/categories?post=9691"},{"taxonomy":"post_tag","embeddable":true,"href":"https:\/\/agora.xtec.cat\/ceipalbirka\/wp-json\/wp\/v2\/tags?post=9691"}],"curies":[{"name":"wp","href":"https:\/\/api.w.org\/{rel}","templated":true}]}}