{"id":9687,"date":"2023-11-27T09:59:43","date_gmt":"2023-11-27T08:59:43","guid":{"rendered":"https:\/\/agora.xtec.cat\/ceipalbirka\/?p=9687"},"modified":"2023-11-27T10:06:35","modified_gmt":"2023-11-27T09:06:35","slug":"activitat-fisica-en-familia","status":"publish","type":"post","link":"https:\/\/agora.xtec.cat\/ceipalbirka\/general\/activitat-fisica-en-familia\/","title":{"rendered":"PRESENTACI\u00d3 ACTIVITAT F\u00cdSICA EN FAM\u00cdLIA"},"content":{"rendered":"<p style=\"font-weight: 400;\">Bon dia,<\/p>\n<p style=\"font-weight: 400;\">Des del\u00a0<strong>Consell Esportiu de les Garrigues<\/strong>\u00a0us fem arribar una nova proposta\u00a0<strong>d\u2019activitat f\u00edsica en fam\u00edlia<\/strong>, anomenada\u00a0<strong>COL\u00b7LECCIONA LA TEVA XAPA!<\/strong><\/p>\n<p style=\"font-weight: 400; text-align: justify;\"><strong>Col\u00b7lecciona la teva xapa!<\/strong>\u00a0\u00c9s un nou projecte que va\u00a0<strong>destinat a les fam\u00edlies.<\/strong><\/p>\n<p style=\"font-weight: 400; text-align: justify;\">Aquest projecte consta de\u00a0<strong>7 jornades<\/strong>, una per mes, iniciant la primera al mes de desembre i la darrera al mes de juny. Amb\u00a0<strong>l&#8217;objectiu de fomentar l&#8217;activitat f\u00edsica en fam\u00edlia tot coneixent municipis i espais de la nostra comarca.<\/strong><\/p>\n<p style=\"font-weight: 400; text-align: justify;\">A cada jornada es realitzar\u00e0 una activitat diferent i es donar\u00e0 una xapa a\u00a0cada infant,\u00a0amb l&#8217;objectiu d&#8217;aconseguir-ne les m\u00e0ximes possibles. A l&#8217;\u00faltima jornada, la de cloenda, es donar\u00e0 un petit detall segons el nombre de jornades que cada fam\u00edlia hagi realitzat.<\/p>\n<p style=\"font-weight: 400; text-align: justify;\">Les jornades es realitzaran en\u00a0<strong>dissabte o diumenge a diferents pobles de les Garrigues<\/strong>\u00a0i tindr\u00e0 un\u00a0<strong>preu de 10\u20ac per jornada i fam\u00edlia<\/strong>, excepte alguna d&#8217;extra (dins de les 7) que es far\u00e0 fora de la comarca i el preu variar\u00e0 segons l&#8217;activitat que sigui.<\/p>\n<p style=\"font-weight: 400; text-align: justify;\">L&#8217;horari previst \u00e9s que les activitats comencin a les\u00a0<strong>10h<\/strong>\u00a0del mat\u00ed a la poblaci\u00f3 marcada. L&#8217;edat recomanada \u00e9s\u00a0<strong>d\u2019I3 a 6\u00e8 de prim\u00e0ria<\/strong>, tot i que no vol dir que no puguin assistir nens\/es menors o majors d&#8217;aquesta edat (es recomana contactar abans).<\/p>\n<p style=\"font-weight: 400; text-align: justify;\">Als documents adjunts hi trobareu un cartell amb les 7 jornades que estan programades per aquest curs 23-24. Les dates exactes de cada jornada us les enviarem el mes abans, juntament amb les jornades del JEEC (jocs esportius escolars de Catalunya) que us envien des de l\u2019escola, on tamb\u00e9 hi adjuntarem un cartell explicatiu de la jornada.<\/p>\n<p style=\"font-weight: 400; text-align: justify;\">Les\u00a0<strong>inscripcions<\/strong>\u00a0es faran a trav\u00e9s d&#8217;un\u00a0<strong>formulari<\/strong>\u00a0que us farem arribar a trav\u00e9s del correu electr\u00f2nic juntament amb la informaci\u00f3 esmentada anteriorment. La inscripci\u00f3 s&#8217;haur\u00e0 de fer per a cada jornada i en el moment de fer-la es demanar\u00e0 adjuntar el comprovant del pagament.<\/p>\n<p style=\"font-weight: 400; text-align: justify;\">Animeu-vos i apunteu-vos per gaudir de l&#8217;esport en fam\u00edlia!!!!<\/p>\n<p style=\"font-weight: 400; text-align: justify;\">Per qualsevol dubte estem a la vostra disposici\u00f3.<\/p>\n<p style=\"font-weight: 400; text-align: justify;\">Salutacions.<a href=\"https:\/\/agora.xtec.cat\/ceipalbirka\/wp-content\/uploads\/usu298\/2023\/11\/COL\u00b7LECCIONA-LA-TEVA-XAPA.jpg\"><img loading=\"lazy\" decoding=\"async\" class=\"aligncenter wp-image-9688\" src=\"https:\/\/agora.xtec.cat\/ceipalbirka\/wp-content\/uploads\/usu298\/2023\/11\/COL\u00b7LECCIONA-LA-TEVA-XAPA-724x1024.jpg\" alt=\"\" width=\"807\" height=\"1141\" srcset=\"https:\/\/agora.xtec.cat\/ceipalbirka\/wp-content\/uploads\/usu298\/2023\/11\/COL\u00b7LECCIONA-LA-TEVA-XAPA-724x1024.jpg 724w, https:\/\/agora.xtec.cat\/ceipalbirka\/wp-content\/uploads\/usu298\/2023\/11\/COL\u00b7LECCIONA-LA-TEVA-XAPA-212x300.jpg 212w, https:\/\/agora.xtec.cat\/ceipalbirka\/wp-content\/uploads\/usu298\/2023\/11\/COL\u00b7LECCIONA-LA-TEVA-XAPA-768x1086.jpg 768w, https:\/\/agora.xtec.cat\/ceipalbirka\/wp-content\/uploads\/usu298\/2023\/11\/COL\u00b7LECCIONA-LA-TEVA-XAPA-1086x1536.jpg 1086w, https:\/\/agora.xtec.cat\/ceipalbirka\/wp-content\/uploads\/usu298\/2023\/11\/COL\u00b7LECCIONA-LA-TEVA-XAPA-1448x2048.jpg 1448w, https:\/\/agora.xtec.cat\/ceipalbirka\/wp-content\/uploads\/usu298\/2023\/11\/COL\u00b7LECCIONA-LA-TEVA-XAPA.jpg 1587w\" sizes=\"auto, (max-width: 807px) 100vw, 807px\" \/><\/a><\/p>\n<p style=\"font-weight: 400;\">\n","protected":false},"excerpt":{"rendered":"<p>Bon dia,<br \/>\nDes del\u00a0Consell Esportiu de les Garrigues\u00a0us fem arribar una nova proposta\u00a0d\u2019activitat f\u00edsica en fam\u00edlia, anomenada\u00a0COL\u00b7LECCIONA LA TEVA XAPA!<br \/>\nCol\u00b7lecciona la teva xapa!\u00a0\u00c9s un nou projecte que va\u00a0destinat a les fam\u00edlies.<br \/>\nAquest projecte consta de\u00a07 jornades, una per mes, iniciant la primera al mes de desembre i&hellip;  <a href=\"https:\/\/agora.xtec.cat\/ceipalbirka\/general\/activitat-fisica-en-familia\/\" title=\"Read PRESENTACI\u00d3 ACTIVITAT F\u00cdSICA EN FAM\u00cdLIA\">Llegeix m\u00e9s\u00bb<\/a><\/p>\n","protected":false},"author":4,"featured_media":9689,"comment_status":"closed","ping_status":"closed","sticky":false,"template":"","format":"standard","meta":{"_bbp_topic_count":0,"_bbp_reply_count":0,"_bbp_total_topic_count":0,"_bbp_total_reply_count":0,"_bbp_voice_count":0,"_bbp_anonymous_reply_count":0,"_bbp_topic_count_hidden":0,"_bbp_reply_count_hidden":0,"_bbp_forum_subforum_count":0,"footnotes":""},"categories":[21,10,12,14,40,41,38,35,1,25,37,4,75],"tags":[],"class_list":["post-9687","post","type-post","status-publish","format-standard","has-post-thumbnail","hentry","category-activitats-generals","category-cicle-inicial","category-cicle-mitja","category-cicle-superior","category-infantil","category-primaria","category-educacio-especial","category-educacio-fisica","category-general","category-informacions","category-musica","category-portada","category-telegram"],"post_mailing_queue_ids":[],"_links":{"self":[{"href":"https:\/\/agora.xtec.cat\/ceipalbirka\/wp-json\/wp\/v2\/posts\/9687","targetHints":{"allow":["GET"]}}],"collection":[{"href":"https:\/\/agora.xtec.cat\/ceipalbirka\/wp-json\/wp\/v2\/posts"}],"about":[{"href":"https:\/\/agora.xtec.cat\/ceipalbirka\/wp-json\/wp\/v2\/types\/post"}],"author":[{"embeddable":true,"href":"https:\/\/agora.xtec.cat\/ceipalbirka\/wp-json\/wp\/v2\/users\/4"}],"replies":[{"embeddable":true,"href":"https:\/\/agora.xtec.cat\/ceipalbirka\/wp-json\/wp\/v2\/comments?post=9687"}],"version-history":[{"count":2,"href":"https:\/\/agora.xtec.cat\/ceipalbirka\/wp-json\/wp\/v2\/posts\/9687\/revisions"}],"predecessor-version":[{"id":9696,"href":"https:\/\/agora.xtec.cat\/ceipalbirka\/wp-json\/wp\/v2\/posts\/9687\/revisions\/9696"}],"wp:featuredmedia":[{"embeddable":true,"href":"https:\/\/agora.xtec.cat\/ceipalbirka\/wp-json\/wp\/v2\/media\/9689"}],"wp:attachment":[{"href":"https:\/\/agora.xtec.cat\/ceipalbirka\/wp-json\/wp\/v2\/media?parent=9687"}],"wp:term":[{"taxonomy":"category","embeddable":true,"href":"https:\/\/agora.xtec.cat\/ceipalbirka\/wp-json\/wp\/v2\/categories?post=9687"},{"taxonomy":"post_tag","embeddable":true,"href":"https:\/\/agora.xtec.cat\/ceipalbirka\/wp-json\/wp\/v2\/tags?post=9687"}],"curies":[{"name":"wp","href":"https:\/\/api.w.org\/{rel}","templated":true}]}}