{"id":9646,"date":"2023-11-08T11:58:36","date_gmt":"2023-11-08T10:58:36","guid":{"rendered":"https:\/\/agora.xtec.cat\/ceipalbirka\/?p=9646"},"modified":"2023-11-08T11:58:36","modified_gmt":"2023-11-08T10:58:36","slug":"spiderman-challenge-primaria","status":"publish","type":"post","link":"https:\/\/agora.xtec.cat\/ceipalbirka\/general\/spiderman-challenge-primaria\/","title":{"rendered":"SPIDERMAN CHALLENGE (Prim\u00e0ria)"},"content":{"rendered":"<p style=\"text-align: justify;\">El passat divendres 3 de novembre, va tindre lloc, des de l&#8217;\u00e0rea d&#8217;Educaci\u00f3 F\u00edsica, la ja tradicional competici\u00f3 de l&#8217;Spiderman Challenge de l&#8217;Escola Albirka. Una prova en la que una bona combinaci\u00f3 entre velocitat i agilitat et portaran a l&#8217;\u00e8xit.<\/p>\n<p style=\"text-align: justify;\">Aquest curs s&#8217;ha sumat a la competici\u00f3 l&#8217;alumnat de Cicle Inicial, fent aix\u00ed que tota l&#8217;Educaci\u00f3 Prim\u00e0ria en sigui part\u00edcip.<\/p>\n<p style=\"text-align: justify;\">Ha estat molt maco i emocionant a la vegada veure que dins un ambient competitiu hi hagi un clima tan positiu.<\/p>\n<p>Seguirem amb aquesta tradici\u00f3, que tan agrada a tots els alumnes, en els propers cursos!!<\/p>\n<p style=\"text-align: justify;\">Si voleu veure els v\u00eddeos i les imatges, feu CLIC a l&#8217;Spiderman.<\/p>\n<p><a href=\"https:\/\/agora.xtec.cat\/ceipalbirka\/general\/fotografies-spiderman-challenge\/\"><img loading=\"lazy\" decoding=\"async\" class=\"aligncenter  wp-image-9648\" src=\"https:\/\/agora.xtec.cat\/ceipalbirka\/wp-content\/uploads\/usu298\/2023\/11\/a371d0da1497ed29db090f69bb767782.jpg\" alt=\"\" width=\"231\" height=\"231\" srcset=\"https:\/\/agora.xtec.cat\/ceipalbirka\/wp-content\/uploads\/usu298\/2023\/11\/a371d0da1497ed29db090f69bb767782.jpg 500w, https:\/\/agora.xtec.cat\/ceipalbirka\/wp-content\/uploads\/usu298\/2023\/11\/a371d0da1497ed29db090f69bb767782-300x300.jpg 300w, https:\/\/agora.xtec.cat\/ceipalbirka\/wp-content\/uploads\/usu298\/2023\/11\/a371d0da1497ed29db090f69bb767782-150x150.jpg 150w\" sizes=\"auto, (max-width: 231px) 100vw, 231px\" \/><\/a><\/p>\n","protected":false},"excerpt":{"rendered":"<p>El passat divendres 3 de novembre, va tindre lloc, des de l&#8217;\u00e0rea d&#8217;Educaci\u00f3 F\u00edsica, la ja tradicional competici\u00f3 de l&#8217;Spiderman Challenge de l&#8217;Escola Albirka. Una prova en la que una bona combinaci\u00f3 entre velocitat i agilitat et portaran a l&#8217;\u00e8xit.<br \/>\nAquest curs s&#8217;ha sumat a la&hellip;  <a href=\"https:\/\/agora.xtec.cat\/ceipalbirka\/general\/spiderman-challenge-primaria\/\" title=\"Read SPIDERMAN CHALLENGE (Prim\u00e0ria)\">Llegeix m\u00e9s\u00bb<\/a><\/p>\n","protected":false},"author":4,"featured_media":9647,"comment_status":"closed","ping_status":"closed","sticky":false,"template":"","format":"standard","meta":{"_bbp_topic_count":0,"_bbp_reply_count":0,"_bbp_total_topic_count":0,"_bbp_total_reply_count":0,"_bbp_voice_count":0,"_bbp_anonymous_reply_count":0,"_bbp_topic_count_hidden":0,"_bbp_reply_count_hidden":0,"_bbp_forum_subforum_count":0,"footnotes":""},"categories":[21,10,12,14,41,35,1,25,4,75],"tags":[],"class_list":["post-9646","post","type-post","status-publish","format-standard","has-post-thumbnail","hentry","category-activitats-generals","category-cicle-inicial","category-cicle-mitja","category-cicle-superior","category-primaria","category-educacio-fisica","category-general","category-informacions","category-portada","category-telegram"],"post_mailing_queue_ids":[],"_links":{"self":[{"href":"https:\/\/agora.xtec.cat\/ceipalbirka\/wp-json\/wp\/v2\/posts\/9646","targetHints":{"allow":["GET"]}}],"collection":[{"href":"https:\/\/agora.xtec.cat\/ceipalbirka\/wp-json\/wp\/v2\/posts"}],"about":[{"href":"https:\/\/agora.xtec.cat\/ceipalbirka\/wp-json\/wp\/v2\/types\/post"}],"author":[{"embeddable":true,"href":"https:\/\/agora.xtec.cat\/ceipalbirka\/wp-json\/wp\/v2\/users\/4"}],"replies":[{"embeddable":true,"href":"https:\/\/agora.xtec.cat\/ceipalbirka\/wp-json\/wp\/v2\/comments?post=9646"}],"version-history":[{"count":2,"href":"https:\/\/agora.xtec.cat\/ceipalbirka\/wp-json\/wp\/v2\/posts\/9646\/revisions"}],"predecessor-version":[{"id":9650,"href":"https:\/\/agora.xtec.cat\/ceipalbirka\/wp-json\/wp\/v2\/posts\/9646\/revisions\/9650"}],"wp:featuredmedia":[{"embeddable":true,"href":"https:\/\/agora.xtec.cat\/ceipalbirka\/wp-json\/wp\/v2\/media\/9647"}],"wp:attachment":[{"href":"https:\/\/agora.xtec.cat\/ceipalbirka\/wp-json\/wp\/v2\/media?parent=9646"}],"wp:term":[{"taxonomy":"category","embeddable":true,"href":"https:\/\/agora.xtec.cat\/ceipalbirka\/wp-json\/wp\/v2\/categories?post=9646"},{"taxonomy":"post_tag","embeddable":true,"href":"https:\/\/agora.xtec.cat\/ceipalbirka\/wp-json\/wp\/v2\/tags?post=9646"}],"curies":[{"name":"wp","href":"https:\/\/api.w.org\/{rel}","templated":true}]}}