{"id":9606,"date":"2023-11-06T09:40:26","date_gmt":"2023-11-06T08:40:26","guid":{"rendered":"https:\/\/agora.xtec.cat\/ceipalbirka\/?p=9606"},"modified":"2023-11-06T09:40:26","modified_gmt":"2023-11-06T08:40:26","slug":"lescola-albirka-visita-el-padel-arbeca-primaria","status":"publish","type":"post","link":"https:\/\/agora.xtec.cat\/ceipalbirka\/general\/lescola-albirka-visita-el-padel-arbeca-primaria\/","title":{"rendered":"L&#8217;ESCOLA ALBIRKA VISITA EL P\u00c0DEL ARBECA! (Prim\u00e0ria)"},"content":{"rendered":"<p style=\"text-align: justify;\">Els alumnes de Prim\u00e0ria de l&#8217;Escola Albirka hem visitat les instal\u00b7lacions del P\u00e0del Arbeca, i el Dani ens ha fet una sessi\u00f3 de familiaritzaci\u00f3\/iniciaci\u00f3 al P\u00e0del, que la vam gaudir al m\u00e0xim!!!<\/p>\n<p style=\"text-align: justify;\">Podeu veure totes les fotografies fent CLIC a la imatge!!!<\/p>\n<p><a href=\"https:\/\/agora.xtec.cat\/ceipalbirka\/general\/fotografies-escola-albirka-al-padel-arbeca-primaria\/\"><img loading=\"lazy\" decoding=\"async\" class=\"aligncenter size-full wp-image-9630\" src=\"https:\/\/agora.xtec.cat\/ceipalbirka\/wp-content\/uploads\/usu298\/2023\/10\/Captura-de-pantalla-2023-10-24-150301-2.png\" alt=\"\" width=\"223\" height=\"212\" \/><\/a><\/p>\n","protected":false},"excerpt":{"rendered":"<p>Els alumnes de Prim\u00e0ria de l&#8217;Escola Albirka hem visitat les instal\u00b7lacions del P\u00e0del Arbeca, i el Dani ens ha fet una sessi\u00f3 de familiaritzaci\u00f3\/iniciaci\u00f3 al P\u00e0del, que la vam gaudir al m\u00e0xim!!!<br \/>\nPodeu veure totes les fotografies fent CLIC a la imatge!!!<br \/>\n<a href=\"https:\/\/agora.xtec.cat\/ceipalbirka\/general\/fotografies-escola-albirka-al-padel-arbeca-primaria\/\"><\/a><\/p>\n","protected":false},"author":4,"featured_media":0,"comment_status":"closed","ping_status":"closed","sticky":false,"template":"","format":"standard","meta":{"_bbp_topic_count":0,"_bbp_reply_count":0,"_bbp_total_topic_count":0,"_bbp_total_reply_count":0,"_bbp_voice_count":0,"_bbp_anonymous_reply_count":0,"_bbp_topic_count_hidden":0,"_bbp_reply_count_hidden":0,"_bbp_forum_subforum_count":0,"footnotes":""},"categories":[10,12,14,41,35,24,1,25,4,75],"tags":[],"class_list":["post-9606","post","type-post","status-publish","format-standard","hentry","category-cicle-inicial","category-cicle-mitja","category-cicle-superior","category-primaria","category-educacio-fisica","category-els-oficis","category-general","category-informacions","category-portada","category-telegram"],"post_mailing_queue_ids":[],"_links":{"self":[{"href":"https:\/\/agora.xtec.cat\/ceipalbirka\/wp-json\/wp\/v2\/posts\/9606","targetHints":{"allow":["GET"]}}],"collection":[{"href":"https:\/\/agora.xtec.cat\/ceipalbirka\/wp-json\/wp\/v2\/posts"}],"about":[{"href":"https:\/\/agora.xtec.cat\/ceipalbirka\/wp-json\/wp\/v2\/types\/post"}],"author":[{"embeddable":true,"href":"https:\/\/agora.xtec.cat\/ceipalbirka\/wp-json\/wp\/v2\/users\/4"}],"replies":[{"embeddable":true,"href":"https:\/\/agora.xtec.cat\/ceipalbirka\/wp-json\/wp\/v2\/comments?post=9606"}],"version-history":[{"count":1,"href":"https:\/\/agora.xtec.cat\/ceipalbirka\/wp-json\/wp\/v2\/posts\/9606\/revisions"}],"predecessor-version":[{"id":9631,"href":"https:\/\/agora.xtec.cat\/ceipalbirka\/wp-json\/wp\/v2\/posts\/9606\/revisions\/9631"}],"wp:attachment":[{"href":"https:\/\/agora.xtec.cat\/ceipalbirka\/wp-json\/wp\/v2\/media?parent=9606"}],"wp:term":[{"taxonomy":"category","embeddable":true,"href":"https:\/\/agora.xtec.cat\/ceipalbirka\/wp-json\/wp\/v2\/categories?post=9606"},{"taxonomy":"post_tag","embeddable":true,"href":"https:\/\/agora.xtec.cat\/ceipalbirka\/wp-json\/wp\/v2\/tags?post=9606"}],"curies":[{"name":"wp","href":"https:\/\/api.w.org\/{rel}","templated":true}]}}