{"id":9593,"date":"2023-10-17T15:38:01","date_gmt":"2023-10-17T13:38:01","guid":{"rendered":"https:\/\/agora.xtec.cat\/ceipalbirka\/?p=9593"},"modified":"2023-10-17T15:42:48","modified_gmt":"2023-10-17T13:42:48","slug":"activitats-mes-doctubre","status":"publish","type":"post","link":"https:\/\/agora.xtec.cat\/ceipalbirka\/general\/activitats-mes-doctubre\/","title":{"rendered":"ACTIVITATS MES D&#8217;OCTUBRE!!!"},"content":{"rendered":"<p style=\"text-align: justify;\">Per aquest mes d&#8217;octubre, hi ha programades v\u00e0ries activitats. Aquest cap de setmana t\u00e9 lloc el Cros de la Pobla de Segur. I de cara a la setmana vinent, el dissabte 28 d&#8217;octubre, hi ha una <em><strong>jornada atl\u00e8tica a les pistes d&#8217;atletisme d&#8217;Arbeca<\/strong><\/em>, per a l&#8217;alumnat de prim\u00e0ria. En les dues activitats, s&#8217;ha de fer arribar la inscripci\u00f3 al mestre d&#8217;Educaci\u00f3 F\u00edsica o al tutor corresponent.<\/p>\n<p style=\"text-align: justify;\">Des de l&#8217;escola i des de l&#8217;\u00e0rea d&#8217;Educaci\u00f3 F\u00edsica us animem a participar!!!<\/p>\n<p><a href=\"https:\/\/circuitescolardecroslleida.blogspot.com\">https:\/\/circuitescolardecroslleida.blogspot.com<\/a><\/p>\n<p><a href=\"https:\/\/agora.xtec.cat\/ceipalbirka\/wp-content\/uploads\/usu298\/2023\/10\/Captura-de-pantalla-2023-10-17-a-las-15.28.18.png\"><br \/>\n<img loading=\"lazy\" decoding=\"async\" class=\"aligncenter size-large wp-image-9594\" src=\"https:\/\/agora.xtec.cat\/ceipalbirka\/wp-content\/uploads\/usu298\/2023\/10\/Captura-de-pantalla-2023-10-17-a-las-15.28.18-1024x724.png\" alt=\"\" width=\"1024\" height=\"724\" srcset=\"https:\/\/agora.xtec.cat\/ceipalbirka\/wp-content\/uploads\/usu298\/2023\/10\/Captura-de-pantalla-2023-10-17-a-las-15.28.18-1024x724.png 1024w, https:\/\/agora.xtec.cat\/ceipalbirka\/wp-content\/uploads\/usu298\/2023\/10\/Captura-de-pantalla-2023-10-17-a-las-15.28.18-300x212.png 300w, https:\/\/agora.xtec.cat\/ceipalbirka\/wp-content\/uploads\/usu298\/2023\/10\/Captura-de-pantalla-2023-10-17-a-las-15.28.18-768x543.png 768w, https:\/\/agora.xtec.cat\/ceipalbirka\/wp-content\/uploads\/usu298\/2023\/10\/Captura-de-pantalla-2023-10-17-a-las-15.28.18-1536x1086.png 1536w, https:\/\/agora.xtec.cat\/ceipalbirka\/wp-content\/uploads\/usu298\/2023\/10\/Captura-de-pantalla-2023-10-17-a-las-15.28.18.png 1592w\" sizes=\"auto, (max-width: 1024px) 100vw, 1024px\" \/><\/a> <a href=\"https:\/\/agora.xtec.cat\/ceipalbirka\/wp-content\/uploads\/usu298\/2023\/10\/Captura-de-pantalla-2023-10-17-a-las-15.28.29.png\"><img loading=\"lazy\" decoding=\"async\" class=\"aligncenter size-large wp-image-9595\" src=\"https:\/\/agora.xtec.cat\/ceipalbirka\/wp-content\/uploads\/usu298\/2023\/10\/Captura-de-pantalla-2023-10-17-a-las-15.28.29-1024x725.png\" alt=\"\" width=\"1024\" height=\"725\" srcset=\"https:\/\/agora.xtec.cat\/ceipalbirka\/wp-content\/uploads\/usu298\/2023\/10\/Captura-de-pantalla-2023-10-17-a-las-15.28.29-1024x725.png 1024w, https:\/\/agora.xtec.cat\/ceipalbirka\/wp-content\/uploads\/usu298\/2023\/10\/Captura-de-pantalla-2023-10-17-a-las-15.28.29-300x212.png 300w, https:\/\/agora.xtec.cat\/ceipalbirka\/wp-content\/uploads\/usu298\/2023\/10\/Captura-de-pantalla-2023-10-17-a-las-15.28.29-768x544.png 768w, https:\/\/agora.xtec.cat\/ceipalbirka\/wp-content\/uploads\/usu298\/2023\/10\/Captura-de-pantalla-2023-10-17-a-las-15.28.29-1536x1087.png 1536w, https:\/\/agora.xtec.cat\/ceipalbirka\/wp-content\/uploads\/usu298\/2023\/10\/Captura-de-pantalla-2023-10-17-a-las-15.28.29.png 1588w\" sizes=\"auto, (max-width: 1024px) 100vw, 1024px\" \/><\/a> <a href=\"https:\/\/agora.xtec.cat\/ceipalbirka\/wp-content\/uploads\/usu298\/2023\/10\/Captura-de-pantalla-2023-10-17-a-las-15.28.50.png\"><img loading=\"lazy\" decoding=\"async\" class=\"aligncenter size-large wp-image-9596\" src=\"https:\/\/agora.xtec.cat\/ceipalbirka\/wp-content\/uploads\/usu298\/2023\/10\/Captura-de-pantalla-2023-10-17-a-las-15.28.50-1024x661.png\" alt=\"\" width=\"1024\" height=\"661\" srcset=\"https:\/\/agora.xtec.cat\/ceipalbirka\/wp-content\/uploads\/usu298\/2023\/10\/Captura-de-pantalla-2023-10-17-a-las-15.28.50-1024x661.png 1024w, https:\/\/agora.xtec.cat\/ceipalbirka\/wp-content\/uploads\/usu298\/2023\/10\/Captura-de-pantalla-2023-10-17-a-las-15.28.50-300x194.png 300w, https:\/\/agora.xtec.cat\/ceipalbirka\/wp-content\/uploads\/usu298\/2023\/10\/Captura-de-pantalla-2023-10-17-a-las-15.28.50-768x496.png 768w, https:\/\/agora.xtec.cat\/ceipalbirka\/wp-content\/uploads\/usu298\/2023\/10\/Captura-de-pantalla-2023-10-17-a-las-15.28.50-1536x992.png 1536w, https:\/\/agora.xtec.cat\/ceipalbirka\/wp-content\/uploads\/usu298\/2023\/10\/Captura-de-pantalla-2023-10-17-a-las-15.28.50.png 1592w\" sizes=\"auto, (max-width: 1024px) 100vw, 1024px\" \/><\/a><\/p>\n","protected":false},"excerpt":{"rendered":"<p>Per aquest mes d&#8217;octubre, hi ha programades v\u00e0ries activitats. Aquest cap de setmana t\u00e9 lloc el Cros de la Pobla de Segur. I de cara a la setmana vinent, el dissabte 28 d&#8217;octubre, hi ha una jornada atl\u00e8tica a les pistes d&#8217;atletisme d&#8217;Arbeca, per a&hellip;  <a href=\"https:\/\/agora.xtec.cat\/ceipalbirka\/general\/activitats-mes-doctubre\/\" title=\"Read ACTIVITATS MES D&#8217;OCTUBRE!!!\">Llegeix m\u00e9s\u00bb<\/a><\/p>\n","protected":false},"author":4,"featured_media":9597,"comment_status":"closed","ping_status":"closed","sticky":false,"template":"","format":"standard","meta":{"_bbp_topic_count":0,"_bbp_reply_count":0,"_bbp_total_topic_count":0,"_bbp_total_reply_count":0,"_bbp_voice_count":0,"_bbp_anonymous_reply_count":0,"_bbp_topic_count_hidden":0,"_bbp_reply_count_hidden":0,"_bbp_forum_subforum_count":0,"footnotes":""},"categories":[21,7,10,12,14,40,41,35,1,25,4,75],"tags":[],"class_list":["post-9593","post","type-post","status-publish","format-standard","has-post-thumbnail","hentry","category-activitats-generals","category-ampa","category-cicle-inicial","category-cicle-mitja","category-cicle-superior","category-infantil","category-primaria","category-educacio-fisica","category-general","category-informacions","category-portada","category-telegram"],"post_mailing_queue_ids":[],"_links":{"self":[{"href":"https:\/\/agora.xtec.cat\/ceipalbirka\/wp-json\/wp\/v2\/posts\/9593","targetHints":{"allow":["GET"]}}],"collection":[{"href":"https:\/\/agora.xtec.cat\/ceipalbirka\/wp-json\/wp\/v2\/posts"}],"about":[{"href":"https:\/\/agora.xtec.cat\/ceipalbirka\/wp-json\/wp\/v2\/types\/post"}],"author":[{"embeddable":true,"href":"https:\/\/agora.xtec.cat\/ceipalbirka\/wp-json\/wp\/v2\/users\/4"}],"replies":[{"embeddable":true,"href":"https:\/\/agora.xtec.cat\/ceipalbirka\/wp-json\/wp\/v2\/comments?post=9593"}],"version-history":[{"count":4,"href":"https:\/\/agora.xtec.cat\/ceipalbirka\/wp-json\/wp\/v2\/posts\/9593\/revisions"}],"predecessor-version":[{"id":9603,"href":"https:\/\/agora.xtec.cat\/ceipalbirka\/wp-json\/wp\/v2\/posts\/9593\/revisions\/9603"}],"wp:featuredmedia":[{"embeddable":true,"href":"https:\/\/agora.xtec.cat\/ceipalbirka\/wp-json\/wp\/v2\/media\/9597"}],"wp:attachment":[{"href":"https:\/\/agora.xtec.cat\/ceipalbirka\/wp-json\/wp\/v2\/media?parent=9593"}],"wp:term":[{"taxonomy":"category","embeddable":true,"href":"https:\/\/agora.xtec.cat\/ceipalbirka\/wp-json\/wp\/v2\/categories?post=9593"},{"taxonomy":"post_tag","embeddable":true,"href":"https:\/\/agora.xtec.cat\/ceipalbirka\/wp-json\/wp\/v2\/tags?post=9593"}],"curies":[{"name":"wp","href":"https:\/\/api.w.org\/{rel}","templated":true}]}}