{"id":9540,"date":"2023-10-10T12:25:04","date_gmt":"2023-10-10T10:25:04","guid":{"rendered":"https:\/\/agora.xtec.cat\/ceipalbirka\/?p=9540"},"modified":"2023-10-11T12:17:15","modified_gmt":"2023-10-11T10:17:15","slug":"comiat-anna-pi","status":"publish","type":"post","link":"https:\/\/agora.xtec.cat\/ceipalbirka\/general\/comiat-anna-pi\/","title":{"rendered":"COMIAT ANNA PI (Escola)"},"content":{"rendered":"<p style=\"text-align: justify;\">Aquest curs L&#8217;Anna Pi ha donat per finalitzada la seva etapa com a mestra i des de l&#8217;escola l&#8217;hi volem agrair i valorar, de tot cor, tot el que ens ha ensenyat i aportat. Moltes gr\u00e0cies Anna, ja saps que l&#8217;escola Albirka sempre ser\u00e0 casa teva, i t&#8217;esperarem amb els bra\u00e7os oberts sempre que ens vinguis a fer una visita!!!<\/p>\n<p style=\"text-align: justify;\">Si voleu veure un petit recull d&#8217;imatges de la festa que l&#8217;hi vam fer a l&#8217;escola, cliqueu <a href=\"https:\/\/agora.xtec.cat\/ceipalbirka\/general\/fotografies-comiat-anna-pi\/\">AQU\u00cd!!!<\/a><\/p>\n","protected":false},"excerpt":{"rendered":"<p>Aquest curs L&#8217;Anna Pi ha donat per finalitzada la seva etapa com a mestra i des de l&#8217;escola l&#8217;hi volem agrair i valorar, de tot cor, tot el que ens ha ensenyat i aportat. Moltes gr\u00e0cies Anna, ja saps que l&#8217;escola Albirka sempre ser\u00e0 casa&hellip;  <a href=\"https:\/\/agora.xtec.cat\/ceipalbirka\/general\/comiat-anna-pi\/\" title=\"Read COMIAT ANNA PI (Escola)\">Llegeix m\u00e9s\u00bb<\/a><\/p>\n","protected":false},"author":4,"featured_media":9541,"comment_status":"closed","ping_status":"closed","sticky":false,"template":"","format":"standard","meta":{"_bbp_topic_count":0,"_bbp_reply_count":0,"_bbp_total_topic_count":0,"_bbp_total_reply_count":0,"_bbp_voice_count":0,"_bbp_anonymous_reply_count":0,"_bbp_topic_count_hidden":0,"_bbp_reply_count_hidden":0,"_bbp_forum_subforum_count":0,"footnotes":""},"categories":[21,7,10,12,14,40,41,1,25,4,75],"tags":[],"class_list":["post-9540","post","type-post","status-publish","format-standard","has-post-thumbnail","hentry","category-activitats-generals","category-ampa","category-cicle-inicial","category-cicle-mitja","category-cicle-superior","category-infantil","category-primaria","category-general","category-informacions","category-portada","category-telegram"],"post_mailing_queue_ids":[],"_links":{"self":[{"href":"https:\/\/agora.xtec.cat\/ceipalbirka\/wp-json\/wp\/v2\/posts\/9540","targetHints":{"allow":["GET"]}}],"collection":[{"href":"https:\/\/agora.xtec.cat\/ceipalbirka\/wp-json\/wp\/v2\/posts"}],"about":[{"href":"https:\/\/agora.xtec.cat\/ceipalbirka\/wp-json\/wp\/v2\/types\/post"}],"author":[{"embeddable":true,"href":"https:\/\/agora.xtec.cat\/ceipalbirka\/wp-json\/wp\/v2\/users\/4"}],"replies":[{"embeddable":true,"href":"https:\/\/agora.xtec.cat\/ceipalbirka\/wp-json\/wp\/v2\/comments?post=9540"}],"version-history":[{"count":4,"href":"https:\/\/agora.xtec.cat\/ceipalbirka\/wp-json\/wp\/v2\/posts\/9540\/revisions"}],"predecessor-version":[{"id":9564,"href":"https:\/\/agora.xtec.cat\/ceipalbirka\/wp-json\/wp\/v2\/posts\/9540\/revisions\/9564"}],"wp:featuredmedia":[{"embeddable":true,"href":"https:\/\/agora.xtec.cat\/ceipalbirka\/wp-json\/wp\/v2\/media\/9541"}],"wp:attachment":[{"href":"https:\/\/agora.xtec.cat\/ceipalbirka\/wp-json\/wp\/v2\/media?parent=9540"}],"wp:term":[{"taxonomy":"category","embeddable":true,"href":"https:\/\/agora.xtec.cat\/ceipalbirka\/wp-json\/wp\/v2\/categories?post=9540"},{"taxonomy":"post_tag","embeddable":true,"href":"https:\/\/agora.xtec.cat\/ceipalbirka\/wp-json\/wp\/v2\/tags?post=9540"}],"curies":[{"name":"wp","href":"https:\/\/api.w.org\/{rel}","templated":true}]}}