{"id":9464,"date":"2023-06-28T10:05:35","date_gmt":"2023-06-28T08:05:35","guid":{"rendered":"https:\/\/agora.xtec.cat\/ceipalbirka\/?p=9464"},"modified":"2023-06-28T10:11:47","modified_gmt":"2023-06-28T08:11:47","slug":"fi-de-curs-a-lescola-albirka","status":"publish","type":"post","link":"https:\/\/agora.xtec.cat\/ceipalbirka\/general\/fi-de-curs-a-lescola-albirka\/","title":{"rendered":"FI DE CURS A L&#8217;ESCOLA ALBIRKA (JOCS)"},"content":{"rendered":"<p style=\"text-align: justify;\">L&#8217;\u00faltim dia d&#8217;escola, tots els alumnes vam poder gaudir d&#8217;un mat\u00ed ple de jocs a les dues zones d&#8217;esbarjo de l&#8217;escola.<\/p>\n<p style=\"text-align: justify;\">Des d&#8217;educaci\u00f3 f\u00edsica vam participar en la competici\u00f3: DOBLE BANDERA ALBIRKA CHAMPIONS LEAGUE!! En el que participaven alumnes de 2n fins a 6\u00e8!! Va ser molt emocionant!!!<\/p>\n<p style=\"text-align: justify;\">Despr\u00e9s d&#8217;esmorzar vam juga plegats!!! Anys anterior eren els anomenats jocs d&#8217;aigua, per\u00f2 enguany degut a la situaci\u00f3 en la que estem, vam canviar els jocs d&#8217;aigua per jocs cooperatius!!Va ser maco jugar petits i grans plegats, i molt divertit!!!<\/p>\n<p style=\"text-align: justify;\">MOLT BON ESTIU i FINS EL CURS VINENT ESCOLA ALBIRKA!!<\/p>\n<p style=\"text-align: justify;\">Cliqueu a la imatge per veure les fotografies!!!<\/p>\n<p><a href=\"https:\/\/agora.xtec.cat\/ceipalbirka\/general\/fotografies-fi-de-curs\/\"><img loading=\"lazy\" decoding=\"async\" class=\"aligncenter wp-image-9465\" src=\"https:\/\/agora.xtec.cat\/ceipalbirka\/wp-content\/uploads\/usu298\/2023\/06\/fi-de-curs-1.jpg\" alt=\"\" width=\"363\" height=\"218\" srcset=\"https:\/\/agora.xtec.cat\/ceipalbirka\/wp-content\/uploads\/usu298\/2023\/06\/fi-de-curs-1.jpg 640w, https:\/\/agora.xtec.cat\/ceipalbirka\/wp-content\/uploads\/usu298\/2023\/06\/fi-de-curs-1-300x180.jpg 300w\" sizes=\"auto, (max-width: 363px) 100vw, 363px\" \/><\/a><\/p>\n","protected":false},"excerpt":{"rendered":"<p>L&#8217;\u00faltim dia d&#8217;escola, tots els alumnes vam poder gaudir d&#8217;un mat\u00ed ple de jocs a les dues zones d&#8217;esbarjo de l&#8217;escola.<br \/>\nDes d&#8217;educaci\u00f3 f\u00edsica vam participar en la competici\u00f3: DOBLE BANDERA ALBIRKA CHAMPIONS LEAGUE!! En el que participaven alumnes de 2n fins a 6\u00e8!! Va ser&hellip;  <a href=\"https:\/\/agora.xtec.cat\/ceipalbirka\/general\/fi-de-curs-a-lescola-albirka\/\" title=\"Read FI DE CURS A L&#8217;ESCOLA ALBIRKA (JOCS)\">Llegeix m\u00e9s\u00bb<\/a><\/p>\n","protected":false},"author":4,"featured_media":9460,"comment_status":"closed","ping_status":"closed","sticky":false,"template":"","format":"standard","meta":{"_bbp_topic_count":0,"_bbp_reply_count":0,"_bbp_total_topic_count":0,"_bbp_total_reply_count":0,"_bbp_voice_count":0,"_bbp_anonymous_reply_count":0,"_bbp_topic_count_hidden":0,"_bbp_reply_count_hidden":0,"_bbp_forum_subforum_count":0,"footnotes":""},"categories":[21,10,12,14,40,41,35,1,37,4,75],"tags":[],"class_list":["post-9464","post","type-post","status-publish","format-standard","has-post-thumbnail","hentry","category-activitats-generals","category-cicle-inicial","category-cicle-mitja","category-cicle-superior","category-infantil","category-primaria","category-educacio-fisica","category-general","category-musica","category-portada","category-telegram"],"post_mailing_queue_ids":[],"_links":{"self":[{"href":"https:\/\/agora.xtec.cat\/ceipalbirka\/wp-json\/wp\/v2\/posts\/9464","targetHints":{"allow":["GET"]}}],"collection":[{"href":"https:\/\/agora.xtec.cat\/ceipalbirka\/wp-json\/wp\/v2\/posts"}],"about":[{"href":"https:\/\/agora.xtec.cat\/ceipalbirka\/wp-json\/wp\/v2\/types\/post"}],"author":[{"embeddable":true,"href":"https:\/\/agora.xtec.cat\/ceipalbirka\/wp-json\/wp\/v2\/users\/4"}],"replies":[{"embeddable":true,"href":"https:\/\/agora.xtec.cat\/ceipalbirka\/wp-json\/wp\/v2\/comments?post=9464"}],"version-history":[{"count":3,"href":"https:\/\/agora.xtec.cat\/ceipalbirka\/wp-json\/wp\/v2\/posts\/9464\/revisions"}],"predecessor-version":[{"id":9472,"href":"https:\/\/agora.xtec.cat\/ceipalbirka\/wp-json\/wp\/v2\/posts\/9464\/revisions\/9472"}],"wp:featuredmedia":[{"embeddable":true,"href":"https:\/\/agora.xtec.cat\/ceipalbirka\/wp-json\/wp\/v2\/media\/9460"}],"wp:attachment":[{"href":"https:\/\/agora.xtec.cat\/ceipalbirka\/wp-json\/wp\/v2\/media?parent=9464"}],"wp:term":[{"taxonomy":"category","embeddable":true,"href":"https:\/\/agora.xtec.cat\/ceipalbirka\/wp-json\/wp\/v2\/categories?post=9464"},{"taxonomy":"post_tag","embeddable":true,"href":"https:\/\/agora.xtec.cat\/ceipalbirka\/wp-json\/wp\/v2\/tags?post=9464"}],"curies":[{"name":"wp","href":"https:\/\/api.w.org\/{rel}","templated":true}]}}