{"id":9430,"date":"2023-06-23T12:11:08","date_gmt":"2023-06-23T10:11:08","guid":{"rendered":"https:\/\/agora.xtec.cat\/ceipalbirka\/?p=9430"},"modified":"2023-06-23T12:11:08","modified_gmt":"2023-06-23T10:11:08","slug":"contacontes-a-infantil","status":"publish","type":"post","link":"https:\/\/agora.xtec.cat\/ceipalbirka\/general\/contacontes-a-infantil\/","title":{"rendered":"CONTACONTES A INFANTIL"},"content":{"rendered":"<p style=\"text-align: justify;\">Un any m\u00e9s, la bibliotec\u00e0ria Amanda ens ha vingut a explicar uns contes la mar de bonics! Tamb\u00e9 ens va animar a participar a la biblio-cursa que s\u2019organitza a l\u2019estiu.<\/p>\n<p style=\"text-align: justify;\">Moltes gr\u00e0cies per la visita!!<\/p>\n<p>Cliqueu <a href=\"https:\/\/agora.xtec.cat\/ceipalbirka\/general\/contacontes-amanda-infantil\/\">AQU\u00cd<\/a> per veure les fotografies!!<\/p>\n","protected":false},"excerpt":{"rendered":"<p>Un any m\u00e9s, la bibliotec\u00e0ria Amanda ens ha vingut a explicar uns contes la mar de bonics! Tamb\u00e9 ens va animar a participar a la biblio-cursa que s\u2019organitza a l\u2019estiu.<br \/>\nMoltes gr\u00e0cies per la visita!!<br \/>\nCliqueu <a href=\"https:\/\/agora.xtec.cat\/ceipalbirka\/general\/contacontes-amanda-infantil\/\">AQU\u00cd<\/a> per veure les fotografies!!<\/p>\n","protected":false},"author":4,"featured_media":9431,"comment_status":"closed","ping_status":"closed","sticky":false,"template":"","format":"standard","meta":{"_bbp_topic_count":0,"_bbp_reply_count":0,"_bbp_total_topic_count":0,"_bbp_total_reply_count":0,"_bbp_voice_count":0,"_bbp_anonymous_reply_count":0,"_bbp_topic_count_hidden":0,"_bbp_reply_count_hidden":0,"_bbp_forum_subforum_count":0,"footnotes":""},"categories":[21,40,24,1,25,4,26,75],"tags":[],"class_list":["post-9430","post","type-post","status-publish","format-standard","has-post-thumbnail","hentry","category-activitats-generals","category-infantil","category-els-oficis","category-general","category-informacions","category-portada","category-raco-literari","category-telegram"],"post_mailing_queue_ids":[],"_links":{"self":[{"href":"https:\/\/agora.xtec.cat\/ceipalbirka\/wp-json\/wp\/v2\/posts\/9430","targetHints":{"allow":["GET"]}}],"collection":[{"href":"https:\/\/agora.xtec.cat\/ceipalbirka\/wp-json\/wp\/v2\/posts"}],"about":[{"href":"https:\/\/agora.xtec.cat\/ceipalbirka\/wp-json\/wp\/v2\/types\/post"}],"author":[{"embeddable":true,"href":"https:\/\/agora.xtec.cat\/ceipalbirka\/wp-json\/wp\/v2\/users\/4"}],"replies":[{"embeddable":true,"href":"https:\/\/agora.xtec.cat\/ceipalbirka\/wp-json\/wp\/v2\/comments?post=9430"}],"version-history":[{"count":1,"href":"https:\/\/agora.xtec.cat\/ceipalbirka\/wp-json\/wp\/v2\/posts\/9430\/revisions"}],"predecessor-version":[{"id":9432,"href":"https:\/\/agora.xtec.cat\/ceipalbirka\/wp-json\/wp\/v2\/posts\/9430\/revisions\/9432"}],"wp:featuredmedia":[{"embeddable":true,"href":"https:\/\/agora.xtec.cat\/ceipalbirka\/wp-json\/wp\/v2\/media\/9431"}],"wp:attachment":[{"href":"https:\/\/agora.xtec.cat\/ceipalbirka\/wp-json\/wp\/v2\/media?parent=9430"}],"wp:term":[{"taxonomy":"category","embeddable":true,"href":"https:\/\/agora.xtec.cat\/ceipalbirka\/wp-json\/wp\/v2\/categories?post=9430"},{"taxonomy":"post_tag","embeddable":true,"href":"https:\/\/agora.xtec.cat\/ceipalbirka\/wp-json\/wp\/v2\/tags?post=9430"}],"curies":[{"name":"wp","href":"https:\/\/api.w.org\/{rel}","templated":true}]}}