{"id":9365,"date":"2023-05-22T13:00:44","date_gmt":"2023-05-22T11:00:44","guid":{"rendered":"https:\/\/agora.xtec.cat\/ceipalbirka\/?p=9365"},"modified":"2023-05-22T13:00:44","modified_gmt":"2023-05-22T11:00:44","slug":"ens-visita-el-sergi-capdevila-cm-i-cs","status":"publish","type":"post","link":"https:\/\/agora.xtec.cat\/ceipalbirka\/general\/ens-visita-el-sergi-capdevila-cm-i-cs\/","title":{"rendered":"ENS VISITA EL SERGI CAPDEVILA! (CM i CS)"},"content":{"rendered":"<p style=\"text-align: justify;\">Aquestes \u00faltimes setmanes de curs, els nens i nenes de cicle mitj\u00e0 treballarem els carrers d\u2019Arbeca.<\/p>\n<p style=\"text-align: justify;\">Per comen\u00e7ar el projecte, va venir el Sergi Capdevila a presentar-nos el seu llibre \u201cArbeca desapareguda\u201d. Ens va deixar fullejar el llibre, i ens va explicar com han canviat alguns carrers i edificis d\u2019Arbeca amb el temps.<\/p>\n<p style=\"text-align: justify;\">A Cicle Superior tamb\u00e9 ens va fer una visita explicant-los la seva experi\u00e8ncia en la publicaci\u00f3 del seu primer llibre, les an\u00e8cdotes amb els padrins i padrines del poble quan feia el recull de fotografies i tamb\u00e9 el canvi del poble i la societat al llarg de tots aquests anys que t\u00e9 documentats en el llibre.<\/p>\n<p style=\"text-align: justify;\">Va ser molt interessant!!!<\/p>\n<p style=\"text-align: justify;\">Cliqueu <a href=\"https:\/\/agora.xtec.cat\/ceipalbirka\/general\/fotografies-visita-sergi-capdevila-cm-i-cs\/\">AQU\u00cd<\/a> per veure les fotografies!!<\/p>\n","protected":false},"excerpt":{"rendered":"<p>Aquestes \u00faltimes setmanes de curs, els nens i nenes de cicle mitj\u00e0 treballarem els carrers d\u2019Arbeca.<br \/>\nPer comen\u00e7ar el projecte, va venir el Sergi Capdevila a presentar-nos el seu llibre \u201cArbeca desapareguda\u201d. Ens va deixar fullejar el llibre, i ens va explicar com han canviat alguns&hellip;  <a href=\"https:\/\/agora.xtec.cat\/ceipalbirka\/general\/ens-visita-el-sergi-capdevila-cm-i-cs\/\" title=\"Read ENS VISITA EL SERGI CAPDEVILA! (CM i CS)\">Llegeix m\u00e9s\u00bb<\/a><\/p>\n","protected":false},"author":4,"featured_media":9367,"comment_status":"closed","ping_status":"closed","sticky":false,"template":"","format":"standard","meta":{"_bbp_topic_count":0,"_bbp_reply_count":0,"_bbp_total_topic_count":0,"_bbp_total_reply_count":0,"_bbp_voice_count":0,"_bbp_anonymous_reply_count":0,"_bbp_topic_count_hidden":0,"_bbp_reply_count_hidden":0,"_bbp_forum_subforum_count":0,"footnotes":""},"categories":[21,12,14,41,24,1,4,26,75],"tags":[],"class_list":["post-9365","post","type-post","status-publish","format-standard","has-post-thumbnail","hentry","category-activitats-generals","category-cicle-mitja","category-cicle-superior","category-primaria","category-els-oficis","category-general","category-portada","category-raco-literari","category-telegram"],"post_mailing_queue_ids":[],"_links":{"self":[{"href":"https:\/\/agora.xtec.cat\/ceipalbirka\/wp-json\/wp\/v2\/posts\/9365","targetHints":{"allow":["GET"]}}],"collection":[{"href":"https:\/\/agora.xtec.cat\/ceipalbirka\/wp-json\/wp\/v2\/posts"}],"about":[{"href":"https:\/\/agora.xtec.cat\/ceipalbirka\/wp-json\/wp\/v2\/types\/post"}],"author":[{"embeddable":true,"href":"https:\/\/agora.xtec.cat\/ceipalbirka\/wp-json\/wp\/v2\/users\/4"}],"replies":[{"embeddable":true,"href":"https:\/\/agora.xtec.cat\/ceipalbirka\/wp-json\/wp\/v2\/comments?post=9365"}],"version-history":[{"count":2,"href":"https:\/\/agora.xtec.cat\/ceipalbirka\/wp-json\/wp\/v2\/posts\/9365\/revisions"}],"predecessor-version":[{"id":9368,"href":"https:\/\/agora.xtec.cat\/ceipalbirka\/wp-json\/wp\/v2\/posts\/9365\/revisions\/9368"}],"wp:featuredmedia":[{"embeddable":true,"href":"https:\/\/agora.xtec.cat\/ceipalbirka\/wp-json\/wp\/v2\/media\/9367"}],"wp:attachment":[{"href":"https:\/\/agora.xtec.cat\/ceipalbirka\/wp-json\/wp\/v2\/media?parent=9365"}],"wp:term":[{"taxonomy":"category","embeddable":true,"href":"https:\/\/agora.xtec.cat\/ceipalbirka\/wp-json\/wp\/v2\/categories?post=9365"},{"taxonomy":"post_tag","embeddable":true,"href":"https:\/\/agora.xtec.cat\/ceipalbirka\/wp-json\/wp\/v2\/tags?post=9365"}],"curies":[{"name":"wp","href":"https:\/\/api.w.org\/{rel}","templated":true}]}}