{"id":9230,"date":"2023-04-12T10:46:33","date_gmt":"2023-04-12T08:46:33","guid":{"rendered":"https:\/\/agora.xtec.cat\/ceipalbirka\/?p=9230"},"modified":"2023-04-18T12:31:24","modified_gmt":"2023-04-18T10:31:24","slug":"setmana-cultural-educacio-infantil-2","status":"publish","type":"post","link":"https:\/\/agora.xtec.cat\/ceipalbirka\/general\/setmana-cultural-educacio-infantil-2\/","title":{"rendered":"SETMANA CULTURAL -Educaci\u00f3 Infantil-"},"content":{"rendered":"<p style=\"font-family: 'Open Sans', Arial, Helvetica, sans-serif; font-size: 16px; color: #444444;\">Hola fam\u00edlies!!! Us deixem tots els enlla\u00e7os per poder visualitzar les activitats que van fer els alumnes d&#8217;Educaci\u00f3 infantil durant la setmana cultural pr\u00e8via a Setmana Santa!!<\/p>\n<p style=\"font-family: 'Open Sans', Arial, Helvetica, sans-serif; font-size: 16px; color: #444444;\">Cliqueu <a href=\"https:\/\/agora.xtec.cat\/ceipalbirka\/general\/visita-escultura-escola-escales-moya-ei\/\">AQU\u00cd<\/a> per veure la visita que vam fer a l&#8217;Escultura &#8220;Escoles Escales&#8221;.<\/p>\n<p>Cliqueu <a href=\"https:\/\/agora.xtec.cat\/ceipalbirka\/general\/visita-exposicio-cooperativa-i-murals-ei\/\">AQU\u00cd<\/a> per veure la visita a l&#8217;exposici\u00f3 de la cooperativa i els seus murals.<\/p>\n<p>Cliqueu <a href=\"https:\/\/agora.xtec.cat\/ceipalbirka\/general\/visita-escultures-jardi-del-sr-motllo-i-mural-les-orenetes-ei\/\">AQU\u00cd<\/a> per veure la visita a les escultures del jard\u00ed del Sr. Motll\u00f3 i al mural de les orenetes.<\/p>\n<p>Cliqueu <a href=\"https:\/\/agora.xtec.cat\/ceipalbirka\/general\/taller-montse-pau-fem-un-collage-ei\/\">AQU\u00cd<\/a> per veure les fotografies del taller amb la Montse Pau.<\/p>\n<p>Cliqueu <a href=\"https:\/\/agora.xtec.cat\/ceipalbirka\/general\/taller-montse-mir-pintem-quadre-ei\/\">AQU\u00cd<\/a> per veure les fotografies del taller amb la Montse Mir<\/p>\n<p>Cliqueu <a href=\"https:\/\/agora.xtec.cat\/ceipalbirka\/general\/fem-cocs-pel-berenar-saludable-ei\/\">AQU\u00cd<\/a> per veure les fotografies de com vam elaborar cocs per al berenar saludable.<\/p>\n<p>Cliqueu <a href=\"https:\/\/agora.xtec.cat\/ceipalbirka\/general\/sortida-teatre-dangles-i-visita-a-la-biblioteca-de-borges-ei\/\">AQU\u00cd<\/a> per veure les imatges de la sortida al Teatre d&#8217;angl\u00e8s i la visita a la Biblioteca de Borges Blanques.<\/p>\n<p>Cliqueu <a href=\"https:\/\/agora.xtec.cat\/ceipalbirka\/general\/fem-escultures-amb-material-reciclat-ei\/\">AQU\u00cd<\/a> per veure com vam fer escultures amb material reciclat.<\/p>\n<p>Cliqueu <a href=\"https:\/\/agora.xtec.cat\/ceipalbirka\/general\/fem-la-mona-i-ens-la-mengem-ei\/\">AQU\u00cd<\/a> per veure com vam fer al mona de Pasqua.<\/p>\n<p>Cliqueu <a href=\"https:\/\/agora.xtec.cat\/ceipalbirka\/general\/busquem-ous-a-la-placa-bassa-de-loro-ei\/\">AQU\u00cd<\/a> per veure la visita a la pla\u00e7a de la Bassa de l&#8217;Oro.<\/p>\n<p>&nbsp;<\/p>\n","protected":false},"excerpt":{"rendered":"<p>Hola fam\u00edlies!!! Us deixem tots els enlla\u00e7os per poder visualitzar les activitats que van fer els alumnes d&#8217;Educaci\u00f3 infantil durant la setmana cultural pr\u00e8via a Setmana Santa!!<br \/>\nCliqueu <a href=\"https:\/\/agora.xtec.cat\/ceipalbirka\/general\/visita-escultura-escola-escales-moya-ei\/\">AQU\u00cd<\/a> per veure la visita que vam fer a l&#8217;Escultura &#8220;Escoles Escales&#8221;.<br \/>\nCliqueu <a href=\"https:\/\/agora.xtec.cat\/ceipalbirka\/general\/visita-exposicio-cooperativa-i-murals-ei\/\">AQU\u00cd<\/a> per veure la&hellip;  <a href=\"https:\/\/agora.xtec.cat\/ceipalbirka\/general\/setmana-cultural-educacio-infantil-2\/\" title=\"Read SETMANA CULTURAL -Educaci\u00f3 Infantil-\">Llegeix m\u00e9s\u00bb<\/a><\/p>\n","protected":false},"author":4,"featured_media":9231,"comment_status":"closed","ping_status":"closed","sticky":false,"template":"","format":"standard","meta":{"_bbp_topic_count":0,"_bbp_reply_count":0,"_bbp_total_topic_count":0,"_bbp_total_reply_count":0,"_bbp_voice_count":0,"_bbp_anonymous_reply_count":0,"_bbp_topic_count_hidden":0,"_bbp_reply_count_hidden":0,"_bbp_forum_subforum_count":0,"footnotes":""},"categories":[21,40,24,1,25,4,75],"tags":[],"class_list":["post-9230","post","type-post","status-publish","format-standard","has-post-thumbnail","hentry","category-activitats-generals","category-infantil","category-els-oficis","category-general","category-informacions","category-portada","category-telegram"],"post_mailing_queue_ids":[],"_links":{"self":[{"href":"https:\/\/agora.xtec.cat\/ceipalbirka\/wp-json\/wp\/v2\/posts\/9230","targetHints":{"allow":["GET"]}}],"collection":[{"href":"https:\/\/agora.xtec.cat\/ceipalbirka\/wp-json\/wp\/v2\/posts"}],"about":[{"href":"https:\/\/agora.xtec.cat\/ceipalbirka\/wp-json\/wp\/v2\/types\/post"}],"author":[{"embeddable":true,"href":"https:\/\/agora.xtec.cat\/ceipalbirka\/wp-json\/wp\/v2\/users\/4"}],"replies":[{"embeddable":true,"href":"https:\/\/agora.xtec.cat\/ceipalbirka\/wp-json\/wp\/v2\/comments?post=9230"}],"version-history":[{"count":2,"href":"https:\/\/agora.xtec.cat\/ceipalbirka\/wp-json\/wp\/v2\/posts\/9230\/revisions"}],"predecessor-version":[{"id":9234,"href":"https:\/\/agora.xtec.cat\/ceipalbirka\/wp-json\/wp\/v2\/posts\/9230\/revisions\/9234"}],"wp:featuredmedia":[{"embeddable":true,"href":"https:\/\/agora.xtec.cat\/ceipalbirka\/wp-json\/wp\/v2\/media\/9231"}],"wp:attachment":[{"href":"https:\/\/agora.xtec.cat\/ceipalbirka\/wp-json\/wp\/v2\/media?parent=9230"}],"wp:term":[{"taxonomy":"category","embeddable":true,"href":"https:\/\/agora.xtec.cat\/ceipalbirka\/wp-json\/wp\/v2\/categories?post=9230"},{"taxonomy":"post_tag","embeddable":true,"href":"https:\/\/agora.xtec.cat\/ceipalbirka\/wp-json\/wp\/v2\/tags?post=9230"}],"curies":[{"name":"wp","href":"https:\/\/api.w.org\/{rel}","templated":true}]}}