{"id":9207,"date":"2023-04-12T10:14:36","date_gmt":"2023-04-12T08:14:36","guid":{"rendered":"https:\/\/agora.xtec.cat\/ceipalbirka\/?p=9207"},"modified":"2023-04-12T10:14:36","modified_gmt":"2023-04-12T08:14:36","slug":"setmana-cultural-cicle-inicial-2","status":"publish","type":"post","link":"https:\/\/agora.xtec.cat\/ceipalbirka\/general\/setmana-cultural-cicle-inicial-2\/","title":{"rendered":"SETMANA CULTURAL -Cicle Inicial-"},"content":{"rendered":"<p>Hola fam\u00edlies!!! Us deixem tots els enlla\u00e7os per poder visualitzar les activitats que van fer els alumnes de Cicle inicial durant la setmana cultural pr\u00e8via a Setmana Santa!!<\/p>\n<p>Cliqueu <a href=\"https:\/\/agora.xtec.cat\/ceipalbirka\/general\/taller-amanda-ci\/\">AQU\u00cd<\/a> per veure les fotografies del Taller de l&#8217;Amanda.<\/p>\n<p>Cliqueu <a href=\"https:\/\/agora.xtec.cat\/ceipalbirka\/general\/taller-montse-pau-ci\/\">AQU\u00cd<\/a> per veure les fotografies del Taller de la Montse Pau.<\/p>\n<p>Cliqueu <a href=\"https:\/\/agora.xtec.cat\/ceipalbirka\/general\/berenar-saludable-ci\/\">AQU\u00cd<\/a> per veure el dia del berenar saludable.<\/p>\n<p>Cliqueu <a href=\"https:\/\/agora.xtec.cat\/ceipalbirka\/general\/ruta-artistica-ci\/\">AQU\u00cd<\/a> per veure les fotografies de la ruta art\u00edstica per Arbeca.<\/p>\n<p>Cliqueu <a href=\"https:\/\/agora.xtec.cat\/ceipalbirka\/general\/pintem-murals-al-pati-ci\/\">AQU\u00cd<\/a> per veure com pintem murals al pati.<\/p>\n<p>Cliqueu <a href=\"https:\/\/agora.xtec.cat\/ceipalbirka\/general\/taller-manuel-batalla-ci\/\">AQU\u00cd<\/a> per veure les fotografies del Taller del Manuel Batalla.<\/p>\n<p>Cliqueu <a href=\"https:\/\/agora.xtec.cat\/ceipalbirka\/general\/taller-maria-balcells-ci\/\">AQU\u00cd<\/a> per veure les fotografies del Taller de la Maria Balcells.<\/p>\n<p>Cliqueu <a href=\"https:\/\/agora.xtec.cat\/ceipalbirka\/general\/fem-la-mona-ci\/\">AQU\u00cd<\/a> per veure com vam elaborar les mones de l&#8217;\u00faltim dia abans de Setmana Santa.<\/p>\n<p>Cliqueu <a href=\"https:\/\/agora.xtec.cat\/ceipalbirka\/general\/visita-granja-perello-ci\/\">AQU\u00cd<\/a> per veure les fotografies de la visita a la &#8220;Granja Perell\u00f3&#8221;.<\/p>\n","protected":false},"excerpt":{"rendered":"<p>Hola fam\u00edlies!!! Us deixem tots els enlla\u00e7os per poder visualitzar les activitats que van fer els alumnes de Cicle inicial durant la setmana cultural pr\u00e8via a Setmana Santa!!<br \/>\nCliqueu <a href=\"https:\/\/agora.xtec.cat\/ceipalbirka\/general\/taller-amanda-ci\/\">AQU\u00cd<\/a> per veure les fotografies del Taller de l&#8217;Amanda.<br \/>\nCliqueu <a href=\"https:\/\/agora.xtec.cat\/ceipalbirka\/general\/taller-montse-pau-ci\/\">AQU\u00cd<\/a> per veure les fotografies del&hellip;  <a href=\"https:\/\/agora.xtec.cat\/ceipalbirka\/general\/setmana-cultural-cicle-inicial-2\/\" title=\"Read SETMANA CULTURAL -Cicle Inicial-\">Llegeix m\u00e9s\u00bb<\/a><\/p>\n","protected":false},"author":4,"featured_media":9208,"comment_status":"closed","ping_status":"closed","sticky":false,"template":"","format":"standard","meta":{"_bbp_topic_count":0,"_bbp_reply_count":0,"_bbp_total_topic_count":0,"_bbp_total_reply_count":0,"_bbp_voice_count":0,"_bbp_anonymous_reply_count":0,"_bbp_topic_count_hidden":0,"_bbp_reply_count_hidden":0,"_bbp_forum_subforum_count":0,"footnotes":""},"categories":[21,10,41,24,1,25,4,75],"tags":[],"class_list":["post-9207","post","type-post","status-publish","format-standard","has-post-thumbnail","hentry","category-activitats-generals","category-cicle-inicial","category-primaria","category-els-oficis","category-general","category-informacions","category-portada","category-telegram"],"post_mailing_queue_ids":[],"_links":{"self":[{"href":"https:\/\/agora.xtec.cat\/ceipalbirka\/wp-json\/wp\/v2\/posts\/9207","targetHints":{"allow":["GET"]}}],"collection":[{"href":"https:\/\/agora.xtec.cat\/ceipalbirka\/wp-json\/wp\/v2\/posts"}],"about":[{"href":"https:\/\/agora.xtec.cat\/ceipalbirka\/wp-json\/wp\/v2\/types\/post"}],"author":[{"embeddable":true,"href":"https:\/\/agora.xtec.cat\/ceipalbirka\/wp-json\/wp\/v2\/users\/4"}],"replies":[{"embeddable":true,"href":"https:\/\/agora.xtec.cat\/ceipalbirka\/wp-json\/wp\/v2\/comments?post=9207"}],"version-history":[{"count":1,"href":"https:\/\/agora.xtec.cat\/ceipalbirka\/wp-json\/wp\/v2\/posts\/9207\/revisions"}],"predecessor-version":[{"id":9209,"href":"https:\/\/agora.xtec.cat\/ceipalbirka\/wp-json\/wp\/v2\/posts\/9207\/revisions\/9209"}],"wp:featuredmedia":[{"embeddable":true,"href":"https:\/\/agora.xtec.cat\/ceipalbirka\/wp-json\/wp\/v2\/media\/9208"}],"wp:attachment":[{"href":"https:\/\/agora.xtec.cat\/ceipalbirka\/wp-json\/wp\/v2\/media?parent=9207"}],"wp:term":[{"taxonomy":"category","embeddable":true,"href":"https:\/\/agora.xtec.cat\/ceipalbirka\/wp-json\/wp\/v2\/categories?post=9207"},{"taxonomy":"post_tag","embeddable":true,"href":"https:\/\/agora.xtec.cat\/ceipalbirka\/wp-json\/wp\/v2\/tags?post=9207"}],"curies":[{"name":"wp","href":"https:\/\/api.w.org\/{rel}","templated":true}]}}