{"id":9181,"date":"2023-04-12T09:49:41","date_gmt":"2023-04-12T07:49:41","guid":{"rendered":"https:\/\/agora.xtec.cat\/ceipalbirka\/?p=9181"},"modified":"2023-04-12T09:51:36","modified_gmt":"2023-04-12T07:51:36","slug":"setmana-cultural-cicle-mitja-2","status":"publish","type":"post","link":"https:\/\/agora.xtec.cat\/ceipalbirka\/general\/setmana-cultural-cicle-mitja-2\/","title":{"rendered":"SETMANA CULTURAL -Cicle Mitj\u00e0-"},"content":{"rendered":"<p>Hola fam\u00edlies!!! Us deixem tots els enlla\u00e7os per poder visualitzar les activitats que van fer els alumnes de Cicle mitj\u00e0 durant la setmana cultural pr\u00e8via a Setmana Santa!!<\/p>\n<p>Cliqueu <a href=\"https:\/\/agora.xtec.cat\/ceipalbirka\/general\/sortida-vilars-cm\/\">AQU\u00cd<\/a> per veure la Sortida als Vilars d&#8217;Arbeca.<\/p>\n<p>Cliqueu <a href=\"https:\/\/agora.xtec.cat\/ceipalbirka\/general\/taller-jordi-frutos-cm\/\">AQU\u00cd<\/a> per veure el Taller del Jordi Frutos.<\/p>\n<p>Cliqueu <a href=\"https:\/\/agora.xtec.cat\/ceipalbirka\/general\/taller-montse-mir-cm\/\">AQU\u00cd<\/a> per veure el taller de la Montse Mir.<\/p>\n<p>Cliqueu <a href=\"https:\/\/agora.xtec.cat\/ceipalbirka\/general\/berenar-saludable-cm\/\">AQU\u00cd<\/a> per veure el dia del berenar saludable.<\/p>\n<p>Cliqueu <a href=\"https:\/\/agora.xtec.cat\/ceipalbirka\/general\/altres-tallers-artistics-cm\/\">AQU\u00cd<\/a> per veure altres tallers art\u00edstics que vam realitzar amb la X\u00e8nia Roset, Maria Balcells, Manuel Batalla i Isidre Fontanet.<\/p>\n<p>Cliqueu <a href=\"https:\/\/agora.xtec.cat\/ceipalbirka\/general\/caminada-sta-caterina-cm\/\">AQU\u00cd<\/a> per veure la Caminada a Santa Caterina.<\/p>\n<p>Cliqueu <a href=\"https:\/\/agora.xtec.cat\/ceipalbirka\/general\/fem-la-mona-cm\/\">AQU\u00cd<\/a> per veure com vam preparar mones de Pasqua.<\/p>\n","protected":false},"excerpt":{"rendered":"<p>Hola fam\u00edlies!!! Us deixem tots els enlla\u00e7os per poder visualitzar les activitats que van fer els alumnes de Cicle mitj\u00e0 durant la setmana cultural pr\u00e8via a Setmana Santa!!<br \/>\nCliqueu <a href=\"https:\/\/agora.xtec.cat\/ceipalbirka\/general\/sortida-vilars-cm\/\">AQU\u00cd<\/a> per veure la Sortida als Vilars d&#8217;Arbeca.<br \/>\nCliqueu <a href=\"https:\/\/agora.xtec.cat\/ceipalbirka\/general\/taller-jordi-frutos-cm\/\">AQU\u00cd<\/a> per veure el Taller del Jordi&hellip;  <a href=\"https:\/\/agora.xtec.cat\/ceipalbirka\/general\/setmana-cultural-cicle-mitja-2\/\" title=\"Read SETMANA CULTURAL -Cicle Mitj\u00e0-\">Llegeix m\u00e9s\u00bb<\/a><\/p>\n","protected":false},"author":4,"featured_media":9185,"comment_status":"closed","ping_status":"closed","sticky":false,"template":"","format":"standard","meta":{"_bbp_topic_count":0,"_bbp_reply_count":0,"_bbp_total_topic_count":0,"_bbp_total_reply_count":0,"_bbp_voice_count":0,"_bbp_anonymous_reply_count":0,"_bbp_topic_count_hidden":0,"_bbp_reply_count_hidden":0,"_bbp_forum_subforum_count":0,"footnotes":""},"categories":[21,12,41,24,1,25,4,75],"tags":[],"class_list":["post-9181","post","type-post","status-publish","format-standard","has-post-thumbnail","hentry","category-activitats-generals","category-cicle-mitja","category-primaria","category-els-oficis","category-general","category-informacions","category-portada","category-telegram"],"post_mailing_queue_ids":[],"_links":{"self":[{"href":"https:\/\/agora.xtec.cat\/ceipalbirka\/wp-json\/wp\/v2\/posts\/9181","targetHints":{"allow":["GET"]}}],"collection":[{"href":"https:\/\/agora.xtec.cat\/ceipalbirka\/wp-json\/wp\/v2\/posts"}],"about":[{"href":"https:\/\/agora.xtec.cat\/ceipalbirka\/wp-json\/wp\/v2\/types\/post"}],"author":[{"embeddable":true,"href":"https:\/\/agora.xtec.cat\/ceipalbirka\/wp-json\/wp\/v2\/users\/4"}],"replies":[{"embeddable":true,"href":"https:\/\/agora.xtec.cat\/ceipalbirka\/wp-json\/wp\/v2\/comments?post=9181"}],"version-history":[{"count":3,"href":"https:\/\/agora.xtec.cat\/ceipalbirka\/wp-json\/wp\/v2\/posts\/9181\/revisions"}],"predecessor-version":[{"id":9188,"href":"https:\/\/agora.xtec.cat\/ceipalbirka\/wp-json\/wp\/v2\/posts\/9181\/revisions\/9188"}],"wp:featuredmedia":[{"embeddable":true,"href":"https:\/\/agora.xtec.cat\/ceipalbirka\/wp-json\/wp\/v2\/media\/9185"}],"wp:attachment":[{"href":"https:\/\/agora.xtec.cat\/ceipalbirka\/wp-json\/wp\/v2\/media?parent=9181"}],"wp:term":[{"taxonomy":"category","embeddable":true,"href":"https:\/\/agora.xtec.cat\/ceipalbirka\/wp-json\/wp\/v2\/categories?post=9181"},{"taxonomy":"post_tag","embeddable":true,"href":"https:\/\/agora.xtec.cat\/ceipalbirka\/wp-json\/wp\/v2\/tags?post=9181"}],"curies":[{"name":"wp","href":"https:\/\/api.w.org\/{rel}","templated":true}]}}