{"id":9113,"date":"2023-03-06T09:30:17","date_gmt":"2023-03-06T08:30:17","guid":{"rendered":"https:\/\/agora.xtec.cat\/ceipalbirka\/?p=9113"},"modified":"2023-03-06T09:30:17","modified_gmt":"2023-03-06T08:30:17","slug":"carnaval-ed-infantil","status":"publish","type":"post","link":"https:\/\/agora.xtec.cat\/ceipalbirka\/general\/carnaval-ed-infantil\/","title":{"rendered":"CARNAVAL (ED. INFANTIL)"},"content":{"rendered":"<p style=\"text-align: justify;\">L\u2019alumnat d\u2019educaci\u00f3 infantil hem donat el tret de sortida al Carnaval, celebrant el Dijous Gras. Per esmorzar, hem tastat la botifarra d\u2019ou. Mmm&#8230; que bona!<\/p>\n<p style=\"text-align: justify;\">Durant la setmana hem treballat per racons relacionats amb el Carnaval i hem fet les ordres que ens ha manat el Rei Carnestoltes.<\/p>\n<p style=\"text-align: justify;\">El dimarts de Carnaval, al mat\u00ed, hem anat a pintar uns murals col\u00b7lectius fets per tot l\u2019alumnat de l\u2019escola. A la tarda, hem gaudit molt amb la Gran Desfilada Carnavalesca.<\/p>\n<p style=\"text-align: justify;\">Despr\u00e9s de tanta disbauxa i un cop acabat el Carnaval, el divendres ens ha arribat la Vella Quaresma, una velleta de set cames, i amb ella hem apr\u00e8s la seva can\u00e7\u00f3.<\/p>\n<p>Fes CLICK a la imatge per veure totes les fotografies!!<\/p>\n<p><a href=\"https:\/\/agora.xtec.cat\/ceipalbirka\/general\/fotografies-carnaval-ei\/\"><img loading=\"lazy\" decoding=\"async\" class=\"aligncenter wp-image-9115\" src=\"https:\/\/agora.xtec.cat\/ceipalbirka\/wp-content\/uploads\/usu298\/2023\/03\/20190114114910qJwz0.jpg\" alt=\"\" width=\"189\" height=\"189\" srcset=\"https:\/\/agora.xtec.cat\/ceipalbirka\/wp-content\/uploads\/usu298\/2023\/03\/20190114114910qJwz0.jpg 1000w, https:\/\/agora.xtec.cat\/ceipalbirka\/wp-content\/uploads\/usu298\/2023\/03\/20190114114910qJwz0-300x300.jpg 300w, https:\/\/agora.xtec.cat\/ceipalbirka\/wp-content\/uploads\/usu298\/2023\/03\/20190114114910qJwz0-150x150.jpg 150w, https:\/\/agora.xtec.cat\/ceipalbirka\/wp-content\/uploads\/usu298\/2023\/03\/20190114114910qJwz0-768x768.jpg 768w\" sizes=\"auto, (max-width: 189px) 100vw, 189px\" \/><\/a><\/p>\n","protected":false},"excerpt":{"rendered":"<p>L\u2019alumnat d\u2019educaci\u00f3 infantil hem donat el tret de sortida al Carnaval, celebrant el Dijous Gras. Per esmorzar, hem tastat la botifarra d\u2019ou. Mmm&#8230; que bona!<br \/>\nDurant la setmana hem treballat per racons relacionats amb el Carnaval i hem fet les ordres que ens ha manat el&hellip;  <a href=\"https:\/\/agora.xtec.cat\/ceipalbirka\/general\/carnaval-ed-infantil\/\" title=\"Read CARNAVAL (ED. INFANTIL)\">Llegeix m\u00e9s\u00bb<\/a><\/p>\n","protected":false},"author":4,"featured_media":9114,"comment_status":"closed","ping_status":"closed","sticky":false,"template":"","format":"standard","meta":{"_bbp_topic_count":0,"_bbp_reply_count":0,"_bbp_total_topic_count":0,"_bbp_total_reply_count":0,"_bbp_voice_count":0,"_bbp_anonymous_reply_count":0,"_bbp_topic_count_hidden":0,"_bbp_reply_count_hidden":0,"_bbp_forum_subforum_count":0,"footnotes":""},"categories":[21,40,1,25,4,75],"tags":[],"class_list":["post-9113","post","type-post","status-publish","format-standard","has-post-thumbnail","hentry","category-activitats-generals","category-infantil","category-general","category-informacions","category-portada","category-telegram"],"post_mailing_queue_ids":[],"_links":{"self":[{"href":"https:\/\/agora.xtec.cat\/ceipalbirka\/wp-json\/wp\/v2\/posts\/9113","targetHints":{"allow":["GET"]}}],"collection":[{"href":"https:\/\/agora.xtec.cat\/ceipalbirka\/wp-json\/wp\/v2\/posts"}],"about":[{"href":"https:\/\/agora.xtec.cat\/ceipalbirka\/wp-json\/wp\/v2\/types\/post"}],"author":[{"embeddable":true,"href":"https:\/\/agora.xtec.cat\/ceipalbirka\/wp-json\/wp\/v2\/users\/4"}],"replies":[{"embeddable":true,"href":"https:\/\/agora.xtec.cat\/ceipalbirka\/wp-json\/wp\/v2\/comments?post=9113"}],"version-history":[{"count":2,"href":"https:\/\/agora.xtec.cat\/ceipalbirka\/wp-json\/wp\/v2\/posts\/9113\/revisions"}],"predecessor-version":[{"id":9119,"href":"https:\/\/agora.xtec.cat\/ceipalbirka\/wp-json\/wp\/v2\/posts\/9113\/revisions\/9119"}],"wp:featuredmedia":[{"embeddable":true,"href":"https:\/\/agora.xtec.cat\/ceipalbirka\/wp-json\/wp\/v2\/media\/9114"}],"wp:attachment":[{"href":"https:\/\/agora.xtec.cat\/ceipalbirka\/wp-json\/wp\/v2\/media?parent=9113"}],"wp:term":[{"taxonomy":"category","embeddable":true,"href":"https:\/\/agora.xtec.cat\/ceipalbirka\/wp-json\/wp\/v2\/categories?post=9113"},{"taxonomy":"post_tag","embeddable":true,"href":"https:\/\/agora.xtec.cat\/ceipalbirka\/wp-json\/wp\/v2\/tags?post=9113"}],"curies":[{"name":"wp","href":"https:\/\/api.w.org\/{rel}","templated":true}]}}