{"id":9073,"date":"2023-02-02T13:15:10","date_gmt":"2023-02-02T12:15:10","guid":{"rendered":"https:\/\/agora.xtec.cat\/ceipalbirka\/?p=9073"},"modified":"2023-02-02T13:15:10","modified_gmt":"2023-02-02T12:15:10","slug":"visita-al-liceu-de-barcelona-ci","status":"publish","type":"post","link":"https:\/\/agora.xtec.cat\/ceipalbirka\/general\/visita-al-liceu-de-barcelona-ci\/","title":{"rendered":"VISITA AL LICEU DE BARCELONA! -CI-"},"content":{"rendered":"<p style=\"text-align: justify;\">El passat 18 de gener els alumnes de Cicle Inicial, juntament amb els de Mitj\u00e0 i Superior, vam anar a Barcelona a veure l&#8217;\u00f2pera &#8220;La cuina de Rossini&#8221; al Gran Teatre del Liceu! L&#8217;obra ens va agradar molt, i despr\u00e9s de dinar a la Pla\u00e7a Reial tots els alumnes de l&#8217;escola, els de primer i segon vam anar a fer un taller a les instal\u00b7lacions del Liceu de &#8220;<em>coreografia i caracteritzaci\u00f3<\/em>&#8221; que va ser molt divertit.<\/p>\n<p style=\"text-align: justify;\">Si voleu veure les fotografies, feu click a la imatge!!<\/p>\n<p><a href=\"https:\/\/agora.xtec.cat\/ceipalbirka\/general\/sortida-liceu-ci\/\"><img loading=\"lazy\" decoding=\"async\" class=\"aligncenter  wp-image-9059\" src=\"https:\/\/agora.xtec.cat\/ceipalbirka\/wp-content\/uploads\/usu298\/2023\/02\/c20a0343-a9a3-4314-a62b-74e83d8bf9cf-1024x576.png\" alt=\"\" width=\"169\" height=\"95\" srcset=\"https:\/\/agora.xtec.cat\/ceipalbirka\/wp-content\/uploads\/usu298\/2023\/02\/c20a0343-a9a3-4314-a62b-74e83d8bf9cf-1024x576.png 1024w, https:\/\/agora.xtec.cat\/ceipalbirka\/wp-content\/uploads\/usu298\/2023\/02\/c20a0343-a9a3-4314-a62b-74e83d8bf9cf-300x169.png 300w, https:\/\/agora.xtec.cat\/ceipalbirka\/wp-content\/uploads\/usu298\/2023\/02\/c20a0343-a9a3-4314-a62b-74e83d8bf9cf-768x432.png 768w, https:\/\/agora.xtec.cat\/ceipalbirka\/wp-content\/uploads\/usu298\/2023\/02\/c20a0343-a9a3-4314-a62b-74e83d8bf9cf.png 1267w\" sizes=\"auto, (max-width: 169px) 100vw, 169px\" \/><\/a><\/p>\n","protected":false},"excerpt":{"rendered":"<p>El passat 18 de gener els alumnes de Cicle Inicial, juntament amb els de Mitj\u00e0 i Superior, vam anar a Barcelona a veure l&#8217;\u00f2pera &#8220;La cuina de Rossini&#8221; al Gran Teatre del Liceu! L&#8217;obra ens va agradar molt, i despr\u00e9s de dinar a la Pla\u00e7a&hellip;  <a href=\"https:\/\/agora.xtec.cat\/ceipalbirka\/general\/visita-al-liceu-de-barcelona-ci\/\" title=\"Read VISITA AL LICEU DE BARCELONA! -CI-\">Llegeix m\u00e9s\u00bb<\/a><\/p>\n","protected":false},"author":4,"featured_media":9074,"comment_status":"closed","ping_status":"closed","sticky":false,"template":"","format":"standard","meta":{"_bbp_topic_count":0,"_bbp_reply_count":0,"_bbp_total_topic_count":0,"_bbp_total_reply_count":0,"_bbp_voice_count":0,"_bbp_anonymous_reply_count":0,"_bbp_topic_count_hidden":0,"_bbp_reply_count_hidden":0,"_bbp_forum_subforum_count":0,"footnotes":""},"categories":[21,10,41,1,37,4,75],"tags":[],"class_list":["post-9073","post","type-post","status-publish","format-standard","has-post-thumbnail","hentry","category-activitats-generals","category-cicle-inicial","category-primaria","category-general","category-musica","category-portada","category-telegram"],"post_mailing_queue_ids":[],"_links":{"self":[{"href":"https:\/\/agora.xtec.cat\/ceipalbirka\/wp-json\/wp\/v2\/posts\/9073","targetHints":{"allow":["GET"]}}],"collection":[{"href":"https:\/\/agora.xtec.cat\/ceipalbirka\/wp-json\/wp\/v2\/posts"}],"about":[{"href":"https:\/\/agora.xtec.cat\/ceipalbirka\/wp-json\/wp\/v2\/types\/post"}],"author":[{"embeddable":true,"href":"https:\/\/agora.xtec.cat\/ceipalbirka\/wp-json\/wp\/v2\/users\/4"}],"replies":[{"embeddable":true,"href":"https:\/\/agora.xtec.cat\/ceipalbirka\/wp-json\/wp\/v2\/comments?post=9073"}],"version-history":[{"count":1,"href":"https:\/\/agora.xtec.cat\/ceipalbirka\/wp-json\/wp\/v2\/posts\/9073\/revisions"}],"predecessor-version":[{"id":9075,"href":"https:\/\/agora.xtec.cat\/ceipalbirka\/wp-json\/wp\/v2\/posts\/9073\/revisions\/9075"}],"wp:featuredmedia":[{"embeddable":true,"href":"https:\/\/agora.xtec.cat\/ceipalbirka\/wp-json\/wp\/v2\/media\/9074"}],"wp:attachment":[{"href":"https:\/\/agora.xtec.cat\/ceipalbirka\/wp-json\/wp\/v2\/media?parent=9073"}],"wp:term":[{"taxonomy":"category","embeddable":true,"href":"https:\/\/agora.xtec.cat\/ceipalbirka\/wp-json\/wp\/v2\/categories?post=9073"},{"taxonomy":"post_tag","embeddable":true,"href":"https:\/\/agora.xtec.cat\/ceipalbirka\/wp-json\/wp\/v2\/tags?post=9073"}],"curies":[{"name":"wp","href":"https:\/\/api.w.org\/{rel}","templated":true}]}}